{"id":157887,"date":"2020-04-03T14:58:24","date_gmt":"2020-04-03T17:58:24","guid":{"rendered":"https:\/\/diarioregionaldigital.com.br\/?p=157887"},"modified":"2020-04-03T14:59:48","modified_gmt":"2020-04-03T17:59:48","slug":"mp-destina-r-9-bilhoes-ao-ministerio-da-saude-para-enfrentamento-da-covid-19","status":"publish","type":"post","link":"https:\/\/diarioregionaldigital.com.br\/?p=157887","title":{"rendered":"MP destina R$ 9 bilh\u00f5es ao Minist\u00e9rio da Sa\u00fade para enfrentamento da covid-19"},"content":{"rendered":"<p>Uma edi\u00e7\u00e3o extra do <em>Di\u00e1rio Oficial da Uni\u00e3o (DOU)<\/em> trouxe a publica\u00e7\u00e3o da Medida Provis\u00f3ria 940\/2020, que libera R$ 9,4 bilh\u00f5es para o Minist\u00e9rio da Sa\u00fade. O dinheiro dever\u00e1 ser aplicado no enfrentamento da emerg\u00eancia de sa\u00fade p\u00fablica decorrente do coronav\u00edrus, sendo repartido entre a Funda\u00e7\u00e3o Oswaldo Cruz (Fiocruz), que receber\u00e1 cerca de R$ 457,3 milh\u00f5es, e o Fundo Nacional de Sa\u00fade (FNS), para onde devem ir os R$ 8,9 bilh\u00f5es restantes.<\/p>\n<p>A medida \u00e9 uma das cinco anunciadas pelo governo federal para garantir o aporte de recursos para o tratamento de covid-19 no pa\u00eds. Os atos liberam refor\u00e7o de verba para estados, Distrito Federal e munic\u00edpios e tamb\u00e9m para outros minist\u00e9rios: da Educa\u00e7\u00e3o, da Cidadania, da Justi\u00e7a e Seguran\u00e7a P\u00fablica e da Mulher, da Fam\u00edlia e dos Direitos Humanos.<\/p>\n<p><strong>Tramita\u00e7\u00e3o simplificada<\/strong><\/p>\n<p>O Senado e C\u00e2mara dos Deputados aprovaram um novo rito para simplificar a tramita\u00e7\u00e3o das medidas provis\u00f3rias (MPs) durante a pandemia do coronav\u00edrus. O ato conjunto assinado pelas Mesas das duas Casas reduz de 120 para 16 dias o prazo de validade das mat\u00e9rias, dispensa a aprecia\u00e7\u00e3o por comiss\u00f5es mistas e prev\u00ea a vota\u00e7\u00e3o em sess\u00f5es remotas dos Plen\u00e1rios. A regra vale para as MPs editadas durante a vig\u00eancia do estado de emerg\u00eancia e que ainda n\u00e3o tenham parecer aprovado em comiss\u00e3o mista.<\/p>\n<p>Segundo o calend\u00e1rio da MP 940\/2020, emendas podem ser apresentadas pelos parlamentares at\u00e9 esta segunda-feira (6).<\/p>\n<p>&nbsp;<\/p>\n<p><strong>Fonte:\u00a0<\/strong>Ag\u00eancia Brasil<\/p>\n","protected":false},"excerpt":{"rendered":"<p>Uma edi\u00e7\u00e3o extra do Di\u00e1rio Oficial da Uni\u00e3o (DOU) trouxe a publica\u00e7\u00e3o da Medida Provis\u00f3ria 940\/2020, que libera R$ 9,4 bilh\u00f5es para o Minist\u00e9rio da Sa\u00fade. O dinheiro dever\u00e1 ser aplicado no enfrentamento da emerg\u00eancia de sa\u00fade p\u00fablica decorrente do coronav\u00edrus, sendo repartido entre a Funda\u00e7\u00e3o Oswaldo Cruz (Fiocruz), que receber\u00e1 cerca de R$ 457,3 [&hellip;]<\/p>\n","protected":false},"author":96,"featured_media":157429,"comment_status":"closed","ping_status":"closed","sticky":false,"template":"","format":"standard","meta":{"footnotes":""},"categories":[436,440,254,439],"tags":[],"class_list":["post-157887","post","type-post","status-publish","format-standard","has-post-thumbnail","hentry","category-destaque-da-semana","category-destaques-do-dia","category-politica","category-ultima-hora"],"_links":{"self":[{"href":"https:\/\/diarioregionaldigital.com.br\/index.php?rest_route=\/wp\/v2\/posts\/157887","targetHints":{"allow":["GET"]}}],"collection":[{"href":"https:\/\/diarioregionaldigital.com.br\/index.php?rest_route=\/wp\/v2\/posts"}],"about":[{"href":"https:\/\/diarioregionaldigital.com.br\/index.php?rest_route=\/wp\/v2\/types\/post"}],"author":[{"embeddable":true,"href":"https:\/\/diarioregionaldigital.com.br\/index.php?rest_route=\/wp\/v2\/users\/96"}],"replies":[{"embeddable":true,"href":"https:\/\/diarioregionaldigital.com.br\/index.php?rest_route=%2Fwp%2Fv2%2Fcomments&post=157887"}],"version-history":[{"count":0,"href":"https:\/\/diarioregionaldigital.com.br\/index.php?rest_route=\/wp\/v2\/posts\/157887\/revisions"}],"wp:featuredmedia":[{"embeddable":true,"href":"https:\/\/diarioregionaldigital.com.br\/index.php?rest_route=\/wp\/v2\/media\/157429"}],"wp:attachment":[{"href":"https:\/\/diarioregionaldigital.com.br\/index.php?rest_route=%2Fwp%2Fv2%2Fmedia&parent=157887"}],"wp:term":[{"taxonomy":"category","embeddable":true,"href":"https:\/\/diarioregionaldigital.com.br\/index.php?rest_route=%2Fwp%2Fv2%2Fcategories&post=157887"},{"taxonomy":"post_tag","embeddable":true,"href":"https:\/\/diarioregionaldigital.com.br\/index.php?rest_route=%2Fwp%2Fv2%2Ftags&post=157887"}],"curies":[{"name":"wp","href":"https:\/\/api.w.org\/{rel}","templated":true}]}}