{"id":157884,"date":"2020-04-03T14:55:39","date_gmt":"2020-04-03T17:55:39","guid":{"rendered":"https:\/\/diarioregionaldigital.com.br\/?p=157884"},"modified":"2020-04-03T15:00:32","modified_gmt":"2020-04-03T18:00:32","slug":"auxilio-emergencial-e-publicado-e-governo-abre-credito-de-r-98-bi","status":"publish","type":"post","link":"https:\/\/diarioregionaldigital.com.br\/?p=157884","title":{"rendered":"Aux\u00edlio emergencial \u00e9 publicado e governo abre cr\u00e9dito de R$ 98 bi"},"content":{"rendered":"<p>Foi publicada, em edi\u00e7\u00e3o extra do <em>Di\u00e1rio Oficial da Uni\u00e3o<\/em>, a lei que prev\u00ea o pagamento de uma renda b\u00e1sica emergencial no valor R$ 600 a trabalhadores informais, aut\u00f4nomos e sem renda fixa, durante a crise provocada pela pandemia do novo coronav\u00edrus. O texto foi sancionado pelo presidente Jair Bolsonaro com tr\u00eas vetos, mas nenhum altera o valor ou os crit\u00e9rios para participa\u00e7\u00e3o no programa.<\/p>\n<p>Tamb\u00e9m foi publicada no <em>Di\u00e1rio Oficial<\/em> a medida provis\u00f3ria (MP) que abre um cr\u00e9dito extraordin\u00e1rio de R$ 98,2 bilh\u00f5es para financiar o programa. Os recursos ser\u00e3o repassados ao Minist\u00e9rio da Cidadania, respons\u00e1vel pela implementa\u00e7\u00e3o da medida. A expectativa do governo \u00e9 que o aux\u00edlio emergencial atenda a cerca de 54 milh\u00f5es de pessoas.<\/p>\n<p>O pagamento do benef\u00edcio ser\u00e1 feito ao longo de tr\u00eas meses (tr\u00eas parcelas), com operacionaliza\u00e7\u00e3o final pelas redes dos bancos p\u00fablicos federais: Caixa Econ\u00f4mica Federal, Banco do Brasil (BB), Banco da Amaz\u00f4nia (Basa) e Banco do Nordeste (BNB), al\u00e9m de casas lot\u00e9ricas, ap\u00f3s o cruzamento de dados para definir quem tem direito ao benef\u00edcio. O recebimento do aux\u00edlio emergencial est\u00e1 limitado a dois membros da mesma fam\u00edlia.<\/p>\n<p>Pelas regras em vigor da nova lei, ter\u00e3o direito a receber a renda b\u00e1sica as pessoas que atendam, de forma conjunta, aos seguintes crit\u00e9rios:<\/p>\n<p>&#8211; Ser maior de 18 anos de idade;<\/p>\n<p>&#8211; N\u00e3o ter emprego formal ativo;<\/p>\n<p>&#8211; N\u00e3o seja titular de benef\u00edcio previdenci\u00e1rio ou assistencial, de seguro-desemprego ou de programa de transfer\u00eancia de renda federal, com exce\u00e7\u00e3o do Bolsa Fam\u00edlia;<\/p>\n<p>&#8211; Ter renda familiar mensal <em>per capita<\/em> de at\u00e9 meio sal\u00e1rio m\u00ednimo ou a renda familiar mensal total seja de at\u00e9 tr\u00eas sal\u00e1rios m\u00ednimos;<\/p>\n<p>&#8211; N\u00e3o ter recebido rendimentos tribut\u00e1veis acima de R$ 28.559,70.<\/p>\n<p>Al\u00e9m disso, o benefici\u00e1rio tem que se encaixar em um dos tr\u00eas perfis:<\/p>\n<p>&#8211; Ser microempreendedor individual (MEI);<\/p>\n<p>&#8211; Ser contribuinte individual do INSS (Instututo Nacional do Seguro Social);<\/p>\n<p>&#8211; Ser trabalhador informal, aut\u00f4nomo ou desempregado, de qualquer natureza, inclusive o intermitente inativo, inscrito no Cadastro \u00danico para Programas Sociais do Governo Federal (Cad\u00danico) at\u00e9 20 de mar\u00e7o de 2020 ou que cumpra, nos termos de autodeclara\u00e7\u00e3o, o requisito de renda mensal <em>per capita<\/em> de at\u00e9 meio sal\u00e1rios m\u00edimo ou renda familiar mensal de at\u00e9 tr\u00eas sal\u00e1rios m\u00ednimos.<\/p>\n<p>O aux\u00edlio emergencial, segundo a lei, vai substituir o benef\u00edcio do Bolsa Fam\u00edlia nas situa\u00e7\u00f5es em que for mais vantajoso, de forma autom\u00e1tica. A mulher provedora em uma fam\u00edlia monoparental, ou seja, sem a presen\u00e7a de um pai, receber\u00e1 duas cotas do aux\u00edlio de R$ 600.<\/p>\n<p><strong>Vetos<\/strong><\/p>\n<p>O presidente Jair Bolsonaro decidiu vetar tr\u00eas pontos da proposta. Um deles permitia o cancelamento do aux\u00edlio antes do prazo de tr\u00eas meses para quem deixasse de atender aos pr\u00e9-requisitos. Para o governo, tal medida contraria o interesse p\u00fablico e geraria o trabalho invi\u00e1vel de conferir, m\u00eas a m\u00eas, cada benef\u00edcio pago.<\/p>\n<p>Tamb\u00e9m foi vetada uma restri\u00e7\u00e3o \u00e0s contas banc\u00e1rias que ser\u00e3o criadas para o recebimento do aux\u00edlio. Elas s\u00f3 poderiam ser usadas para o dep\u00f3sito de benef\u00edcios sociais. O Executivo entendeu que essa regra limitaria a liberdade dos benefici\u00e1rios.<\/p>\n<p>Um terceiro veto diz respeito \u00e0 amplia\u00e7\u00e3o do Benef\u00edcio de Presta\u00e7\u00e3o Continuada (BPC), cujo crit\u00e9rio de renda passaria para 50% do sal\u00e1rio m\u00ednimo \u2013 uma expans\u00e3o da base de aferi\u00e7\u00e3o. A equipe econ\u00f4mica manifestou preocupa\u00e7\u00e3o com o impacto nas contas p\u00fablicas. Essa expans\u00e3o, por\u00e9m, j\u00e1 est\u00e1 programada para 2020, de acordo com a Lei 13.981.<\/p>\n<p>&nbsp;<\/p>\n<p><strong>Fonte:<\/strong>\u00a0Ag\u00eancia Brasil<\/p>\n","protected":false},"excerpt":{"rendered":"<p>Foi publicada, em edi\u00e7\u00e3o extra do Di\u00e1rio Oficial da Uni\u00e3o, a lei que prev\u00ea o pagamento de uma renda b\u00e1sica emergencial no valor R$ 600 a trabalhadores informais, aut\u00f4nomos e sem renda fixa, durante a crise provocada pela pandemia do novo coronav\u00edrus. O texto foi sancionado pelo presidente Jair Bolsonaro com tr\u00eas vetos, mas nenhum [&hellip;]<\/p>\n","protected":false},"author":96,"featured_media":157885,"comment_status":"closed","ping_status":"closed","sticky":false,"template":"","format":"standard","meta":{"footnotes":""},"categories":[436,254,439],"tags":[],"class_list":["post-157884","post","type-post","status-publish","format-standard","has-post-thumbnail","hentry","category-destaque-da-semana","category-politica","category-ultima-hora"],"_links":{"self":[{"href":"https:\/\/diarioregionaldigital.com.br\/index.php?rest_route=\/wp\/v2\/posts\/157884","targetHints":{"allow":["GET"]}}],"collection":[{"href":"https:\/\/diarioregionaldigital.com.br\/index.php?rest_route=\/wp\/v2\/posts"}],"about":[{"href":"https:\/\/diarioregionaldigital.com.br\/index.php?rest_route=\/wp\/v2\/types\/post"}],"author":[{"embeddable":true,"href":"https:\/\/diarioregionaldigital.com.br\/index.php?rest_route=\/wp\/v2\/users\/96"}],"replies":[{"embeddable":true,"href":"https:\/\/diarioregionaldigital.com.br\/index.php?rest_route=%2Fwp%2Fv2%2Fcomments&post=157884"}],"version-history":[{"count":0,"href":"https:\/\/diarioregionaldigital.com.br\/index.php?rest_route=\/wp\/v2\/posts\/157884\/revisions"}],"wp:featuredmedia":[{"embeddable":true,"href":"https:\/\/diarioregionaldigital.com.br\/index.php?rest_route=\/wp\/v2\/media\/157885"}],"wp:attachment":[{"href":"https:\/\/diarioregionaldigital.com.br\/index.php?rest_route=%2Fwp%2Fv2%2Fmedia&parent=157884"}],"wp:term":[{"taxonomy":"category","embeddable":true,"href":"https:\/\/diarioregionaldigital.com.br\/index.php?rest_route=%2Fwp%2Fv2%2Fcategories&post=157884"},{"taxonomy":"post_tag","embeddable":true,"href":"https:\/\/diarioregionaldigital.com.br\/index.php?rest_route=%2Fwp%2Fv2%2Ftags&post=157884"}],"curies":[{"name":"wp","href":"https:\/\/api.w.org\/{rel}","templated":true}]}}