{"id":157882,"date":"2020-04-03T13:48:13","date_gmt":"2020-04-03T16:48:13","guid":{"rendered":"https:\/\/diarioregionaldigital.com.br\/?p=157882"},"modified":"2020-04-03T13:48:13","modified_gmt":"2020-04-03T16:48:13","slug":"estado-de-minas-gerais-tem-sexta-morte-por-covid-19","status":"publish","type":"post","link":"https:\/\/diarioregionaldigital.com.br\/?p=157882","title":{"rendered":"Estado de Minas Gerais tem sexta morte por Covid-19"},"content":{"rendered":"<p>Nesta sexta-feira (3), a Secretaria de Estado da Sa\u00fade de Minas Gerais (SES-MG), confirmou a sexta morte causada por Covid-19 no estado. Segundo o boletim, as duas v\u00edtimas s\u00e3o de Uberl\u00e2ndia, sendo que uma \u00e9 idoso de 80 anos, o qual apresentou febre, tosse e dispneia, al\u00e9m de ser portador de doen\u00e7a pulmonar cr\u00f4nica e doen\u00e7a cardiovascualar. A outra v\u00edtima \u00e9 uma idosa de 61 anos, apresentando febre, tosse e mialgia, e \u00e9 portadora de doen\u00e7a renal cr\u00f4nica.<\/p>\n<p>At\u00e9 o momento, Minas Gerais tem 41.339 casos suspeitos, 397 confirmados e 64 \u00f3bitos em investiga\u00e7\u00e3o, para ver se a causa foi do Coronav\u00edrus.<\/p>\n<p>Os dados atualizados agora s\u00e3o: Alfenas (1), Araguari (1), <strong>Arcos (1),\u00a0<\/strong>Barbacena<b> (1), Belo Horizonte (225)<\/b>, Betim (5), Boa Esperan\u00e7a (1), Bom Despacho (1), Campo Belo (1)<b>,<\/b>\u00a0Campos Altos (1),\u00a0Capit\u00f3lio (1),\u00a0Carmo do Cajuru (1),\u00a0<b>Contagem (10)<\/b>, Coronel Fabriciano (1),\u00a0<b>Divin\u00f3polis (12)<\/b>, Extrema (1)<b>,\u00a0<\/b>Governador Valadares (2), Guimar\u00e2nia (1),Ipatinga (1),\u00a0<strong>Itabira (1),\u00a0<\/strong>Juiz de Fora (30),\u00a0Lagoa da Prata (5), Lavras (1), Manhua\u00e7u (1)<b>,\u00a0<\/b><strong>Mariana (3)<\/strong>,\u00a0Muria\u00e9 (3),\u00a0<b>Nova Lima (30)<\/b>,\u00a0Patroc\u00ednio (3), Po\u00e7os de Caldas (2),\u00a0<strong>Pouso Alegre (3), Ribeir\u00e3o das Neves (1),\u00a0<\/strong><b>S\u00e3o Jo\u00e3o Del Rei (3)<\/b>,\u00a0Sabar\u00e1 (4), Santa Luzia (1),\u00a0Santana do Para\u00edso (1), Santo Ant\u00f4nio do Monte (2),\u00a0Serra do Saltire (1),Sete Lagoas (2), Tim\u00f3teo (1),\u00a0Toledo (1), Uberaba (4),\u00a0<b>Uberl\u00e2ndia (24),<\/b>\u00a0Una\u00ed (1).<\/p>\n","protected":false},"excerpt":{"rendered":"<p>Nesta sexta-feira (3), a Secretaria de Estado da Sa\u00fade de Minas Gerais (SES-MG), confirmou a sexta morte causada por Covid-19 no estado. Segundo o boletim, as duas v\u00edtimas s\u00e3o de Uberl\u00e2ndia, sendo que uma \u00e9 idoso de 80 anos, o qual apresentou febre, tosse e dispneia, al\u00e9m de ser portador de doen\u00e7a pulmonar cr\u00f4nica e [&hellip;]<\/p>\n","protected":false},"author":96,"featured_media":157069,"comment_status":"closed","ping_status":"closed","sticky":false,"template":"","format":"standard","meta":{"footnotes":""},"categories":[436,440,252,439],"tags":[],"class_list":["post-157882","post","type-post","status-publish","format-standard","has-post-thumbnail","hentry","category-destaque-da-semana","category-destaques-do-dia","category-regiao","category-ultima-hora"],"_links":{"self":[{"href":"https:\/\/diarioregionaldigital.com.br\/index.php?rest_route=\/wp\/v2\/posts\/157882","targetHints":{"allow":["GET"]}}],"collection":[{"href":"https:\/\/diarioregionaldigital.com.br\/index.php?rest_route=\/wp\/v2\/posts"}],"about":[{"href":"https:\/\/diarioregionaldigital.com.br\/index.php?rest_route=\/wp\/v2\/types\/post"}],"author":[{"embeddable":true,"href":"https:\/\/diarioregionaldigital.com.br\/index.php?rest_route=\/wp\/v2\/users\/96"}],"replies":[{"embeddable":true,"href":"https:\/\/diarioregionaldigital.com.br\/index.php?rest_route=%2Fwp%2Fv2%2Fcomments&post=157882"}],"version-history":[{"count":0,"href":"https:\/\/diarioregionaldigital.com.br\/index.php?rest_route=\/wp\/v2\/posts\/157882\/revisions"}],"wp:featuredmedia":[{"embeddable":true,"href":"https:\/\/diarioregionaldigital.com.br\/index.php?rest_route=\/wp\/v2\/media\/157069"}],"wp:attachment":[{"href":"https:\/\/diarioregionaldigital.com.br\/index.php?rest_route=%2Fwp%2Fv2%2Fmedia&parent=157882"}],"wp:term":[{"taxonomy":"category","embeddable":true,"href":"https:\/\/diarioregionaldigital.com.br\/index.php?rest_route=%2Fwp%2Fv2%2Fcategories&post=157882"},{"taxonomy":"post_tag","embeddable":true,"href":"https:\/\/diarioregionaldigital.com.br\/index.php?rest_route=%2Fwp%2Fv2%2Ftags&post=157882"}],"curies":[{"name":"wp","href":"https:\/\/api.w.org\/{rel}","templated":true}]}}