{"id":157879,"date":"2020-04-03T11:11:06","date_gmt":"2020-04-03T14:11:06","guid":{"rendered":"https:\/\/diarioregionaldigital.com.br\/?p=157879"},"modified":"2020-04-03T11:11:06","modified_gmt":"2020-04-03T14:11:06","slug":"pesquisa-sobre-coronavirus-indica-baixa-consciencia-da-crise","status":"publish","type":"post","link":"https:\/\/diarioregionaldigital.com.br\/?p=157879","title":{"rendered":"Pesquisa sobre coronav\u00edrus indica baixa consci\u00eancia da crise"},"content":{"rendered":"<p>Pesquisa realizada por uma equipe liderada pela professora Muto Kaori, do Instituto de Ci\u00eancias M\u00e9dicas da Universidade de T\u00f3quio, mostra que a maioria das pessoas toma medidas contra o coronav\u00edrus, como lavar as m\u00e3os, mas somente cerca de 40% sabem como proceder em caso de se infectarem com o v\u00edrus.<\/p>\n<p>O grupo conduziu uma pesquisa online, no fim\u00a0do m\u00eas de mar\u00e7o, com 11 mil\u00a0pessoas com idade\u00a0entre 20 e 69 anos.<\/p>\n<p>Perguntadas sobre o que est\u00e3o fazendo para se proteger contra o v\u00edrus, 76,4% responderam que est\u00e3o tomando algumas medidas, enquanto, 4,5% disseram que n\u00e3o est\u00e3o fazendo nada. A taxa de pessoas que tomam medidas preventivas \u00e9 mais alta entre os\u00a0idosos e mais baixa entre aquelas na faixa dos 20 anos.<\/p>\n<p>Sobre medidas preventivas est\u00e3o tomando, 86,8% disseram que n\u00e3o v\u00e3o a grandes eventos; 86,4% responderam que lavam as m\u00e3os frequentemente; e 80,5%, que evitam lugares com ventila\u00e7\u00e3o prec\u00e1ria ou com aglomera\u00e7\u00e3o de pessoas, assim como locais onde pessoas conversam pr\u00f3ximas umas das outras.<\/p>\n<p>A pesquisa tamb\u00e9m revela que somente 41,5% disseram que sabem a quem consultar e que meios de transporte usar\u00a0quando adoecem. Apenas 26,3% responderam que evitam contato com pessoas idosas.<\/p>\n<p>&nbsp;<\/p>\n<p><strong>Fonte:<\/strong>\u00a0Ag\u00eancia Brasil<\/p>\n","protected":false},"excerpt":{"rendered":"<p>Pesquisa realizada por uma equipe liderada pela professora Muto Kaori, do Instituto de Ci\u00eancias M\u00e9dicas da Universidade de T\u00f3quio, mostra que a maioria das pessoas toma medidas contra o coronav\u00edrus, como lavar as m\u00e3os, mas somente cerca de 40% sabem como proceder em caso de se infectarem com o v\u00edrus. O grupo conduziu uma pesquisa [&hellip;]<\/p>\n","protected":false},"author":96,"featured_media":157880,"comment_status":"closed","ping_status":"closed","sticky":false,"template":"","format":"standard","meta":{"footnotes":""},"categories":[302,436,440,439],"tags":[],"class_list":["post-157879","post","type-post","status-publish","format-standard","has-post-thumbnail","hentry","category-brasil-mundo","category-destaque-da-semana","category-destaques-do-dia","category-ultima-hora"],"_links":{"self":[{"href":"https:\/\/diarioregionaldigital.com.br\/index.php?rest_route=\/wp\/v2\/posts\/157879","targetHints":{"allow":["GET"]}}],"collection":[{"href":"https:\/\/diarioregionaldigital.com.br\/index.php?rest_route=\/wp\/v2\/posts"}],"about":[{"href":"https:\/\/diarioregionaldigital.com.br\/index.php?rest_route=\/wp\/v2\/types\/post"}],"author":[{"embeddable":true,"href":"https:\/\/diarioregionaldigital.com.br\/index.php?rest_route=\/wp\/v2\/users\/96"}],"replies":[{"embeddable":true,"href":"https:\/\/diarioregionaldigital.com.br\/index.php?rest_route=%2Fwp%2Fv2%2Fcomments&post=157879"}],"version-history":[{"count":0,"href":"https:\/\/diarioregionaldigital.com.br\/index.php?rest_route=\/wp\/v2\/posts\/157879\/revisions"}],"wp:featuredmedia":[{"embeddable":true,"href":"https:\/\/diarioregionaldigital.com.br\/index.php?rest_route=\/wp\/v2\/media\/157880"}],"wp:attachment":[{"href":"https:\/\/diarioregionaldigital.com.br\/index.php?rest_route=%2Fwp%2Fv2%2Fmedia&parent=157879"}],"wp:term":[{"taxonomy":"category","embeddable":true,"href":"https:\/\/diarioregionaldigital.com.br\/index.php?rest_route=%2Fwp%2Fv2%2Fcategories&post=157879"},{"taxonomy":"post_tag","embeddable":true,"href":"https:\/\/diarioregionaldigital.com.br\/index.php?rest_route=%2Fwp%2Fv2%2Ftags&post=157879"}],"curies":[{"name":"wp","href":"https:\/\/api.w.org\/{rel}","templated":true}]}}