{"id":157876,"date":"2020-04-03T11:07:23","date_gmt":"2020-04-03T14:07:23","guid":{"rendered":"https:\/\/diarioregionaldigital.com.br\/?p=157876"},"modified":"2020-04-03T11:07:23","modified_gmt":"2020-04-03T14:07:23","slug":"situacao-da-pandemia-covid-19-em-minas-gerais-e-atualizada-em-coletiva-de-imprensa-virtual","status":"publish","type":"post","link":"https:\/\/diarioregionaldigital.com.br\/?p=157876","title":{"rendered":"Situa\u00e7\u00e3o da pandemia Covid-19 em Minas Gerais \u00e9 atualizada em coletiva de imprensa virtual"},"content":{"rendered":"<p>O secret\u00e1rio\u00a0adjunto de\u00a0Sa\u00fade, Marcelo Cabral, e o subsecret\u00e1rio de Vigil\u00e2ncia em Sa\u00fade, Dario Brock Ramalho, participaram, nesta quinta-feira (2\/4), na Cidade Administrativa, em Belo Horizonte, de mais uma coletiva virtual sobre a situa\u00e7\u00e3o da pandemia de Covid-19 em Minas Gerais.<\/p>\n<p>\u201cPara iniciar, em rela\u00e7\u00e3o aos dados publicados no boletim divulgado, \u00e0s 10h,\u00a0desta quinta-feira,\u00a0informamos que ocorreu um erro na extra\u00e7\u00e3o das informa\u00e7\u00f5es no sistema onde ficam dispon\u00edveis os resultados de exames realizados pela\u00a0Funda\u00e7\u00e3o Ezequiel Dias (Funed). Dessa forma, destacamos que n\u00e3o h\u00e1, at\u00e9 o momento, \u00f3bitos confirmados nos munic\u00edpios de Juiz de Fora, Contagem e S\u00e3o Gon\u00e7alo do Rio Preto. Assim que foi detectado o equ\u00edvoco, o boletim foi retirado de nossos sites e redes sociais. Pedimos desculpas pelo ocorrido e ressaltamos que todas as medidas necess\u00e1rias j\u00e1 foram tomadas para que essa situa\u00e7\u00e3o n\u00e3o volte a ocorrer. Informamos que o novo boletim, com as devidas atualiza\u00e7\u00f5es, j\u00e1 est\u00e1 dispon\u00edvel\u201d, afirmou o secret\u00e1rio adjunto de Sa\u00fade, Marcelo Cabral.<\/p>\n<p>De acordo com a atualiza\u00e7\u00e3o do boletim, realizada hoje, \u00e0s 16h30, Minas Gerais apresenta 39.084 casos suspeitos; 370 casos confirmados; 55 \u00f3bitos em investiga\u00e7\u00e3o e quatro \u00f3bitos confirmados. Na ocasi\u00e3o, o secret\u00e1rio tamb\u00e9m abordou a situa\u00e7\u00e3o dos leitos no estado.<\/p>\n<p>\u201cH\u00e1 2.013 leitos de UTI adulto. Desse total, h\u00e1 66 pacientes internados em decorr\u00eancia do Covid-19 ou por suspeita da doen\u00e7a. A taxa de ocupa\u00e7\u00e3o de leitos de UTI, em rela\u00e7\u00e3o ao coronav\u00edrus, \u00e9 de 3%.\u00a0 Vinte e um\u00a0 pacientes que estavam internados em leitos desse tipo por suspeita da doen\u00e7a, j\u00e1 receberam alta. J\u00e1 em rela\u00e7\u00e3o aos leitos cl\u00ednicos, o Estado possui 11.625 leitos cl\u00ednicos. Desses, h\u00e1 286 pessoas internadas em decorr\u00eancia do Covid-19 ou por suspeita da comorbidade e 348 receberam alta. A taxa de ocupa\u00e7\u00e3o de leitos cl\u00ednicos, em rela\u00e7\u00e3o ao Covid-19, \u00e9 de 2%\u201d, informou Cabral. A taxa de ocupa\u00e7\u00e3o de leitos, de forma geral, no Estado est\u00e1 em cerca de 60%.<\/p>\n<p><strong>Habilita\u00e7\u00e3o de Laborat\u00f3rios<\/strong><\/p>\n<p>A Funed, por meio da Secretaria de Estado de Sa\u00fade de Minas Gerais (SES-MG), publicou nesta quinta-feira, 2\/4, a habilita\u00e7\u00e3o de\u00a019 laborat\u00f3rios aptos a realizarem o diagn\u00f3stico para identifica\u00e7\u00e3o da Covid-19.\u00a0\u201cEssa amplia\u00e7\u00e3o permite que a Funded\u00a0viabilize at\u00e9 1.800 amostras por dia, dando mais condi\u00e7\u00f5es ao enfrentamento e diagn\u00f3stico da pandemia\u201d, pontuou.<\/p>\n<p>O canal de atendimento via telefone, LigMinas (155), disponibilizou hoje informa\u00e7\u00f5es em rela\u00e7\u00e3o ao coronav\u00edrus para cidad\u00e3os e profissionais de Sa\u00fade. \u201cO canal possibilita que toda a popula\u00e7\u00e3o tenha acesso \u00e0s informa\u00e7\u00f5es relevantes do Covid-19\u201d, afirmou.<\/p>\n<p>O subsecret\u00e1rio de Vigil\u00e2ncia em Sa\u00fade, Dario Brock Ramalho, explicou que, por se tratar de um v\u00edrus novo, contra o qual\u00a0o ser humano ainda n\u00e3o possui imunidade, e ser uma doen\u00e7a de f\u00e1cil transmiss\u00e3o, \u00e9 prov\u00e1vel que a maior parte da popula\u00e7\u00e3o em algum momento seja contaminada.<\/p>\n<p>\u201cNo entanto, \u00e9 importante frisar que a maior parte das pessoas ter\u00e1 sintomas leves ou, ainda, ser\u00e1 assintom\u00e1tica. O isolamento social visa essencialmente desacelerar a rapidez com que o cont\u00e1gio \u00e9 feito. Dessa forma, n\u00e3o h\u00e1 sobrecarga no Sistema de Sa\u00fade ao mesmo tempo e os casos ocorrem de forma espa\u00e7ada\u201d, explicou Dario.<\/p>\n<p><strong>Testes r\u00e1pidos<\/strong><\/p>\n<p>As unidades de testes r\u00e1pidos, enviadas pelo Minist\u00e9rio da Sa\u00fade, tamb\u00e9m foi abordada. \u201cTemos que ressaltar sempre que o teste r\u00e1pido n\u00e3o substitui o PCR, exame realizado na Funed, que analisa a presen\u00e7a do v\u00edrus na mucosa e secre\u00e7\u00f5es nasais. Os kits de testes r\u00e1pidos identificam anticorpos j\u00e1 gerados pelo v\u00edrus, ou seja, eles t\u00eam como objetivo saber se pessoa j\u00e1 teve ou n\u00e3o contato com a doen\u00e7a em algum momento de sua vida. O teste r\u00e1pido n\u00e3o serve para identificar se a pessoa possui, neste momento, o coronav\u00edrus. Ele apenas detecta se ela j\u00e1 teve, em algum momento, a infec\u00e7\u00e3o. Nesta fase essencial, ser\u00e1 restrito aos profissionais de Sa\u00fade e de Seguran\u00e7a, essencialmente para recompor for\u00e7a de trabalho, pois o exame \u00e9 eficaz somente ap\u00f3s sete dias, tempo em que o organismo desenvolve anticorpos contra a doen\u00e7a\u201d, explicou o subsecret\u00e1rio.<\/p>\n<p>\u201cN\u00f3s precisamos ficar atentos para que a medida do isolamento social, bem como as informa\u00e7\u00f5es que v\u00eam sendo dadas \u00e0 popula\u00e7\u00e3o &#8211; como lavar as m\u00e3os com frequ\u00eancia, evitar cumprimentos e proximidade, entre outras\u00a0&#8211; sejam seguidas. Ressaltamos que todos prestem aten\u00e7\u00e3o e fa\u00e7am o isolamento social para que tenhamos condi\u00e7\u00f5es de achatar ao m\u00e1ximo poss\u00edvel a curva da pandemia, evitando a sobrecarga do Sistema de Sa\u00fade e, assim, atender da melhor forma poss\u00edvel toda a popula\u00e7\u00e3o\u201d, finalizou o secret\u00e1rio adjunto, Marcelo Cabral.<\/p>\n<p>&nbsp;<\/p>\n<p><strong>Fonte:\u00a0<\/strong>Ag\u00eancia Minas<\/p>\n","protected":false},"excerpt":{"rendered":"<p>O secret\u00e1rio\u00a0adjunto de\u00a0Sa\u00fade, Marcelo Cabral, e o subsecret\u00e1rio de Vigil\u00e2ncia em Sa\u00fade, Dario Brock Ramalho, participaram, nesta quinta-feira (2\/4), na Cidade Administrativa, em Belo Horizonte, de mais uma coletiva virtual sobre a situa\u00e7\u00e3o da pandemia de Covid-19 em Minas Gerais. \u201cPara iniciar, em rela\u00e7\u00e3o aos dados publicados no boletim divulgado, \u00e0s 10h,\u00a0desta quinta-feira,\u00a0informamos que ocorreu [&hellip;]<\/p>\n","protected":false},"author":96,"featured_media":157877,"comment_status":"closed","ping_status":"closed","sticky":false,"template":"","format":"standard","meta":{"footnotes":""},"categories":[436,440,252,439],"tags":[],"class_list":["post-157876","post","type-post","status-publish","format-standard","has-post-thumbnail","hentry","category-destaque-da-semana","category-destaques-do-dia","category-regiao","category-ultima-hora"],"_links":{"self":[{"href":"https:\/\/diarioregionaldigital.com.br\/index.php?rest_route=\/wp\/v2\/posts\/157876","targetHints":{"allow":["GET"]}}],"collection":[{"href":"https:\/\/diarioregionaldigital.com.br\/index.php?rest_route=\/wp\/v2\/posts"}],"about":[{"href":"https:\/\/diarioregionaldigital.com.br\/index.php?rest_route=\/wp\/v2\/types\/post"}],"author":[{"embeddable":true,"href":"https:\/\/diarioregionaldigital.com.br\/index.php?rest_route=\/wp\/v2\/users\/96"}],"replies":[{"embeddable":true,"href":"https:\/\/diarioregionaldigital.com.br\/index.php?rest_route=%2Fwp%2Fv2%2Fcomments&post=157876"}],"version-history":[{"count":0,"href":"https:\/\/diarioregionaldigital.com.br\/index.php?rest_route=\/wp\/v2\/posts\/157876\/revisions"}],"wp:featuredmedia":[{"embeddable":true,"href":"https:\/\/diarioregionaldigital.com.br\/index.php?rest_route=\/wp\/v2\/media\/157877"}],"wp:attachment":[{"href":"https:\/\/diarioregionaldigital.com.br\/index.php?rest_route=%2Fwp%2Fv2%2Fmedia&parent=157876"}],"wp:term":[{"taxonomy":"category","embeddable":true,"href":"https:\/\/diarioregionaldigital.com.br\/index.php?rest_route=%2Fwp%2Fv2%2Fcategories&post=157876"},{"taxonomy":"post_tag","embeddable":true,"href":"https:\/\/diarioregionaldigital.com.br\/index.php?rest_route=%2Fwp%2Fv2%2Ftags&post=157876"}],"curies":[{"name":"wp","href":"https:\/\/api.w.org\/{rel}","templated":true}]}}