{"id":157873,"date":"2020-04-03T11:04:43","date_gmt":"2020-04-03T14:04:43","guid":{"rendered":"https:\/\/diarioregionaldigital.com.br\/?p=157873"},"modified":"2020-04-03T11:04:43","modified_gmt":"2020-04-03T14:04:43","slug":"governo-publica-mp-que-repassa-r-16-bilhoes-a-estados-e-municipios","status":"publish","type":"post","link":"https:\/\/diarioregionaldigital.com.br\/?p=157873","title":{"rendered":"Governo publica MP que repassa R$ 16 bilh\u00f5es a estados e munic\u00edpios"},"content":{"rendered":"<p>Foi publicada, em edi\u00e7\u00e3o extra do\u00a0<em>Di\u00e1rio Oficial da Uni\u00e3o<\/em>, na noite desta quinta-feira (2), a\u00a0Medida Provis\u00f3ria (MP) n\u00ba 938\/2020\u00a0que garante o apoio financeiro da Uni\u00e3o aos estados e munic\u00edpios para o enfrentamento \u00e0 crise gerada pela pandemia de covid-19 no pa\u00eds. Ser\u00e3o transferidos R$ 4 bilh\u00f5es por m\u00eas, durante quatro meses, aos fundos de Participa\u00e7\u00e3o dos Estados e dos Munic\u00edpios.<\/p>\n<p>A medida j\u00e1 havia\u00a0sido anunciada\u00a0aos governadores no m\u00eas passado. A recomposi\u00e7\u00e3o desses R$ 16 bilh\u00f5es compensar\u00e1 a perda de arrecada\u00e7\u00e3o do Imposto de Renda e do Imposto sobre Produtos Industrializados (IPI) sobre os cofres estaduais.<\/p>\n<p>Entre as a\u00e7\u00f5es do governo federal tamb\u00e9m est\u00e1 a suspens\u00e3o do pagamento de R$ 12,6 bilh\u00f5es de d\u00edvidas dos estados com a Uni\u00e3o.<\/p>\n<p>&nbsp;<\/p>\n<p><strong>Fonte:<\/strong>\u00a0Ag\u00eancia Brasil<\/p>\n","protected":false},"excerpt":{"rendered":"<p>Foi publicada, em edi\u00e7\u00e3o extra do\u00a0Di\u00e1rio Oficial da Uni\u00e3o, na noite desta quinta-feira (2), a\u00a0Medida Provis\u00f3ria (MP) n\u00ba 938\/2020\u00a0que garante o apoio financeiro da Uni\u00e3o aos estados e munic\u00edpios para o enfrentamento \u00e0 crise gerada pela pandemia de covid-19 no pa\u00eds. Ser\u00e3o transferidos R$ 4 bilh\u00f5es por m\u00eas, durante quatro meses, aos fundos de Participa\u00e7\u00e3o [&hellip;]<\/p>\n","protected":false},"author":96,"featured_media":157874,"comment_status":"closed","ping_status":"closed","sticky":false,"template":"","format":"standard","meta":{"footnotes":""},"categories":[302,436,440,439],"tags":[],"class_list":["post-157873","post","type-post","status-publish","format-standard","has-post-thumbnail","hentry","category-brasil-mundo","category-destaque-da-semana","category-destaques-do-dia","category-ultima-hora"],"_links":{"self":[{"href":"https:\/\/diarioregionaldigital.com.br\/index.php?rest_route=\/wp\/v2\/posts\/157873","targetHints":{"allow":["GET"]}}],"collection":[{"href":"https:\/\/diarioregionaldigital.com.br\/index.php?rest_route=\/wp\/v2\/posts"}],"about":[{"href":"https:\/\/diarioregionaldigital.com.br\/index.php?rest_route=\/wp\/v2\/types\/post"}],"author":[{"embeddable":true,"href":"https:\/\/diarioregionaldigital.com.br\/index.php?rest_route=\/wp\/v2\/users\/96"}],"replies":[{"embeddable":true,"href":"https:\/\/diarioregionaldigital.com.br\/index.php?rest_route=%2Fwp%2Fv2%2Fcomments&post=157873"}],"version-history":[{"count":0,"href":"https:\/\/diarioregionaldigital.com.br\/index.php?rest_route=\/wp\/v2\/posts\/157873\/revisions"}],"wp:featuredmedia":[{"embeddable":true,"href":"https:\/\/diarioregionaldigital.com.br\/index.php?rest_route=\/wp\/v2\/media\/157874"}],"wp:attachment":[{"href":"https:\/\/diarioregionaldigital.com.br\/index.php?rest_route=%2Fwp%2Fv2%2Fmedia&parent=157873"}],"wp:term":[{"taxonomy":"category","embeddable":true,"href":"https:\/\/diarioregionaldigital.com.br\/index.php?rest_route=%2Fwp%2Fv2%2Fcategories&post=157873"},{"taxonomy":"post_tag","embeddable":true,"href":"https:\/\/diarioregionaldigital.com.br\/index.php?rest_route=%2Fwp%2Fv2%2Ftags&post=157873"}],"curies":[{"name":"wp","href":"https:\/\/api.w.org\/{rel}","templated":true}]}}