{"id":157863,"date":"2020-04-03T06:00:22","date_gmt":"2020-04-03T09:00:22","guid":{"rendered":"https:\/\/diarioregionaldigital.com.br\/?p=157863"},"modified":"2020-04-03T00:39:37","modified_gmt":"2020-04-03T03:39:37","slug":"fechamento-total","status":"publish","type":"post","link":"https:\/\/diarioregionaldigital.com.br\/?p=157863","title":{"rendered":"Fechamento Total"},"content":{"rendered":"<p style=\"text-align: center;\"><strong>Fecom\u00e9rcio<\/strong><\/p>\n<p style=\"text-align: center;\">A Federa\u00e7\u00e3o do Com\u00e9rcio de Bens, Servi\u00e7os e Turismo do Estado de Minas Gerais (Fecom\u00e9rcio\/MG) est\u00e1 em alerta. Com diversas empresas mineiras acumulando preju\u00edzos financeiros, o empres\u00e1rio requer respostas r\u00e1pidas das autoridades p\u00fablicas, Pode haver uma convuls\u00e3o econ\u00f4mica com a paraliza\u00e7\u00e3o das atividades comerciais provocada pela pandemia do Coronav\u00edrus.<\/p>\n<p style=\"text-align: center;\"><strong>Fechamento Total<\/strong><\/p>\n<p style=\"text-align: center;\">A feira agrofamiliar que funcionava no Parque Halfeld foi cancelada para evitar aglomera\u00e7\u00f5es no local, principalmente os idosos. A Prefeitura de Juiz de Fora afirmou que est\u00e1 analisando outro local no Centro da cidade para que a feira continue acontecendo.<\/p>\n<p style=\"text-align: center;\"><strong>Luz<\/strong><\/p>\n<p style=\"text-align: center;\">Em boa hora j\u00e1 come\u00e7ou a valer a decis\u00e3o da Aneel de suspender durante 90 dias o corte no fornecimento de energia el\u00e9trica dos consumidores residenciais urbanos e rurais e tamb\u00e9m de atividades essenciais no enfretamento da pandemia do novo Coronav\u00edrus (Covid-19). O prazo poder\u00e1 ser prorrogado, caso haja necessidade.<\/p>\n<p style=\"text-align: center;\"><strong>Aten\u00e7\u00e3o&#8230;Aten\u00e7\u00e3o<\/strong><\/p>\n<p style=\"text-align: center;\">Muita calma nesta hora. Com calma crie planos para refazer atitudes e pensar em alternativas. No momento de pandemia, micro, pequenos e m\u00e9dios empres\u00e1rios s\u00e3o os mais atingidos pela crise causada pelo Coronav\u00edrus. Os pedidos de empr\u00e9stimo tem aumentado, especialmente para capital de giro, mas especialistas alertam para o perigo de se endividar.<\/p>\n<p style=\"text-align: center;\"><strong>Para refletir<\/strong><\/p>\n<p style=\"text-align: center;\">Aprendi a superar esse momentos de altos baixos da era moderna e entender que nem sempre somos a bola da vez. O principal \u00e9 ter voca\u00e7\u00e3o e estudar sempre. Altos e baixos s\u00e3o comuns na vida, por isso \u00e9 bom estar pronto para enfrentar qualquer fase. (Do colunista).<\/p>\n<p style=\"text-align: center;\"><strong><span style=\"font-size: 14pt;\">Aten\u00e7\u00e3o<\/span><\/strong><\/p>\n<p style=\"text-align: center;\">Todas as fotos registradas nesta coluna social, foram clicadas antes da pandemia do Coronav\u00edrus<\/p>\n<div id=\"attachment_157853\" style=\"width: 690px\" class=\"wp-caption aligncenter\"><img loading=\"lazy\" decoding=\"async\" aria-describedby=\"caption-attachment-157853\" class=\"wp-image-157853\" src=\"https:\/\/diarioregionaldigital.com.br\/wp-content\/uploads\/2020\/04\/fotoa-1-e1585881931242.jpg\" alt=\"\" width=\"680\" height=\"505\" srcset=\"https:\/\/diarioregionaldigital.com.br\/wp-content\/uploads\/2020\/04\/fotoa-1-e1585881931242.jpg 1714w, https:\/\/diarioregionaldigital.com.br\/wp-content\/uploads\/2020\/04\/fotoa-1-e1585881931242-300x223.jpg 300w, https:\/\/diarioregionaldigital.com.br\/wp-content\/uploads\/2020\/04\/fotoa-1-e1585881931242-768x570.jpg 768w, https:\/\/diarioregionaldigital.com.br\/wp-content\/uploads\/2020\/04\/fotoa-1-e1585881931242-1024x761.jpg 1024w, https:\/\/diarioregionaldigital.com.br\/wp-content\/uploads\/2020\/04\/fotoa-1-e1585881931242-360x267.jpg 360w\" sizes=\"auto, (max-width: 680px) 100vw, 680px\" \/><p id=\"caption-attachment-157853\" class=\"wp-caption-text\">Na Pousada Lagos das Pedras, na apresenta\u00e7\u00e3o do evento Dig\u00e3o Day 2020 para os franqueados , Rodrigo Dig\u00e3o e Giulio Miranda<\/p><\/div>\n<div id=\"attachment_157854\" style=\"width: 690px\" class=\"wp-caption aligncenter\"><img loading=\"lazy\" decoding=\"async\" aria-describedby=\"caption-attachment-157854\" class=\"wp-image-157854\" src=\"https:\/\/diarioregionaldigital.com.br\/wp-content\/uploads\/2020\/04\/fotob-1-e1585882138144.jpg\" alt=\"\" width=\"680\" height=\"533\" srcset=\"https:\/\/diarioregionaldigital.com.br\/wp-content\/uploads\/2020\/04\/fotob-1-e1585882138144.jpg 1754w, https:\/\/diarioregionaldigital.com.br\/wp-content\/uploads\/2020\/04\/fotob-1-e1585882138144-300x235.jpg 300w, https:\/\/diarioregionaldigital.com.br\/wp-content\/uploads\/2020\/04\/fotob-1-e1585882138144-768x602.jpg 768w, https:\/\/diarioregionaldigital.com.br\/wp-content\/uploads\/2020\/04\/fotob-1-e1585882138144-1024x802.jpg 1024w, https:\/\/diarioregionaldigital.com.br\/wp-content\/uploads\/2020\/04\/fotob-1-e1585882138144-360x282.jpg 360w\" sizes=\"auto, (max-width: 680px) 100vw, 680px\" \/><p id=\"caption-attachment-157854\" class=\"wp-caption-text\">Trazendo beleza, suavidade, integridade e muita solidariedade para nossos leitores, a juiz-forana Miss Brasil 2019, J\u00falia Horta<\/p><\/div>\n<div id=\"attachment_157855\" style=\"width: 690px\" class=\"wp-caption aligncenter\"><img loading=\"lazy\" decoding=\"async\" aria-describedby=\"caption-attachment-157855\" class=\"wp-image-157855\" src=\"https:\/\/diarioregionaldigital.com.br\/wp-content\/uploads\/2020\/04\/fotoc-1-e1585882245593.jpg\" alt=\"\" width=\"680\" height=\"613\" srcset=\"https:\/\/diarioregionaldigital.com.br\/wp-content\/uploads\/2020\/04\/fotoc-1-e1585882245593.jpg 1718w, https:\/\/diarioregionaldigital.com.br\/wp-content\/uploads\/2020\/04\/fotoc-1-e1585882245593-300x270.jpg 300w, https:\/\/diarioregionaldigital.com.br\/wp-content\/uploads\/2020\/04\/fotoc-1-e1585882245593-768x692.jpg 768w, https:\/\/diarioregionaldigital.com.br\/wp-content\/uploads\/2020\/04\/fotoc-1-e1585882245593-1024x923.jpg 1024w, https:\/\/diarioregionaldigital.com.br\/wp-content\/uploads\/2020\/04\/fotoc-1-e1585882245593-360x324.jpg 360w\" sizes=\"auto, (max-width: 680px) 100vw, 680px\" \/><p id=\"caption-attachment-157855\" class=\"wp-caption-text\">O bonit\u00e3o Caio Penha, exemplo de jovem sadio para superar todos os obst\u00e1culos da vida em tempo real<\/p><\/div>\n<div id=\"attachment_157856\" style=\"width: 690px\" class=\"wp-caption aligncenter\"><img loading=\"lazy\" decoding=\"async\" aria-describedby=\"caption-attachment-157856\" class=\"wp-image-157856\" src=\"https:\/\/diarioregionaldigital.com.br\/wp-content\/uploads\/2020\/04\/fotod-1-e1585882279591.jpg\" alt=\"\" width=\"680\" height=\"525\" srcset=\"https:\/\/diarioregionaldigital.com.br\/wp-content\/uploads\/2020\/04\/fotod-1-e1585882279591.jpg 1800w, https:\/\/diarioregionaldigital.com.br\/wp-content\/uploads\/2020\/04\/fotod-1-e1585882279591-300x232.jpg 300w, https:\/\/diarioregionaldigital.com.br\/wp-content\/uploads\/2020\/04\/fotod-1-e1585882279591-768x593.jpg 768w, https:\/\/diarioregionaldigital.com.br\/wp-content\/uploads\/2020\/04\/fotod-1-e1585882279591-1024x791.jpg 1024w, https:\/\/diarioregionaldigital.com.br\/wp-content\/uploads\/2020\/04\/fotod-1-e1585882279591-360x278.jpg 360w\" sizes=\"auto, (max-width: 680px) 100vw, 680px\" \/><p id=\"caption-attachment-157856\" class=\"wp-caption-text\">A elegante empres\u00e1ria Maria Pires, esperando dias melhores para a \u00d3tica Juiz de Fora<\/p><\/div>\n<div id=\"attachment_157857\" style=\"width: 690px\" class=\"wp-caption aligncenter\"><img loading=\"lazy\" decoding=\"async\" aria-describedby=\"caption-attachment-157857\" class=\"wp-image-157857\" src=\"https:\/\/diarioregionaldigital.com.br\/wp-content\/uploads\/2020\/04\/fotoe-1.jpg\" alt=\"\" width=\"680\" height=\"499\" srcset=\"https:\/\/diarioregionaldigital.com.br\/wp-content\/uploads\/2020\/04\/fotoe-1.jpg 2560w, https:\/\/diarioregionaldigital.com.br\/wp-content\/uploads\/2020\/04\/fotoe-1-300x220.jpg 300w, https:\/\/diarioregionaldigital.com.br\/wp-content\/uploads\/2020\/04\/fotoe-1-768x564.jpg 768w, https:\/\/diarioregionaldigital.com.br\/wp-content\/uploads\/2020\/04\/fotoe-1-1024x752.jpg 1024w, https:\/\/diarioregionaldigital.com.br\/wp-content\/uploads\/2020\/04\/fotoe-1-360x264.jpg 360w\" sizes=\"auto, (max-width: 680px) 100vw, 680px\" \/><p id=\"caption-attachment-157857\" class=\"wp-caption-text\">A energia de Myrliane Le\u00e3o e Cac\u00e1 Salermo em bons tempos de festa no Trade Hotel<\/p><\/div>\n<div id=\"attachment_157858\" style=\"width: 690px\" class=\"wp-caption aligncenter\"><img loading=\"lazy\" decoding=\"async\" aria-describedby=\"caption-attachment-157858\" class=\"wp-image-157858\" src=\"https:\/\/diarioregionaldigital.com.br\/wp-content\/uploads\/2020\/04\/fotof-1.jpg\" alt=\"\" width=\"680\" height=\"446\" srcset=\"https:\/\/diarioregionaldigital.com.br\/wp-content\/uploads\/2020\/04\/fotof-1.jpg 2672w, https:\/\/diarioregionaldigital.com.br\/wp-content\/uploads\/2020\/04\/fotof-1-300x197.jpg 300w, https:\/\/diarioregionaldigital.com.br\/wp-content\/uploads\/2020\/04\/fotof-1-768x504.jpg 768w, https:\/\/diarioregionaldigital.com.br\/wp-content\/uploads\/2020\/04\/fotof-1-1024x671.jpg 1024w, https:\/\/diarioregionaldigital.com.br\/wp-content\/uploads\/2020\/04\/fotof-1-360x236.jpg 360w\" sizes=\"auto, (max-width: 680px) 100vw, 680px\" \/><p id=\"caption-attachment-157858\" class=\"wp-caption-text\">O m\u00e9dico psiquiatra Helio F\u00e1del e Thom\u00e1s Jaguaribe em sintonia do bem, no Pr\u00f3-Sports<\/p><\/div>\n<div id=\"attachment_157859\" style=\"width: 690px\" class=\"wp-caption aligncenter\"><img loading=\"lazy\" decoding=\"async\" aria-describedby=\"caption-attachment-157859\" class=\"wp-image-157859\" src=\"https:\/\/diarioregionaldigital.com.br\/wp-content\/uploads\/2020\/04\/fotog-1-e1585882350257.jpg\" alt=\"\" width=\"680\" height=\"620\" srcset=\"https:\/\/diarioregionaldigital.com.br\/wp-content\/uploads\/2020\/04\/fotog-1-e1585882350257.jpg 1827w, https:\/\/diarioregionaldigital.com.br\/wp-content\/uploads\/2020\/04\/fotog-1-e1585882350257-300x274.jpg 300w, https:\/\/diarioregionaldigital.com.br\/wp-content\/uploads\/2020\/04\/fotog-1-e1585882350257-768x700.jpg 768w, https:\/\/diarioregionaldigital.com.br\/wp-content\/uploads\/2020\/04\/fotog-1-e1585882350257-1024x934.jpg 1024w, https:\/\/diarioregionaldigital.com.br\/wp-content\/uploads\/2020\/04\/fotog-1-e1585882350257-360x328.jpg 360w\" sizes=\"auto, (max-width: 680px) 100vw, 680px\" \/><p id=\"caption-attachment-157859\" class=\"wp-caption-text\">Abra\u00e7os f\u00e9rteis para quando a pandemia passar com, Abner Coutinho, Igor Boscato e Gael<\/p><\/div>\n<div id=\"attachment_157860\" style=\"width: 690px\" class=\"wp-caption aligncenter\"><img loading=\"lazy\" decoding=\"async\" aria-describedby=\"caption-attachment-157860\" class=\"wp-image-157860\" src=\"https:\/\/diarioregionaldigital.com.br\/wp-content\/uploads\/2020\/04\/fotoh-1.jpg\" alt=\"\" width=\"680\" height=\"451\" srcset=\"https:\/\/diarioregionaldigital.com.br\/wp-content\/uploads\/2020\/04\/fotoh-1.jpg 2736w, https:\/\/diarioregionaldigital.com.br\/wp-content\/uploads\/2020\/04\/fotoh-1-300x199.jpg 300w, https:\/\/diarioregionaldigital.com.br\/wp-content\/uploads\/2020\/04\/fotoh-1-768x510.jpg 768w, https:\/\/diarioregionaldigital.com.br\/wp-content\/uploads\/2020\/04\/fotoh-1-1024x680.jpg 1024w, https:\/\/diarioregionaldigital.com.br\/wp-content\/uploads\/2020\/04\/fotoh-1-360x239.jpg 360w\" sizes=\"auto, (max-width: 680px) 100vw, 680px\" \/><p id=\"caption-attachment-157860\" class=\"wp-caption-text\">Antes da pandemia, o brinde ao sucesso dos bravos fisioterapeutas, Ramon David, Marcelo Mascarenhas e Eduardo Gama<\/p><\/div>\n<div id=\"attachment_157861\" style=\"width: 690px\" class=\"wp-caption aligncenter\"><img loading=\"lazy\" decoding=\"async\" aria-describedby=\"caption-attachment-157861\" class=\"wp-image-157861\" src=\"https:\/\/diarioregionaldigital.com.br\/wp-content\/uploads\/2020\/04\/fotoi-1-e1585882410427.jpg\" alt=\"\" width=\"680\" height=\"504\" srcset=\"https:\/\/diarioregionaldigital.com.br\/wp-content\/uploads\/2020\/04\/fotoi-1-e1585882410427.jpg 1659w, https:\/\/diarioregionaldigital.com.br\/wp-content\/uploads\/2020\/04\/fotoi-1-e1585882410427-300x222.jpg 300w, https:\/\/diarioregionaldigital.com.br\/wp-content\/uploads\/2020\/04\/fotoi-1-e1585882410427-768x569.jpg 768w, https:\/\/diarioregionaldigital.com.br\/wp-content\/uploads\/2020\/04\/fotoi-1-e1585882410427-1024x759.jpg 1024w, https:\/\/diarioregionaldigital.com.br\/wp-content\/uploads\/2020\/04\/fotoi-1-e1585882410427-360x267.jpg 360w\" sizes=\"auto, (max-width: 680px) 100vw, 680px\" \/><p id=\"caption-attachment-157861\" class=\"wp-caption-text\">Amigos para sempre no Unique: o cantor Edimar Augusto, Z\u00e9 Kodak e Nelson Resende de Barros<\/p><\/div>\n<div id=\"attachment_157862\" style=\"width: 690px\" class=\"wp-caption aligncenter\"><img loading=\"lazy\" decoding=\"async\" aria-describedby=\"caption-attachment-157862\" class=\"wp-image-157862\" src=\"https:\/\/diarioregionaldigital.com.br\/wp-content\/uploads\/2020\/04\/fotoj-1-e1585882449943.jpg\" alt=\"\" width=\"680\" height=\"521\" srcset=\"https:\/\/diarioregionaldigital.com.br\/wp-content\/uploads\/2020\/04\/fotoj-1-e1585882449943.jpg 1670w, https:\/\/diarioregionaldigital.com.br\/wp-content\/uploads\/2020\/04\/fotoj-1-e1585882449943-300x230.jpg 300w, https:\/\/diarioregionaldigital.com.br\/wp-content\/uploads\/2020\/04\/fotoj-1-e1585882449943-768x588.jpg 768w, https:\/\/diarioregionaldigital.com.br\/wp-content\/uploads\/2020\/04\/fotoj-1-e1585882449943-1024x784.jpg 1024w, https:\/\/diarioregionaldigital.com.br\/wp-content\/uploads\/2020\/04\/fotoj-1-e1585882449943-360x276.jpg 360w\" sizes=\"auto, (max-width: 680px) 100vw, 680px\" \/><p id=\"caption-attachment-157862\" class=\"wp-caption-text\">Amigos queridos sendo destaque nesta coluna social, Jorginho Couri e o filho Yuri Lopes Couri<\/p><\/div>\n<p style=\"text-align: center;\"><strong>FOTOSS\u00cdNTESE<\/strong><\/p>\n<p>O prefeito de Juiz de Fora Ant\u00f4nio Almas esteve reunido com o comando do Exercito liderado pelo comandante da 4\u00aa Brigada de montanha Alcio Costa e outros oficiais. At\u00e9 o momento, n\u00e3o h\u00e1 sinaliza\u00e7\u00e3o do emprego dos militares nas a\u00e7\u00f5es contra Coronav\u00edrus, mas a Brigada j\u00e1 afirmou estar pronta para que seus 4 mil homens prestem ajuda.<\/p>\n<p>Na torcida para sua volta ao Brasil, a jornalista juiz-forana Sabrina Chinelato e o marido economista Henrique Fonseca. Eles est\u00e3o na Costa do Marfim e esperam ser repatriados.<\/p>\n<p>Bravos guerreiros, coletores e varredores de rua do Demlurb, faxineiros, motoboy e agentes de sa\u00fade merecem aplausos de toda Juiz de Fora e a solidariedade deste colunista.<\/p>\n<p>O Instituto Brasileiro de Geografia e Estat\u00edstica (IBGE) informou em comunicado que ir\u00e1 devolver a taxa de inscri\u00e7\u00e3o do processo seletivo para o Censo 2020. O Cebraspe j\u00e1 est\u00e1 tomando as provid\u00eancias.<\/p>\n<p>Aten\u00e7\u00e3o: todos as 2.331 vagas do estacionamento rotativo Area Azul seguem operando em condi\u00e7\u00f5es normais em Juiz de Fora.<\/p>\n<p>A infla\u00e7\u00e3o voltou com os pre\u00e7os de legumes, frutas e verduras pela hora da morte. Os fornecedores devem ir devagar com o andor pois o santo \u00e9 de barro.<\/p>\n<p>\u00c9 sempre bom lembrar que afeto \u00e9 bom em qualquer idade, Ligar para os amigos, passar mensagens carinhosas e ser solid\u00e1rio deve ser no momento a meta de todos.<\/p>\n<p>Dois amigos deste colunista est\u00e3o brilhando em sua casa dentro do isolamento social. A m\u00e9dica dermatologista V\u00e2nia Piccinini e Silva e Ligeirinho s\u00e3o agora os soberanos do lar.<\/p>\n<p>Para reluzir: Fazendo ao outro aquilo que gostar\u00edamos que o outro nos fizesse estaremos praticando uma uni\u00e3o permanente. Bom dia.<\/p>\n<p><img loading=\"lazy\" decoding=\"async\" class=\"aligncenter size-full wp-image-157864\" src=\"https:\/\/diarioregionaldigital.com.br\/wp-content\/uploads\/2020\/04\/anuncio98.jpg\" alt=\"\" width=\"3516\" height=\"1356\" srcset=\"https:\/\/diarioregionaldigital.com.br\/wp-content\/uploads\/2020\/04\/anuncio98.jpg 3516w, https:\/\/diarioregionaldigital.com.br\/wp-content\/uploads\/2020\/04\/anuncio98-300x116.jpg 300w, https:\/\/diarioregionaldigital.com.br\/wp-content\/uploads\/2020\/04\/anuncio98-768x296.jpg 768w, https:\/\/diarioregionaldigital.com.br\/wp-content\/uploads\/2020\/04\/anuncio98-1024x395.jpg 1024w, https:\/\/diarioregionaldigital.com.br\/wp-content\/uploads\/2020\/04\/anuncio98-360x139.jpg 360w\" sizes=\"auto, (max-width: 3516px) 100vw, 3516px\" \/><\/p>\n","protected":false},"excerpt":{"rendered":"<p>Fecom\u00e9rcio A Federa\u00e7\u00e3o do Com\u00e9rcio de Bens, Servi\u00e7os e Turismo do Estado de Minas Gerais (Fecom\u00e9rcio\/MG) est\u00e1 em alerta. Com diversas empresas mineiras acumulando preju\u00edzos financeiros, o empres\u00e1rio requer respostas r\u00e1pidas das autoridades p\u00fablicas, Pode haver uma convuls\u00e3o econ\u00f4mica com a paraliza\u00e7\u00e3o das atividades comerciais provocada pela pandemia do Coronav\u00edrus. Fechamento Total A feira agrofamiliar [&hellip;]<\/p>\n","protected":false},"author":96,"featured_media":157853,"comment_status":"closed","ping_status":"closed","sticky":false,"template":"","format":"standard","meta":{"footnotes":""},"categories":[264],"tags":[],"class_list":["post-157863","post","type-post","status-publish","format-standard","has-post-thumbnail","hentry","category-eduardo-gomes"],"_links":{"self":[{"href":"https:\/\/diarioregionaldigital.com.br\/index.php?rest_route=\/wp\/v2\/posts\/157863","targetHints":{"allow":["GET"]}}],"collection":[{"href":"https:\/\/diarioregionaldigital.com.br\/index.php?rest_route=\/wp\/v2\/posts"}],"about":[{"href":"https:\/\/diarioregionaldigital.com.br\/index.php?rest_route=\/wp\/v2\/types\/post"}],"author":[{"embeddable":true,"href":"https:\/\/diarioregionaldigital.com.br\/index.php?rest_route=\/wp\/v2\/users\/96"}],"replies":[{"embeddable":true,"href":"https:\/\/diarioregionaldigital.com.br\/index.php?rest_route=%2Fwp%2Fv2%2Fcomments&post=157863"}],"version-history":[{"count":0,"href":"https:\/\/diarioregionaldigital.com.br\/index.php?rest_route=\/wp\/v2\/posts\/157863\/revisions"}],"wp:featuredmedia":[{"embeddable":true,"href":"https:\/\/diarioregionaldigital.com.br\/index.php?rest_route=\/wp\/v2\/media\/157853"}],"wp:attachment":[{"href":"https:\/\/diarioregionaldigital.com.br\/index.php?rest_route=%2Fwp%2Fv2%2Fmedia&parent=157863"}],"wp:term":[{"taxonomy":"category","embeddable":true,"href":"https:\/\/diarioregionaldigital.com.br\/index.php?rest_route=%2Fwp%2Fv2%2Fcategories&post=157863"},{"taxonomy":"post_tag","embeddable":true,"href":"https:\/\/diarioregionaldigital.com.br\/index.php?rest_route=%2Fwp%2Fv2%2Ftags&post=157863"}],"curies":[{"name":"wp","href":"https:\/\/api.w.org\/{rel}","templated":true}]}}