{"id":157817,"date":"2020-04-02T14:50:43","date_gmt":"2020-04-02T17:50:43","guid":{"rendered":"https:\/\/diarioregionaldigital.com.br\/?p=157817"},"modified":"2020-04-02T14:50:43","modified_gmt":"2020-04-02T17:50:43","slug":"governo-do-brasil-destina-r-50-milhoes-para-pesquisas-sobre-coronavirus","status":"publish","type":"post","link":"https:\/\/diarioregionaldigital.com.br\/?p=157817","title":{"rendered":"Governo do Brasil destina R$ 50 milh\u00f5es para pesquisas sobre coronav\u00edrus"},"content":{"rendered":"<p>O Governo do Brasil vai financiar pesquisas sobre novos m\u00e9todos de diagn\u00f3stico, tratamento e interrup\u00e7\u00e3o da transmiss\u00e3o no pa\u00eds do coronav\u00edrus (Convid-19). Ser\u00e3o destinados R$ 50 milh\u00f5es pelos minist\u00e9rios da Sa\u00fade e Ci\u00eancia, Tecnologia, Inova\u00e7\u00f5es e Comunica\u00e7\u00f5es. Podem participar pesquisadores vinculados a institui\u00e7\u00f5es cient\u00edficas, tecnol\u00f3gicas ou de inova\u00e7\u00e3o tanto p\u00fablicas quanto privadas. A Chamada P\u00fablica Nacional de Pesquisa em Sa\u00fade sobre o Coronav\u00edrus ser\u00e1 publicada ainda nesta semana na plataforma do CNPQ (Conselho Nacional de Desenvolvimento Cient\u00edfico e Tecnol\u00f3gico).<\/p>\n<p>A iniciativa englobar\u00e1 pesquisas relacionadas a hist\u00f3ria natural da doen\u00e7a; desenvolvimento e avalia\u00e7\u00e3o de testes, de alternativas terap\u00eauticas e de vacinas contra \u00e0 Covid-19; avalia\u00e7\u00e3o da aten\u00e7\u00e3o \u00e0 sa\u00fade nos tr\u00eas n\u00edveis de complexidade frente \u00e0 epidemia; uso de Equipamentos de Prote\u00e7\u00e3o Individual (EPIs) nas a\u00e7\u00f5es de preven\u00e7\u00e3o, controle e manejo; ades\u00e3o e cumprimento das medidas de preven\u00e7\u00e3o e controle, entre outros temas relacionados \u00e0 doen\u00e7a.<\/p>\n<p>As linhas de pesquisa foram definidas a partir de diretrizes da Organiza\u00e7\u00e3o Mundial da Sa\u00fade (OMS), alinhadas \u00e0s prioridades nacionais em discuss\u00e3o entre o Minist\u00e9rio da Sa\u00fade e especialistas de todo o pa\u00eds, considerando a necessidade de resposta r\u00e1pida e investimentos em estudos mais promissores.<\/p>\n<p>Al\u00e9m disso, o Minist\u00e9rio da Sa\u00fade criou e-mail para receber contribui\u00e7\u00f5es externas de pesquisa e inova\u00e7\u00e3o por meio do e-mail\u00a0pesquisacovid19@saude.gov.br. Nesta quarta-feira (1\u00ba) ser\u00e3o definidos os fluxos de funcionamento deste canal.<\/p>\n<p>Desde o final de janeiro, ap\u00f3s declara\u00e7\u00e3o de Emerg\u00eancia em Sa\u00fade P\u00fablica de Import\u00e2ncia Internacional pela Organiza\u00e7\u00e3o Mundial da Sa\u00fade (OMS), os protocolos de pesquisas relacionados ao coronav\u00edrus submetidos \u00e0 Comiss\u00e3o Nacional de \u00c9tica em Pesquisa (CONEP) est\u00e3o sendo analisados em car\u00e1ter de urg\u00eancia. Desde ent\u00e3o, foram submetidos na Plataforma Brasil aproximadamente 100 projetos de pesquisa no Brasil relacionados ao coronav\u00edrus.<\/p>\n<p><strong>Ensaio cl\u00ednico solidarity da OMS<\/strong><\/p>\n<p>O Minist\u00e9rio da Sa\u00fade est\u00e1 participando do \u201censaio cl\u00ednico Solidarity\u201d, da Organiza\u00e7\u00e3o Mundial da Sa\u00fade (OMS) para investigar a efic\u00e1cia de quatro medicamentos no tratamento da Covid-19. O minist\u00e9rio convidou o\u00a0Instituto Nacional de Infectologia da Funda\u00e7\u00e3o Oswaldo Cruz (Fiocruz) para coordenar o ensaio cl\u00ednico. Desde a \u00faltima segunda-feira (30), pacientes diagnosticados e hospitalizados em 18 hospitais de 12 estados do pa\u00eds j\u00e1 come\u00e7aram a fazer uso de um dos quatro medicamentos que fazem parte da pesquisa.<\/p>\n<p>&#8220;Essa pandemia, mais do que nunca, refor\u00e7a a import\u00e2ncia das pesquisas e da tomada de decis\u00e3o informada por evid\u00eancias cient\u00edficas. Esse estudo, um mega trial multic\u00eantrico, ir\u00e1 trazer informa\u00e7\u00f5es robustas que resultar\u00e3o em uma maior seguran\u00e7a sobre o tratamento da COVID-19. O Minist\u00e9rio da Sa\u00fade reconhece e valoriza a comunidade cient\u00edfica, que est\u00e1 engajada no enfrentamento a essa pandemia, atendendo prontamente as prioridades do SUS com rapidez e qualidade&#8221;, afirma Camile Giaretta, diretora do Departamento de Ci\u00eancia e Tecnologia, da Secretaria de Ci\u00eancia, Tecnologia, Inova\u00e7\u00e3o e Insumos Estrat\u00e9gicos do Minist\u00e9rio da Sa\u00fade.<\/p>\n<p>Os medicamentos que ter\u00e3o a sua efic\u00e1cia testada no tratamento de coronav\u00edrus s\u00e3o: Cloroquina e a Hidroxicloroquina, usadas contra a mal\u00e1ria e doen\u00e7as autoimunes; Combina\u00e7\u00e3o de rem\u00e9dios contra HIV, formada por Lopinavir e Ritonavir; Combina\u00e7\u00e3o de Lopinavir e Ritonavir em conjunto com a subst\u00e2ncia Interferon beta-1b, usada no tratamento de esclerose m\u00faltipla; Antiviral Remdesivir, desenvolvido para casos de ebola, sendo este \u00faltimo o \u00fanico a n\u00e3o possuir registro no Brasil.<\/p>\n<p>Al\u00e9m do Brasil, participam da iniciativa da OMS outros 45 pa\u00edses, como Argentina, Fran\u00e7a, Noruega, Espanha e Su\u00ed\u00e7a.\u00a0Os dados coletados de milhares de pacientes ser\u00e3o centralizados em uma plataforma \u00fanica, gerenciada pela OMS.<\/p>\n<p>&nbsp;<\/p>\n<p><strong>Fonte:\u00a0<\/strong>Assessoria<\/p>\n","protected":false},"excerpt":{"rendered":"<p>O Governo do Brasil vai financiar pesquisas sobre novos m\u00e9todos de diagn\u00f3stico, tratamento e interrup\u00e7\u00e3o da transmiss\u00e3o no pa\u00eds do coronav\u00edrus (Convid-19). Ser\u00e3o destinados R$ 50 milh\u00f5es pelos minist\u00e9rios da Sa\u00fade e Ci\u00eancia, Tecnologia, Inova\u00e7\u00f5es e Comunica\u00e7\u00f5es. Podem participar pesquisadores vinculados a institui\u00e7\u00f5es cient\u00edficas, tecnol\u00f3gicas ou de inova\u00e7\u00e3o tanto p\u00fablicas quanto privadas. A Chamada P\u00fablica [&hellip;]<\/p>\n","protected":false},"author":96,"featured_media":156129,"comment_status":"closed","ping_status":"closed","sticky":false,"template":"","format":"standard","meta":{"footnotes":""},"categories":[302,436,439],"tags":[],"class_list":["post-157817","post","type-post","status-publish","format-standard","has-post-thumbnail","hentry","category-brasil-mundo","category-destaque-da-semana","category-ultima-hora"],"_links":{"self":[{"href":"https:\/\/diarioregionaldigital.com.br\/index.php?rest_route=\/wp\/v2\/posts\/157817","targetHints":{"allow":["GET"]}}],"collection":[{"href":"https:\/\/diarioregionaldigital.com.br\/index.php?rest_route=\/wp\/v2\/posts"}],"about":[{"href":"https:\/\/diarioregionaldigital.com.br\/index.php?rest_route=\/wp\/v2\/types\/post"}],"author":[{"embeddable":true,"href":"https:\/\/diarioregionaldigital.com.br\/index.php?rest_route=\/wp\/v2\/users\/96"}],"replies":[{"embeddable":true,"href":"https:\/\/diarioregionaldigital.com.br\/index.php?rest_route=%2Fwp%2Fv2%2Fcomments&post=157817"}],"version-history":[{"count":0,"href":"https:\/\/diarioregionaldigital.com.br\/index.php?rest_route=\/wp\/v2\/posts\/157817\/revisions"}],"wp:featuredmedia":[{"embeddable":true,"href":"https:\/\/diarioregionaldigital.com.br\/index.php?rest_route=\/wp\/v2\/media\/156129"}],"wp:attachment":[{"href":"https:\/\/diarioregionaldigital.com.br\/index.php?rest_route=%2Fwp%2Fv2%2Fmedia&parent=157817"}],"wp:term":[{"taxonomy":"category","embeddable":true,"href":"https:\/\/diarioregionaldigital.com.br\/index.php?rest_route=%2Fwp%2Fv2%2Fcategories&post=157817"},{"taxonomy":"post_tag","embeddable":true,"href":"https:\/\/diarioregionaldigital.com.br\/index.php?rest_route=%2Fwp%2Fv2%2Ftags&post=157817"}],"curies":[{"name":"wp","href":"https:\/\/api.w.org\/{rel}","templated":true}]}}