{"id":157814,"date":"2020-04-02T14:06:17","date_gmt":"2020-04-02T17:06:17","guid":{"rendered":"https:\/\/diarioregionaldigital.com.br\/?p=157814"},"modified":"2020-04-02T14:06:17","modified_gmt":"2020-04-02T17:06:17","slug":"governo-vai-capacitar-profissionais-da-saude-para-combater-covid-19","status":"publish","type":"post","link":"https:\/\/diarioregionaldigital.com.br\/?p=157814","title":{"rendered":"Governo vai capacitar profissionais da sa\u00fade para combater covid-19"},"content":{"rendered":"<p>O Minist\u00e9rio da Sa\u00fade vai capacitar profissionais da \u00e1rea de sa\u00fade nos protocolos cl\u00ednicos oficiais de enfrentamento \u00e0 pandemia de covid-19, por meio de cursos a dist\u00e2ncia. A\u00a0Portaria\u00a0n\u00ba 639\/2020 que institui a a\u00e7\u00e3o estrat\u00e9gica &#8220;O Brasil Conta Comigo &#8211; Profissionais da Sa\u00fade&#8221; foi publicada hoje (2) no\u00a0<em>Di\u00e1rio Oficial da Uni\u00e3o<\/em>.<\/p>\n<p>O cadastramento \u00e9 obrigat\u00f3rio e pode ser feito na\u00a0internet.\u00a0Ap\u00f3s o preenchimento do formul\u00e1rio, o profissional receber\u00e1 um<em>\u00a0link<\/em>\u00a0de acesso aos cursos de capacita\u00e7\u00e3o.<\/p>\n<p>A medida do governo considera a necessidade de mobiliza\u00e7\u00e3o da for\u00e7a de trabalho em sa\u00fade para a atua\u00e7\u00e3o servi\u00e7os ambulatoriais e hospitalares do Sistema \u00danico de Sa\u00fade (SUS) para responder \u00e0 situa\u00e7\u00e3o de emerg\u00eancia em sa\u00fade causada pelo novo coronav\u00edrus.<\/p>\n<p>Os conselhos nas \u00e1reas da sa\u00fade dever\u00e3o enviar ao Minist\u00e9rio da Sa\u00fade os dados dos seus profissionais e, por sua vez, o minist\u00e9rio vai identificar e informar aos conselhos os respectivos profissionais que n\u00e3o preencheram o cadastro ou que n\u00e3o conclu\u00edram os cursos.<\/p>\n<p>A a\u00e7\u00e3o abrange as \u00e1reas de servi\u00e7o social, biologia, biomedicina, educa\u00e7\u00e3o f\u00edsica, enfermagem, farm\u00e1cia, fisioterapia e terapia ocupacional, fonoaudiologia, medicina, medicina veterin\u00e1ria, nutri\u00e7\u00e3o, odontologia, psicologia e t\u00e9cnicos em radiologia.<\/p>\n<p>Ser\u00e1 criado, ent\u00e3o, um cadastro geral de profissionais habilitados que poder\u00e1 ser consultado por gestores federais, estaduais, distritais e municipais do SUS, em caso de necessidade, para orientar suas a\u00e7\u00f5es de enfrentamento \u00e0 covid-19.<\/p>\n<p>&nbsp;<\/p>\n<p><strong>Fonte:\u00a0<\/strong>Ag\u00eancia Brasil<\/p>\n","protected":false},"excerpt":{"rendered":"<p>O Minist\u00e9rio da Sa\u00fade vai capacitar profissionais da \u00e1rea de sa\u00fade nos protocolos cl\u00ednicos oficiais de enfrentamento \u00e0 pandemia de covid-19, por meio de cursos a dist\u00e2ncia. A\u00a0Portaria\u00a0n\u00ba 639\/2020 que institui a a\u00e7\u00e3o estrat\u00e9gica &#8220;O Brasil Conta Comigo &#8211; Profissionais da Sa\u00fade&#8221; foi publicada hoje (2) no\u00a0Di\u00e1rio Oficial da Uni\u00e3o. O cadastramento \u00e9 obrigat\u00f3rio e [&hellip;]<\/p>\n","protected":false},"author":96,"featured_media":157815,"comment_status":"closed","ping_status":"closed","sticky":false,"template":"","format":"standard","meta":{"footnotes":""},"categories":[436,440,254,439],"tags":[],"class_list":["post-157814","post","type-post","status-publish","format-standard","has-post-thumbnail","hentry","category-destaque-da-semana","category-destaques-do-dia","category-politica","category-ultima-hora"],"_links":{"self":[{"href":"https:\/\/diarioregionaldigital.com.br\/index.php?rest_route=\/wp\/v2\/posts\/157814","targetHints":{"allow":["GET"]}}],"collection":[{"href":"https:\/\/diarioregionaldigital.com.br\/index.php?rest_route=\/wp\/v2\/posts"}],"about":[{"href":"https:\/\/diarioregionaldigital.com.br\/index.php?rest_route=\/wp\/v2\/types\/post"}],"author":[{"embeddable":true,"href":"https:\/\/diarioregionaldigital.com.br\/index.php?rest_route=\/wp\/v2\/users\/96"}],"replies":[{"embeddable":true,"href":"https:\/\/diarioregionaldigital.com.br\/index.php?rest_route=%2Fwp%2Fv2%2Fcomments&post=157814"}],"version-history":[{"count":0,"href":"https:\/\/diarioregionaldigital.com.br\/index.php?rest_route=\/wp\/v2\/posts\/157814\/revisions"}],"wp:featuredmedia":[{"embeddable":true,"href":"https:\/\/diarioregionaldigital.com.br\/index.php?rest_route=\/wp\/v2\/media\/157815"}],"wp:attachment":[{"href":"https:\/\/diarioregionaldigital.com.br\/index.php?rest_route=%2Fwp%2Fv2%2Fmedia&parent=157814"}],"wp:term":[{"taxonomy":"category","embeddable":true,"href":"https:\/\/diarioregionaldigital.com.br\/index.php?rest_route=%2Fwp%2Fv2%2Fcategories&post=157814"},{"taxonomy":"post_tag","embeddable":true,"href":"https:\/\/diarioregionaldigital.com.br\/index.php?rest_route=%2Fwp%2Fv2%2Ftags&post=157814"}],"curies":[{"name":"wp","href":"https:\/\/api.w.org\/{rel}","templated":true}]}}