{"id":157812,"date":"2020-04-02T14:03:38","date_gmt":"2020-04-02T17:03:38","guid":{"rendered":"https:\/\/diarioregionaldigital.com.br\/?p=157812"},"modified":"2020-04-02T14:03:38","modified_gmt":"2020-04-02T17:03:38","slug":"coronavirus-estados-unidos-tem-mais-de-5-mil-mortes-e-210-mil-casos","status":"publish","type":"post","link":"https:\/\/diarioregionaldigital.com.br\/?p=157812","title":{"rendered":"Coronav\u00edrus: Estados Unidos t\u00eam mais de 5 mil mortes e 210 mil casos"},"content":{"rendered":"<p>Os Estados Unidos (EUA) registraram nessa\u00a0quarta-feira (1\u00ba) novo recorde di\u00e1rio de mortes. Pelo menos 884 pessoas morreram e houve registro de mais 25.200 pessoas infectadas. O pa\u00eds \u00e9, de longe, o local com maior n\u00famero de infec\u00e7\u00f5es do mundo, com um total de 216 mil pessoas afetadas.<\/p>\n<p>Nas \u00faltimas 24 horas,\u00a0os Estados Unidos registaram um recorde di\u00e1rio de 884 mortes e 25.200 pessoas infectadas. De acordo com a contagem da Universidade Johns Hopkins, h\u00e1 216.722 casos confirmados no pa\u00eds desde o in\u00edcio da epidemia e 5.137 mortes.<\/p>\n<p>Uma das mais recentes v\u00edtimas do novo coronav\u00edrus nos Estados Unidos foi um beb\u00ea\u00a0de seis semanas, no Connecticut.<\/p>\n<p>\u201cOs testes deram resultado positivo para o novo coronav\u00edrus. &#8220;Acreditamos que foi um dos mais novos do mundo a morrer de complica\u00e7\u00f5es devido \u00e0 Covid-19\u201d, disse o governador Ned Lamont no Twitter.<\/p>\n<p><strong>Illinois\u00a0<\/strong><\/p>\n<p>As autoridades do estado do Illinois tinham anunciado no \u00faltimo fim de semana a morte de um beb\u00ea\u00a0de nove meses devido ao novo coronav\u00edrus.<\/p>\n<p>No entanto,\u00a0a regi\u00e3o de Nova York\u00a0\u00e9 a que enfrenta situa\u00e7\u00e3o mais complicada. Desde o in\u00edcio da epidemia, h\u00e1 registro de mais de 47.500 casos e 1.300 mortes.<\/p>\n<p>Ontem, a representante da Casa Branca para a coordena\u00e7\u00e3o da resposta ao surto de covid-19, Deborah Birx, admitiu que as\u00a0estimativas para os Estados Unidos\u00a0est\u00e3o entre 1,5 e 2,2 milh\u00f5es de mortes no pa\u00eds, no pior dos cen\u00e1rios.<\/p>\n<p>Tamb\u00e9m nessa\u00a0quarta-feira, o vice-presidente, Mike Pence, admitiu que a dimens\u00e3o e escala da epidemia no pa\u00eds\u00a0poder\u00e1 ser\u00a0\u201cmais compar\u00e1vel\u201d\u00a0\u00e0s propor\u00e7\u00f5es da It\u00e1lia, que foi, at\u00e9 o momento, o pa\u00eds mais afetado do mundo pelo novo coronav\u00edrus, onde j\u00e1 morreram mais de 13 mil pessoas devido \u00e0 Covid-19.<\/p>\n<p><strong>Ventiladores<\/strong><\/p>\n<p>No momento em que todos os pa\u00edses se preparam para tentar conter o novo coronav\u00edrus, o governo norte-americano j\u00e1 come\u00e7ou a enviar ventiladores do estoque federal &#8211; cerca de 10 mil aparelhos.<\/p>\n<p>No entanto, de acordo com o\u00a0<em>jornal\u00a0The New York\u00a0Times<\/em>, muitos\u00a0desses ventiladores\u00a0n\u00e3o est\u00e3o funcionando devido a uma interrup\u00e7\u00e3o de quase cinco meses no contrato com a empresa que fazia a manuten\u00e7\u00e3o dos aparelhos.<\/p>\n<p>Mesmo com parte da ajuda federal, v\u00e1rios estados t\u00eam procurado obter ventiladores e equipamentos por meios pr\u00f3prios, ainda que grande parte deles\u00a0seja fabricada no exterior, com destaque para a China, Irlanda e Su\u00ed\u00e7a.<\/p>\n<p>Diante das dificuldades, todas as ajudas s\u00e3o bem-vindas, mesmo as mais inusitadas e imprevistas. Ontem, um avi\u00e3o de ajuda humanit\u00e1ria, da For\u00e7a A\u00e9rea russa, chegoua Nova York\u00a0com m\u00e1scaras de prote\u00e7\u00e3o e equipamentos m\u00e9dicos.<\/p>\n<p><strong>Mike Pompeo<\/strong><\/p>\n<p>\u201cTemos de trabalhar juntos para derrotar o\u00a0covid-19. Foi por isso que os Estados Unidos concordaram em comprar, com urg\u00eancia, esse\u00a0material de prote\u00e7\u00e3o individual necess\u00e1rio \u00e0 R\u00fassia para ajudar a Ag\u00eancia Federal de Gest\u00e3o de Emerg\u00eancias\u00a0em Nova York. \u00c9\u00a0o momento de trabalharmos\u00a0em conjunto para superar\u00a0um fator comum\u00a0que amea\u00e7a a vida de todos\u201d, disse o secret\u00e1rio de Estado, Mike Pompeo.<\/p>\n<p>&nbsp;<\/p>\n<p><strong>Fonte:\u00a0<\/strong>Ag\u00eancia Brasil<\/p>\n","protected":false},"excerpt":{"rendered":"<p>Os Estados Unidos (EUA) registraram nessa\u00a0quarta-feira (1\u00ba) novo recorde di\u00e1rio de mortes. Pelo menos 884 pessoas morreram e houve registro de mais 25.200 pessoas infectadas. O pa\u00eds \u00e9, de longe, o local com maior n\u00famero de infec\u00e7\u00f5es do mundo, com um total de 216 mil pessoas afetadas. Nas \u00faltimas 24 horas,\u00a0os Estados Unidos registaram um [&hellip;]<\/p>\n","protected":false},"author":96,"featured_media":157335,"comment_status":"closed","ping_status":"closed","sticky":false,"template":"","format":"standard","meta":{"footnotes":""},"categories":[302,436,439],"tags":[],"class_list":["post-157812","post","type-post","status-publish","format-standard","has-post-thumbnail","hentry","category-brasil-mundo","category-destaque-da-semana","category-ultima-hora"],"_links":{"self":[{"href":"https:\/\/diarioregionaldigital.com.br\/index.php?rest_route=\/wp\/v2\/posts\/157812","targetHints":{"allow":["GET"]}}],"collection":[{"href":"https:\/\/diarioregionaldigital.com.br\/index.php?rest_route=\/wp\/v2\/posts"}],"about":[{"href":"https:\/\/diarioregionaldigital.com.br\/index.php?rest_route=\/wp\/v2\/types\/post"}],"author":[{"embeddable":true,"href":"https:\/\/diarioregionaldigital.com.br\/index.php?rest_route=\/wp\/v2\/users\/96"}],"replies":[{"embeddable":true,"href":"https:\/\/diarioregionaldigital.com.br\/index.php?rest_route=%2Fwp%2Fv2%2Fcomments&post=157812"}],"version-history":[{"count":0,"href":"https:\/\/diarioregionaldigital.com.br\/index.php?rest_route=\/wp\/v2\/posts\/157812\/revisions"}],"wp:featuredmedia":[{"embeddable":true,"href":"https:\/\/diarioregionaldigital.com.br\/index.php?rest_route=\/wp\/v2\/media\/157335"}],"wp:attachment":[{"href":"https:\/\/diarioregionaldigital.com.br\/index.php?rest_route=%2Fwp%2Fv2%2Fmedia&parent=157812"}],"wp:term":[{"taxonomy":"category","embeddable":true,"href":"https:\/\/diarioregionaldigital.com.br\/index.php?rest_route=%2Fwp%2Fv2%2Fcategories&post=157812"},{"taxonomy":"post_tag","embeddable":true,"href":"https:\/\/diarioregionaldigital.com.br\/index.php?rest_route=%2Fwp%2Fv2%2Ftags&post=157812"}],"curies":[{"name":"wp","href":"https:\/\/api.w.org\/{rel}","templated":true}]}}