{"id":157809,"date":"2020-04-02T13:53:33","date_gmt":"2020-04-02T16:53:33","guid":{"rendered":"https:\/\/diarioregionaldigital.com.br\/?p=157809"},"modified":"2020-04-02T13:53:33","modified_gmt":"2020-04-02T16:53:33","slug":"governador-anuncia-recuperacao-de-cerca-de-mil-respiradores-em-todo-o-estado-para-tratamento-do-coronavirus","status":"publish","type":"post","link":"https:\/\/diarioregionaldigital.com.br\/?p=157809","title":{"rendered":"Governador anuncia recupera\u00e7\u00e3o de cerca de mil respiradores em todo o estado para tratamento do coronav\u00edrus"},"content":{"rendered":"<p><span style=\"font-weight: 400;\">Empenhado em minimizar o impacto da crise do novo coronav\u00edrus em Minas Gerais, o governador Romeu Zema anunciou nessa quinta-feira (2) mais uma importante a\u00e7\u00e3o: a requisi\u00e7\u00e3o de cerca de mil respiradores em todo o estado para o tratamento da doen\u00e7a. Os aparelhos, atualmente estragados e inutilizados em cl\u00ednicas particulares, hospitais e estabelecimentos m\u00e9dicos, ser\u00e3o consertados e empregados na luta contra a propaga\u00e7\u00e3o do Covid-19. Quando a pandemia passar, os equipamentos ser\u00e3o devolvidos aos respectivos propriet\u00e1rios. Aqueles que se dispuserem poder\u00e3o, ainda, realizar a doa\u00e7\u00e3o ao governo estadual.<\/span><\/p>\n<p><span style=\"font-weight: 400;\">De acordo com a determina\u00e7\u00e3o do governador, o recolhimento dos equipamentos com defeito ser\u00e1 realizado pela Pol\u00edcia Militar em diversas regi\u00f5es do estado. A manuten\u00e7\u00e3o ser\u00e1 realizada por meio de parcerias, com objetivo de ampliar a quantidade de aparelhos dispon\u00edveis em Minas para o tratamento do novo coronav\u00edrus.<\/span><\/p>\n<p><span style=\"font-weight: 400;\">\u201cOs respiradores estragados ir\u00e3o para conserto. J\u00e1 temos empresas e engenheiros que se dispuseram a consert\u00e1-los. Temos not\u00edcia de centenas de aparelhos que est\u00e3o inutilizados em cl\u00ednicas particulares, hospitais e poderiam ajudar muito o Estado nesse momento de dificuldades. Ap\u00f3s essa pandemia, os respiradores ser\u00e3o devolvidos aos estabelecimentos. Aqueles que n\u00e3o quiserem de volta, podem doar ao Estado. Os respiradores s\u00e3o de extrema import\u00e2ncia para os pacientes de coronav\u00edrus com dificuldade respirat\u00f3ria\u201d, afirmou o governador.<\/span><\/p>\n<p><span style=\"font-weight: 400;\">Zema ressaltou o empenho de todo o governo em encontrar solu\u00e7\u00f5es para preparar o estado para a crise. \u201cTemos tomado muitas medidas para minimizar o impacto dessa pandemia em Minas Gerais. Nossas a\u00e7\u00f5es j\u00e1 possibilitaram uma queda de interna\u00e7\u00f5es pela doen\u00e7a, nos \u00faltimos dias. Mesmo assim, continuamos atentos e preocupados com a vida. Quero repetir: passamos por um momento extremamente dif\u00edcil, mas temos como prioridade a vida dos mineiros\u201d, disse.<\/span><\/p>\n<p><span style=\"font-weight: 400;\">O comandante-geral da Pol\u00edcia Militar, coronel Giovanne Gomes da Silva, refor\u00e7ou o empenho da institui\u00e7\u00e3o para colaborar com as a\u00e7\u00f5es de preven\u00e7\u00e3o \u00e0 doen\u00e7a e destacou que a medida ter\u00e1 grande import\u00e2ncia para todos os mineiros.<\/span><\/p>\n<p><span style=\"font-weight: 400;\">\u201c\u00c9 uma opera\u00e7\u00e3o de guerra. A Pol\u00edcia Militar vai colocar todo o efetivo necess\u00e1rio para fazer a arrecada\u00e7\u00e3o em mais de 1,3 mil pontos em 24 horas, esta \u00e9 a nossa meta. N\u00e3o haver\u00e1 nenhum preju\u00edzo para os propriet\u00e1rios. Na verdade, ser\u00e1 um ganho, porque o Estado vai arrecadar o equipamento, fazer a manuten\u00e7\u00e3o e depois devolv\u00ea-lo em condi\u00e7\u00f5es de opera\u00e7\u00e3o ap\u00f3s a crise do Covid-19. Mais uma vez a Pol\u00edcia Militar est\u00e1 indo al\u00e9m da sua miss\u00e3o constitucional para contribuir para o bem estar do cidad\u00e3o\u201d, garantiu o comandante-geral. Segundo ele, os equipamentos que n\u00e3o puderem ser consertados ser\u00e3o devolvidos posteriormente aos respectivos propriet\u00e1rios.<\/span><\/p>\n<p>&nbsp;<\/p>\n<p><strong>Fonte:\u00a0<\/strong>Ag\u00eancia Minas<\/p>\n","protected":false},"excerpt":{"rendered":"<p>Empenhado em minimizar o impacto da crise do novo coronav\u00edrus em Minas Gerais, o governador Romeu Zema anunciou nessa quinta-feira (2) mais uma importante a\u00e7\u00e3o: a requisi\u00e7\u00e3o de cerca de mil respiradores em todo o estado para o tratamento da doen\u00e7a. Os aparelhos, atualmente estragados e inutilizados em cl\u00ednicas particulares, hospitais e estabelecimentos m\u00e9dicos, ser\u00e3o [&hellip;]<\/p>\n","protected":false},"author":96,"featured_media":157810,"comment_status":"closed","ping_status":"closed","sticky":false,"template":"","format":"standard","meta":{"footnotes":""},"categories":[436,440,252,439],"tags":[],"class_list":["post-157809","post","type-post","status-publish","format-standard","has-post-thumbnail","hentry","category-destaque-da-semana","category-destaques-do-dia","category-regiao","category-ultima-hora"],"_links":{"self":[{"href":"https:\/\/diarioregionaldigital.com.br\/index.php?rest_route=\/wp\/v2\/posts\/157809","targetHints":{"allow":["GET"]}}],"collection":[{"href":"https:\/\/diarioregionaldigital.com.br\/index.php?rest_route=\/wp\/v2\/posts"}],"about":[{"href":"https:\/\/diarioregionaldigital.com.br\/index.php?rest_route=\/wp\/v2\/types\/post"}],"author":[{"embeddable":true,"href":"https:\/\/diarioregionaldigital.com.br\/index.php?rest_route=\/wp\/v2\/users\/96"}],"replies":[{"embeddable":true,"href":"https:\/\/diarioregionaldigital.com.br\/index.php?rest_route=%2Fwp%2Fv2%2Fcomments&post=157809"}],"version-history":[{"count":0,"href":"https:\/\/diarioregionaldigital.com.br\/index.php?rest_route=\/wp\/v2\/posts\/157809\/revisions"}],"wp:featuredmedia":[{"embeddable":true,"href":"https:\/\/diarioregionaldigital.com.br\/index.php?rest_route=\/wp\/v2\/media\/157810"}],"wp:attachment":[{"href":"https:\/\/diarioregionaldigital.com.br\/index.php?rest_route=%2Fwp%2Fv2%2Fmedia&parent=157809"}],"wp:term":[{"taxonomy":"category","embeddable":true,"href":"https:\/\/diarioregionaldigital.com.br\/index.php?rest_route=%2Fwp%2Fv2%2Fcategories&post=157809"},{"taxonomy":"post_tag","embeddable":true,"href":"https:\/\/diarioregionaldigital.com.br\/index.php?rest_route=%2Fwp%2Fv2%2Ftags&post=157809"}],"curies":[{"name":"wp","href":"https:\/\/api.w.org\/{rel}","templated":true}]}}