{"id":157800,"date":"2020-04-02T06:00:53","date_gmt":"2020-04-02T09:00:53","guid":{"rendered":"https:\/\/diarioregionaldigital.com.br\/?p=157800"},"modified":"2020-04-01T22:07:20","modified_gmt":"2020-04-02T01:07:20","slug":"suando-em-casa","status":"publish","type":"post","link":"https:\/\/diarioregionaldigital.com.br\/?p=157800","title":{"rendered":"Suando em Casa"},"content":{"rendered":"<p style=\"text-align: center;\"><strong>Suando em Casa<\/strong><\/p>\n<p style=\"text-align: center;\">Exerc\u00edcios f\u00edsicos em aplicativos, grupos de Whatsapp e v\u00eddeos ao vivo se tornam essenciais para a sa\u00fade do corpo e da mente em tempos de quarentena, A dica deste colunista \u00e9 para o personal trainer Chico Salgado Team que montou aulas on-line atrav\u00e9s da plataforma Coursera.<\/p>\n<p style=\"text-align: center;\"><strong>Planeta \u00e1gua<\/strong><\/p>\n<p style=\"text-align: center;\">Com revis\u00e3o tarif\u00e1ria adiada, a Cesama informou que inadimplentes de Juiz de Fora ficar\u00e3o isentos de corte por 60 dias. Por\u00e9m a Companhia esclarece que a medida n\u00e3o significa isen\u00e7\u00e3o de d\u00e9bitos e os cortes poder\u00e3o ocorrer mais adiante. O motivo da a\u00e7\u00e3o \u00e9 em fun\u00e7\u00e3o da pandemia do Coronav\u00edrus.<\/p>\n<p style=\"text-align: center;\"><strong>Economia<\/strong><\/p>\n<p style=\"text-align: center;\">O CDL\/JF, Sindicom\u00e9rcio e Associa\u00e7\u00e3o Comercial e Empresarial da Juiz de Fora apresentam uma s\u00e9ria preocupa\u00e7\u00e3o a respeito da situa\u00e7\u00e3o do atual quadro que resultou no fechamento de v\u00e1rias atividades comerciais por decretos editados pelo Estado e pelo Munic\u00edpio. Para tanto, entidades comerciais pedem reabertura gradual de empresas.<\/p>\n<p style=\"text-align: center;\"><strong>Delivery<\/strong><\/p>\n<p style=\"text-align: center;\">Restaurantes se adaptam ao delivery para tentar sobreviver em tempos de Coronav\u00edrus. Muitos deles n\u00e3o faziam delivery por causa do conceito com ambiente acolhedor. Mas a situa\u00e7\u00e3o for\u00e7ou a repensar o conceito para pelo ao menos vender o estoque para pagar funcion\u00e1rios e fornecedores.<\/p>\n<p style=\"text-align: center;\"><span style=\"font-size: 14pt;\"><strong>Para Refletir<\/strong><\/span><\/p>\n<p style=\"text-align: center;\">\u201cQuando sairmos dessa n\u00e3o deixamos que apenas o corona se v\u00e1. Que ele leve consigo tamb\u00e9m os prepotentes negacionistas do colapso ambiental e social\u201d. (Bruno Astuto).<\/p>\n<div id=\"attachment_157766\" style=\"width: 690px\" class=\"wp-caption aligncenter\"><img loading=\"lazy\" decoding=\"async\" aria-describedby=\"caption-attachment-157766\" class=\"wp-image-157766\" src=\"https:\/\/diarioregionaldigital.com.br\/wp-content\/uploads\/2020\/04\/fotoa-e1585788171740.jpg\" alt=\"\" width=\"680\" height=\"463\" srcset=\"https:\/\/diarioregionaldigital.com.br\/wp-content\/uploads\/2020\/04\/fotoa-e1585788171740.jpg 2361w, https:\/\/diarioregionaldigital.com.br\/wp-content\/uploads\/2020\/04\/fotoa-e1585788171740-300x204.jpg 300w, https:\/\/diarioregionaldigital.com.br\/wp-content\/uploads\/2020\/04\/fotoa-e1585788171740-768x522.jpg 768w, https:\/\/diarioregionaldigital.com.br\/wp-content\/uploads\/2020\/04\/fotoa-e1585788171740-1024x697.jpg 1024w, https:\/\/diarioregionaldigital.com.br\/wp-content\/uploads\/2020\/04\/fotoa-e1585788171740-360x245.jpg 360w\" sizes=\"auto, (max-width: 680px) 100vw, 680px\" \/><p id=\"caption-attachment-157766\" class=\"wp-caption-text\">Autoridades solid\u00e1rios contra a pandemia do Coronav\u00edrus com o presidente do Sinteac S\u00e9rgio F\u00e9lix e o Delegado de Pol\u00edcia Civil, Dr. Armando Av\u00f3lio Neto<\/p><\/div>\n<div id=\"attachment_157767\" style=\"width: 690px\" class=\"wp-caption aligncenter\"><img loading=\"lazy\" decoding=\"async\" aria-describedby=\"caption-attachment-157767\" class=\"wp-image-157767\" src=\"https:\/\/diarioregionaldigital.com.br\/wp-content\/uploads\/2020\/04\/fotob-e1585788303785.jpg\" alt=\"\" width=\"680\" height=\"523\" srcset=\"https:\/\/diarioregionaldigital.com.br\/wp-content\/uploads\/2020\/04\/fotob-e1585788303785.jpg 1586w, https:\/\/diarioregionaldigital.com.br\/wp-content\/uploads\/2020\/04\/fotob-e1585788303785-300x231.jpg 300w, https:\/\/diarioregionaldigital.com.br\/wp-content\/uploads\/2020\/04\/fotob-e1585788303785-768x590.jpg 768w, https:\/\/diarioregionaldigital.com.br\/wp-content\/uploads\/2020\/04\/fotob-e1585788303785-1024x787.jpg 1024w, https:\/\/diarioregionaldigital.com.br\/wp-content\/uploads\/2020\/04\/fotob-e1585788303785-360x277.jpg 360w\" sizes=\"auto, (max-width: 680px) 100vw, 680px\" \/><p id=\"caption-attachment-157767\" class=\"wp-caption-text\">Mulheres lindas conectadas com a quarentena, produzem o viver agora, Adelaide Rodrigues e a filha Paula Rodrigues<\/p><\/div>\n<div id=\"attachment_157768\" style=\"width: 690px\" class=\"wp-caption aligncenter\"><img loading=\"lazy\" decoding=\"async\" aria-describedby=\"caption-attachment-157768\" class=\"wp-image-157768\" src=\"https:\/\/diarioregionaldigital.com.br\/wp-content\/uploads\/2020\/04\/fotoc-e1585788379782.jpg\" alt=\"\" width=\"680\" height=\"467\" srcset=\"https:\/\/diarioregionaldigital.com.br\/wp-content\/uploads\/2020\/04\/fotoc-e1585788379782.jpg 1780w, https:\/\/diarioregionaldigital.com.br\/wp-content\/uploads\/2020\/04\/fotoc-e1585788379782-300x206.jpg 300w, https:\/\/diarioregionaldigital.com.br\/wp-content\/uploads\/2020\/04\/fotoc-e1585788379782-768x528.jpg 768w, https:\/\/diarioregionaldigital.com.br\/wp-content\/uploads\/2020\/04\/fotoc-e1585788379782-1024x704.jpg 1024w, https:\/\/diarioregionaldigital.com.br\/wp-content\/uploads\/2020\/04\/fotoc-e1585788379782-360x247.jpg 360w, https:\/\/diarioregionaldigital.com.br\/wp-content\/uploads\/2020\/04\/fotoc-e1585788379782-100x70.jpg 100w\" sizes=\"auto, (max-width: 680px) 100vw, 680px\" \/><p id=\"caption-attachment-157768\" class=\"wp-caption-text\">Elegantes Belinha Sampaio e Maria L\u00facia Saraiva em momento especial no Rio antes do isolamento social<\/p><\/div>\n<div id=\"attachment_157769\" style=\"width: 690px\" class=\"wp-caption aligncenter\"><img loading=\"lazy\" decoding=\"async\" aria-describedby=\"caption-attachment-157769\" class=\"wp-image-157769\" src=\"https:\/\/diarioregionaldigital.com.br\/wp-content\/uploads\/2020\/04\/fotod-e1585788513711.jpg\" alt=\"\" width=\"680\" height=\"503\" srcset=\"https:\/\/diarioregionaldigital.com.br\/wp-content\/uploads\/2020\/04\/fotod-e1585788513711.jpg 1867w, https:\/\/diarioregionaldigital.com.br\/wp-content\/uploads\/2020\/04\/fotod-e1585788513711-300x222.jpg 300w, https:\/\/diarioregionaldigital.com.br\/wp-content\/uploads\/2020\/04\/fotod-e1585788513711-768x568.jpg 768w, https:\/\/diarioregionaldigital.com.br\/wp-content\/uploads\/2020\/04\/fotod-e1585788513711-1024x757.jpg 1024w, https:\/\/diarioregionaldigital.com.br\/wp-content\/uploads\/2020\/04\/fotod-e1585788513711-360x266.jpg 360w\" sizes=\"auto, (max-width: 680px) 100vw, 680px\" \/><p id=\"caption-attachment-157769\" class=\"wp-caption-text\">O coiffeur Carlos Badico produzindo a bela B\u00e1rbara Moreno, no Sal\u00e3o Ideali<\/p><\/div>\n<div id=\"attachment_157771\" style=\"width: 690px\" class=\"wp-caption aligncenter\"><img loading=\"lazy\" decoding=\"async\" aria-describedby=\"caption-attachment-157771\" class=\"wp-image-157771\" src=\"https:\/\/diarioregionaldigital.com.br\/wp-content\/uploads\/2020\/04\/fotoe-e1585788563372.jpg\" alt=\"\" width=\"680\" height=\"494\" srcset=\"https:\/\/diarioregionaldigital.com.br\/wp-content\/uploads\/2020\/04\/fotoe-e1585788563372.jpg 1806w, https:\/\/diarioregionaldigital.com.br\/wp-content\/uploads\/2020\/04\/fotoe-e1585788563372-300x218.jpg 300w, https:\/\/diarioregionaldigital.com.br\/wp-content\/uploads\/2020\/04\/fotoe-e1585788563372-768x558.jpg 768w, https:\/\/diarioregionaldigital.com.br\/wp-content\/uploads\/2020\/04\/fotoe-e1585788563372-1024x744.jpg 1024w, https:\/\/diarioregionaldigital.com.br\/wp-content\/uploads\/2020\/04\/fotoe-e1585788563372-360x262.jpg 360w\" sizes=\"auto, (max-width: 680px) 100vw, 680px\" \/><p id=\"caption-attachment-157771\" class=\"wp-caption-text\">Fazendo corrente positiva na \u201cObsess\u00e3o Prata e Semi-J\u00f3ias\u201d, Nilza Venuto e Marc\u00edlio Gomes<\/p><\/div>\n<div id=\"attachment_157773\" style=\"width: 690px\" class=\"wp-caption aligncenter\"><img loading=\"lazy\" decoding=\"async\" aria-describedby=\"caption-attachment-157773\" class=\"wp-image-157773\" src=\"https:\/\/diarioregionaldigital.com.br\/wp-content\/uploads\/2020\/04\/fotof-e1585788799962.jpg\" alt=\"\" width=\"680\" height=\"467\" srcset=\"https:\/\/diarioregionaldigital.com.br\/wp-content\/uploads\/2020\/04\/fotof-e1585788799962.jpg 1634w, https:\/\/diarioregionaldigital.com.br\/wp-content\/uploads\/2020\/04\/fotof-e1585788799962-300x206.jpg 300w, https:\/\/diarioregionaldigital.com.br\/wp-content\/uploads\/2020\/04\/fotof-e1585788799962-768x528.jpg 768w, https:\/\/diarioregionaldigital.com.br\/wp-content\/uploads\/2020\/04\/fotof-e1585788799962-1024x704.jpg 1024w, https:\/\/diarioregionaldigital.com.br\/wp-content\/uploads\/2020\/04\/fotof-e1585788799962-360x247.jpg 360w, https:\/\/diarioregionaldigital.com.br\/wp-content\/uploads\/2020\/04\/fotof-e1585788799962-100x70.jpg 100w\" sizes=\"auto, (max-width: 680px) 100vw, 680px\" \/><p id=\"caption-attachment-157773\" class=\"wp-caption-text\">No Marcellu\u2019s Aero o jovem e elegante casal, Thalita Magnolo e Maxwell Costa<\/p><\/div>\n<div id=\"attachment_157775\" style=\"width: 690px\" class=\"wp-caption aligncenter\"><img loading=\"lazy\" decoding=\"async\" aria-describedby=\"caption-attachment-157775\" class=\"wp-image-157775\" src=\"https:\/\/diarioregionaldigital.com.br\/wp-content\/uploads\/2020\/04\/fotog-e1585788874456.jpg\" alt=\"\" width=\"680\" height=\"470\" srcset=\"https:\/\/diarioregionaldigital.com.br\/wp-content\/uploads\/2020\/04\/fotog-e1585788874456.jpg 1881w, https:\/\/diarioregionaldigital.com.br\/wp-content\/uploads\/2020\/04\/fotog-e1585788874456-300x207.jpg 300w, https:\/\/diarioregionaldigital.com.br\/wp-content\/uploads\/2020\/04\/fotog-e1585788874456-768x530.jpg 768w, https:\/\/diarioregionaldigital.com.br\/wp-content\/uploads\/2020\/04\/fotog-e1585788874456-1024x707.jpg 1024w, https:\/\/diarioregionaldigital.com.br\/wp-content\/uploads\/2020\/04\/fotog-e1585788874456-360x249.jpg 360w, https:\/\/diarioregionaldigital.com.br\/wp-content\/uploads\/2020\/04\/fotog-e1585788874456-100x70.jpg 100w\" sizes=\"auto, (max-width: 680px) 100vw, 680px\" \/><p id=\"caption-attachment-157775\" class=\"wp-caption-text\">Em momento social no T\u00fanel do Tempo o colunista Eduardo Gomes e a Delegada \u00c2ngela Fellet<\/p><\/div>\n<div id=\"attachment_157778\" style=\"width: 690px\" class=\"wp-caption aligncenter\"><img loading=\"lazy\" decoding=\"async\" aria-describedby=\"caption-attachment-157778\" class=\"wp-image-157778\" src=\"https:\/\/diarioregionaldigital.com.br\/wp-content\/uploads\/2020\/04\/fotoh-e1585788915583.jpg\" alt=\"\" width=\"680\" height=\"523\" srcset=\"https:\/\/diarioregionaldigital.com.br\/wp-content\/uploads\/2020\/04\/fotoh-e1585788915583.jpg 1935w, https:\/\/diarioregionaldigital.com.br\/wp-content\/uploads\/2020\/04\/fotoh-e1585788915583-300x231.jpg 300w, https:\/\/diarioregionaldigital.com.br\/wp-content\/uploads\/2020\/04\/fotoh-e1585788915583-768x591.jpg 768w, https:\/\/diarioregionaldigital.com.br\/wp-content\/uploads\/2020\/04\/fotoh-e1585788915583-1024x788.jpg 1024w, https:\/\/diarioregionaldigital.com.br\/wp-content\/uploads\/2020\/04\/fotoh-e1585788915583-360x277.jpg 360w\" sizes=\"auto, (max-width: 680px) 100vw, 680px\" \/><p id=\"caption-attachment-157778\" class=\"wp-caption-text\">Um pouco da alegria do Grupo S\u00f3 Par\u00eant<\/p><\/div>\n<div id=\"attachment_157779\" style=\"width: 690px\" class=\"wp-caption aligncenter\"><img loading=\"lazy\" decoding=\"async\" aria-describedby=\"caption-attachment-157779\" class=\"wp-image-157779\" src=\"https:\/\/diarioregionaldigital.com.br\/wp-content\/uploads\/2020\/04\/fotoi.jpg\" alt=\"\" width=\"680\" height=\"476\" srcset=\"https:\/\/diarioregionaldigital.com.br\/wp-content\/uploads\/2020\/04\/fotoi.jpg 2432w, https:\/\/diarioregionaldigital.com.br\/wp-content\/uploads\/2020\/04\/fotoi-300x210.jpg 300w, https:\/\/diarioregionaldigital.com.br\/wp-content\/uploads\/2020\/04\/fotoi-768x538.jpg 768w, https:\/\/diarioregionaldigital.com.br\/wp-content\/uploads\/2020\/04\/fotoi-1024x717.jpg 1024w, https:\/\/diarioregionaldigital.com.br\/wp-content\/uploads\/2020\/04\/fotoi-360x252.jpg 360w, https:\/\/diarioregionaldigital.com.br\/wp-content\/uploads\/2020\/04\/fotoi-100x70.jpg 100w\" sizes=\"auto, (max-width: 680px) 100vw, 680px\" \/><p id=\"caption-attachment-157779\" class=\"wp-caption-text\">Em casamento chique em S\u00e3o Paulo, Maurilio e Mirian Naves, Mariana Cardosos Naves \u00c0vila, Vin\u00edcius Cardoso, Mariane e Lucia Naves e Allanna<\/p><\/div>\n<div id=\"attachment_157780\" style=\"width: 690px\" class=\"wp-caption aligncenter\"><img loading=\"lazy\" decoding=\"async\" aria-describedby=\"caption-attachment-157780\" class=\"wp-image-157780\" src=\"https:\/\/diarioregionaldigital.com.br\/wp-content\/uploads\/2020\/04\/fotoj-e1585789046804.jpg\" alt=\"\" width=\"680\" height=\"496\" srcset=\"https:\/\/diarioregionaldigital.com.br\/wp-content\/uploads\/2020\/04\/fotoj-e1585789046804.jpg 2419w, https:\/\/diarioregionaldigital.com.br\/wp-content\/uploads\/2020\/04\/fotoj-e1585789046804-300x219.jpg 300w, https:\/\/diarioregionaldigital.com.br\/wp-content\/uploads\/2020\/04\/fotoj-e1585789046804-768x560.jpg 768w, https:\/\/diarioregionaldigital.com.br\/wp-content\/uploads\/2020\/04\/fotoj-e1585789046804-1024x746.jpg 1024w, https:\/\/diarioregionaldigital.com.br\/wp-content\/uploads\/2020\/04\/fotoj-e1585789046804-360x262.jpg 360w\" sizes=\"auto, (max-width: 680px) 100vw, 680px\" \/><p id=\"caption-attachment-157780\" class=\"wp-caption-text\">Solid\u00e1rios por boas causas no CROP, Major Fiorenzano, Luciano Sobrinho, Dr\u00aa C\u00e1tia Moreira (OAB), Ten. Cel Marco e Eumar Werneck<\/p><\/div>\n<p style=\"text-align: center;\"><strong>FOTOSS\u00cdNTESE<\/strong><\/p>\n<p>A Santa Casa de Miseric\u00f3rdia de Juiz de Fora avisa: em caso de febre alta, tosse persistente e falta de ar, procure as instala\u00e7\u00f5es espec\u00edficas para atendimento de Coronav\u00edrus no Servi\u00e7o de Urg\u00eancias Especializadas da Santa Casa.<\/p>\n<p>Com gente bondosa, desde o come\u00e7o da semana passada o Lions Clube de Juiz de Fora, Passaporte Estrela Sul est\u00e1 a frente da produ\u00e7\u00e3o de capote, capuz e cal\u00e7a em TNT para doa\u00e7\u00e3o aos profissionais de sa\u00fade.<\/p>\n<p>O estudante Allan Landau \u00e9 digo de elogios. Ele est\u00e1 produzindo m\u00e1scaras em casa, utilizando sua impressora 3D e precisa de mat\u00e9ria prima para seguir em frente e entregar nos hospitais e suprir a demanda dos agentes de sa\u00fade da cidade. As doa\u00e7\u00f5es podem ser entregues no Instituto Vianna J\u00fanior que apoia esta iniciativa solid\u00e1ria.<\/p>\n<p>Para celebrar o Dia do Teatro acontecido no dia 27 de mar\u00e7o, o Corpo Coletivo encenou o espet\u00e1culo \u201c#teatroantiv\u00edrus\u201d, na p\u00e1gina do Instagram (OAndardeBaixo).<\/p>\n<p>Lojas e restaurantes est\u00e3o aderindo ao delivery. Em nossa sele\u00e7\u00e3o figuram: Arpel, Salim Carnes Nobres, Rellic\u00e1rio, Asadero Costelaria, \u00c1gua e Cia e Bar do Totonho.<\/p>\n<p>Quer ouvir boa m\u00fasica? Confira no You Tube o show de Sandra Portella. Pesquise pelo Canal \u201cSandra Portella \u2013 Tema\u201d.<\/p>\n<p>Ex. jogador de Tupi, Sport e Mancheste, Ronaldo Bernardo \u00e9 treinador na China. Est\u00e1 em Juiz de Fora visitando a fam\u00edlia e pretende voltar quando a poeira baixar.<\/p>\n<p>Para refletir: A imagina\u00e7\u00e3o \u00e9 a metade da doen\u00e7a. A tranquilidade e a higieniza\u00e7\u00e3o a cura. Bom dia.<\/p>\n<p><img loading=\"lazy\" decoding=\"async\" class=\"aligncenter size-full wp-image-145608\" src=\"https:\/\/diarioregionaldigital.com.br\/wp-content\/uploads\/2019\/08\/arte-coluna-social-2-1.png\" alt=\"\" width=\"3508\" height=\"709\" srcset=\"https:\/\/diarioregionaldigital.com.br\/wp-content\/uploads\/2019\/08\/arte-coluna-social-2-1.png 3508w, https:\/\/diarioregionaldigital.com.br\/wp-content\/uploads\/2019\/08\/arte-coluna-social-2-1-300x61.png 300w, https:\/\/diarioregionaldigital.com.br\/wp-content\/uploads\/2019\/08\/arte-coluna-social-2-1-768x155.png 768w, https:\/\/diarioregionaldigital.com.br\/wp-content\/uploads\/2019\/08\/arte-coluna-social-2-1-1024x207.png 1024w, https:\/\/diarioregionaldigital.com.br\/wp-content\/uploads\/2019\/08\/arte-coluna-social-2-1-360x73.png 360w\" sizes=\"auto, (max-width: 3508px) 100vw, 3508px\" \/><\/p>\n","protected":false},"excerpt":{"rendered":"<p>Suando em Casa Exerc\u00edcios f\u00edsicos em aplicativos, grupos de Whatsapp e v\u00eddeos ao vivo se tornam essenciais para a sa\u00fade do corpo e da mente em tempos de quarentena, A dica deste colunista \u00e9 para o personal trainer Chico Salgado Team que montou aulas on-line atrav\u00e9s da plataforma Coursera. Planeta \u00e1gua Com revis\u00e3o tarif\u00e1ria adiada, [&hellip;]<\/p>\n","protected":false},"author":96,"featured_media":157766,"comment_status":"closed","ping_status":"closed","sticky":false,"template":"","format":"standard","meta":{"footnotes":""},"categories":[264],"tags":[],"class_list":["post-157800","post","type-post","status-publish","format-standard","has-post-thumbnail","hentry","category-eduardo-gomes"],"_links":{"self":[{"href":"https:\/\/diarioregionaldigital.com.br\/index.php?rest_route=\/wp\/v2\/posts\/157800","targetHints":{"allow":["GET"]}}],"collection":[{"href":"https:\/\/diarioregionaldigital.com.br\/index.php?rest_route=\/wp\/v2\/posts"}],"about":[{"href":"https:\/\/diarioregionaldigital.com.br\/index.php?rest_route=\/wp\/v2\/types\/post"}],"author":[{"embeddable":true,"href":"https:\/\/diarioregionaldigital.com.br\/index.php?rest_route=\/wp\/v2\/users\/96"}],"replies":[{"embeddable":true,"href":"https:\/\/diarioregionaldigital.com.br\/index.php?rest_route=%2Fwp%2Fv2%2Fcomments&post=157800"}],"version-history":[{"count":0,"href":"https:\/\/diarioregionaldigital.com.br\/index.php?rest_route=\/wp\/v2\/posts\/157800\/revisions"}],"wp:featuredmedia":[{"embeddable":true,"href":"https:\/\/diarioregionaldigital.com.br\/index.php?rest_route=\/wp\/v2\/media\/157766"}],"wp:attachment":[{"href":"https:\/\/diarioregionaldigital.com.br\/index.php?rest_route=%2Fwp%2Fv2%2Fmedia&parent=157800"}],"wp:term":[{"taxonomy":"category","embeddable":true,"href":"https:\/\/diarioregionaldigital.com.br\/index.php?rest_route=%2Fwp%2Fv2%2Fcategories&post=157800"},{"taxonomy":"post_tag","embeddable":true,"href":"https:\/\/diarioregionaldigital.com.br\/index.php?rest_route=%2Fwp%2Fv2%2Ftags&post=157800"}],"curies":[{"name":"wp","href":"https:\/\/api.w.org\/{rel}","templated":true}]}}