{"id":157795,"date":"2020-04-01T18:33:56","date_gmt":"2020-04-01T21:33:56","guid":{"rendered":"https:\/\/diarioregionaldigital.com.br\/?p=157795"},"modified":"2020-04-01T18:33:56","modified_gmt":"2020-04-01T21:33:56","slug":"operacao-conjunta-e-deflagrada-para-combater-furtos-e-trafico-em-chacara","status":"publish","type":"post","link":"https:\/\/diarioregionaldigital.com.br\/?p=157795","title":{"rendered":"Opera\u00e7\u00e3o conjunta \u00e9 deflagrada para combater furtos e tr\u00e1fico em Ch\u00e1cara"},"content":{"rendered":"<p>Nesta quarta-feira (1\u00ba), a Pol\u00edcia Civil de Minas Gerais, em a\u00e7\u00e3o conjunta com a Pol\u00edcia Militar de Minas Gerais, deflagrou, no munic\u00edpio de Ch\u00e1cara, a primeira fase da opera\u00e7\u00e3o \u201cCrook\u201d \u2013 em ingl\u00eas, refer\u00eancia a gatuno &#8211; para cumprimento de cinco mandados de pris\u00e3o e de cinco mandados de busca e apreens\u00e3o. A manobra teve como objetivo combater furtos recorrentes e o tr\u00e1fico de drogas no munic\u00edpio. Quatro pessoas foram presas.<\/p>\n<p>De acordo com a Titular da 4\u00aa Delegacia, Delegada Ione Maria Moreira Dias Barbosa, durante as buscas, nada de il\u00edcito foi encontrado. Outras a\u00e7\u00f5es ser\u00e3o desencadeadas e as investiga\u00e7\u00f5es prosseguem, inclusive, com o objetivo de localizar o quinto investigado.<\/p>\n<p>&nbsp;<\/p>\n<p><strong>Fonte:<\/strong>\u00a0PCMG<\/p>\n","protected":false},"excerpt":{"rendered":"<p>Nesta quarta-feira (1\u00ba), a Pol\u00edcia Civil de Minas Gerais, em a\u00e7\u00e3o conjunta com a Pol\u00edcia Militar de Minas Gerais, deflagrou, no munic\u00edpio de Ch\u00e1cara, a primeira fase da opera\u00e7\u00e3o \u201cCrook\u201d \u2013 em ingl\u00eas, refer\u00eancia a gatuno &#8211; para cumprimento de cinco mandados de pris\u00e3o e de cinco mandados de busca e apreens\u00e3o. A manobra teve [&hellip;]<\/p>\n","protected":false},"author":96,"featured_media":157796,"comment_status":"closed","ping_status":"closed","sticky":false,"template":"","format":"standard","meta":{"footnotes":""},"categories":[301,436,439],"tags":[],"class_list":["post-157795","post","type-post","status-publish","format-standard","has-post-thumbnail","hentry","category-artigos-policiais","category-destaque-da-semana","category-ultima-hora"],"_links":{"self":[{"href":"https:\/\/diarioregionaldigital.com.br\/index.php?rest_route=\/wp\/v2\/posts\/157795","targetHints":{"allow":["GET"]}}],"collection":[{"href":"https:\/\/diarioregionaldigital.com.br\/index.php?rest_route=\/wp\/v2\/posts"}],"about":[{"href":"https:\/\/diarioregionaldigital.com.br\/index.php?rest_route=\/wp\/v2\/types\/post"}],"author":[{"embeddable":true,"href":"https:\/\/diarioregionaldigital.com.br\/index.php?rest_route=\/wp\/v2\/users\/96"}],"replies":[{"embeddable":true,"href":"https:\/\/diarioregionaldigital.com.br\/index.php?rest_route=%2Fwp%2Fv2%2Fcomments&post=157795"}],"version-history":[{"count":0,"href":"https:\/\/diarioregionaldigital.com.br\/index.php?rest_route=\/wp\/v2\/posts\/157795\/revisions"}],"wp:featuredmedia":[{"embeddable":true,"href":"https:\/\/diarioregionaldigital.com.br\/index.php?rest_route=\/wp\/v2\/media\/157796"}],"wp:attachment":[{"href":"https:\/\/diarioregionaldigital.com.br\/index.php?rest_route=%2Fwp%2Fv2%2Fmedia&parent=157795"}],"wp:term":[{"taxonomy":"category","embeddable":true,"href":"https:\/\/diarioregionaldigital.com.br\/index.php?rest_route=%2Fwp%2Fv2%2Fcategories&post=157795"},{"taxonomy":"post_tag","embeddable":true,"href":"https:\/\/diarioregionaldigital.com.br\/index.php?rest_route=%2Fwp%2Fv2%2Ftags&post=157795"}],"curies":[{"name":"wp","href":"https:\/\/api.w.org\/{rel}","templated":true}]}}