{"id":157792,"date":"2020-04-01T18:23:27","date_gmt":"2020-04-01T21:23:27","guid":{"rendered":"https:\/\/diarioregionaldigital.com.br\/?p=157792"},"modified":"2020-04-01T18:23:27","modified_gmt":"2020-04-01T21:23:27","slug":"suspensao-de-atividades-da-ufjf-e-prorrogada-por-30-dias","status":"publish","type":"post","link":"https:\/\/diarioregionaldigital.com.br\/?p=157792","title":{"rendered":"Suspens\u00e3o de atividades da UFJF \u00e9 prorrogada por 30 dias"},"content":{"rendered":"<p>A Universidade Federal de Juiz de Fora (UFJF), anunciou nessa quarta-feira (1), a prorroga\u00e7\u00e3o da suspens\u00e3o das atividades presenciais, por 30 dias, em decorr\u00eancia da epidemia do Coronav\u00edrus. No entanto, o prazo pode ser alterado a qualquer momento.<\/p>\n<p>A decis\u00e3o segue segue orienta\u00e7\u00e3o do Comit\u00ea de Monitoramento e Orienta\u00e7\u00e3o de Condutas sobre o novo Coronav\u00edrus (SarsCov-2) da UFJF e usa como base as estrat\u00e9gias adotadas para controlar a propaga\u00e7\u00e3o do v\u00edrus e tamb\u00e9m reduzir o impacto dos danos causados.<\/p>\n<p>Al\u00e9m da prorroga\u00e7\u00e3o da suspens\u00e3o das atividades, a portaria tamb\u00e9m d\u00e1 \u00e0 Comiss\u00e3o de Coordena\u00e7\u00e3o das A\u00e7\u00f5es de Enfrentamento da Covid-19 a premissa de autorizar a realiza\u00e7\u00e3o de atividades presenciais, acad\u00eamicas ou administrativas, que sejam necess\u00e1rias para viabiliar as a\u00e7\u00f5es planejadas, desde que sejam garantidas condi\u00e7\u00f5es de seguran\u00e7a aos envolvidos.<\/p>\n<p>Em nota a UFJF comentou sobre a reuni\u00e3o realizada nessa quarta-feira, entre \u00a0o Comit\u00ea de Monitoramento e Orienta\u00e7\u00e3o de Condutas sobre o novo Coronav\u00edrus (SarsCov-2) e tamb\u00e9m fala sobre seguir as orienta\u00e7\u00f5es a respeito da doen\u00e7a:<\/p>\n<p>&nbsp;<\/p>\n<p><em>\u201cO Comit\u00ea de Monitoramento e Orienta\u00e7\u00e3o de Condutas sobre o novo Coronav\u00edrus (SarsCov-2) da UFJF reuniu-se \u00e0s 14 horas do dia 31 de mar\u00e7o de 2020 para proceder \u00e0 avalia\u00e7\u00e3o da tend\u00eancia da epidemia e orientar a institui\u00e7\u00e3o sobre medidas a serem implementadas.<\/em><\/p>\n<p><em>Na ocasi\u00e3o, \u00e9 oportuno considerar que a Organiza\u00e7\u00e3o Mundial da Sa\u00fade (OMS), diante de um cen\u00e1rio internacional de expans\u00e3o da doen\u00e7a por diversos continentes, declarou pandemia de Covid-19; o Governo do Estado de Minas Gerais teve sua situa\u00e7\u00e3o de emerg\u00eancia decretada, e os dados presentes no boletim epidemiol\u00f3gico sobre a situa\u00e7\u00e3o dos munic\u00edpios de Juiz de Fora e Governador Valadares orientam o Comit\u00ea que recomende \u00e0 UFJF que:<\/em><\/p>\n<ul>\n<li><em> intensifique a ado\u00e7\u00e3o de medidas de prote\u00e7\u00e3o para o enfrentamento da emerg\u00eancia de sa\u00fade p\u00fablica decorrente de Covid-19 no seio da comunidade universit\u00e1ria, contribuindo com as a\u00e7\u00f5es municipais (Juiz de Fora e Governador Valadares) e estaduais de cuidado e preven\u00e7\u00e3o;<\/em><\/li>\n<li><em> mantenha as pr\u00e1ticas de distanciamento social no sentido de reduzir a exposi\u00e7\u00e3o de trabalhadores e estudantes da Universidade aos riscos de contamina\u00e7\u00e3o;<\/em><\/li>\n<li><em> permane\u00e7a com a suspens\u00e3o de suas atividades prevista na resolu\u00e7\u00e3o Consu n\u00ba 10\/2020 por um per\u00edodo de 30 dias, podendo a suspens\u00e3o ou o seu prazo serem alterados a qualquer tempo, ouvindo este Comit\u00ea de Monitoramento e Orienta\u00e7\u00f5es de Conduta sobre o Coronav\u00edrus, que tomar\u00e1 como refer\u00eancia a tend\u00eancia da epidemia e as estrat\u00e9gias adotadas que reduzem o impacto na morbidade e mortalidades;<\/em><\/li>\n<li><em> Por meio da Comiss\u00e3o de Coordena\u00e7\u00e3o das A\u00e7\u00f5es de enfrentamento do Covid19, portaria SEI n.428\/2020, possa autorizar atividades presenciais em unidades da institui\u00e7\u00e3o, se as mesmas estiverem relacionadas ao enfrentamento da pandemia. Para tanto, devem ser respeitadas e asseguradas as condi\u00e7\u00f5es de seguran\u00e7a necess\u00e1rias aos envolvidos (Docentes, T\u00e9cnicos e Discentes), como evitar aglomera\u00e7\u00f5es, respeitar a dist\u00e2ncia entre as pessoas e fornecimento de equipamentos de prote\u00e7\u00e3o individual em tipo e n\u00famero adequados ao risco.<\/em><\/li>\n<\/ul>\n<p><em>Este comit\u00ea acompanha atentamente a situa\u00e7\u00e3o da Covid-19 e refor\u00e7a que o sucesso no enfrentamento exige a\u00e7\u00f5es articuladas e participa\u00e7\u00e3o de toda a sociedade\u201d.<\/em><\/p>\n<p><em>\u00a0<\/em><\/p>\n","protected":false},"excerpt":{"rendered":"<p>A Universidade Federal de Juiz de Fora (UFJF), anunciou nessa quarta-feira (1), a prorroga\u00e7\u00e3o da suspens\u00e3o das atividades presenciais, por 30 dias, em decorr\u00eancia da epidemia do Coronav\u00edrus. No entanto, o prazo pode ser alterado a qualquer momento. A decis\u00e3o segue segue orienta\u00e7\u00e3o do Comit\u00ea de Monitoramento e Orienta\u00e7\u00e3o de Condutas sobre o novo Coronav\u00edrus [&hellip;]<\/p>\n","protected":false},"author":96,"featured_media":157793,"comment_status":"closed","ping_status":"closed","sticky":false,"template":"","format":"standard","meta":{"footnotes":""},"categories":[253,436,440,439],"tags":[],"class_list":["post-157792","post","type-post","status-publish","format-standard","has-post-thumbnail","hentry","category-cidade","category-destaque-da-semana","category-destaques-do-dia","category-ultima-hora"],"_links":{"self":[{"href":"https:\/\/diarioregionaldigital.com.br\/index.php?rest_route=\/wp\/v2\/posts\/157792","targetHints":{"allow":["GET"]}}],"collection":[{"href":"https:\/\/diarioregionaldigital.com.br\/index.php?rest_route=\/wp\/v2\/posts"}],"about":[{"href":"https:\/\/diarioregionaldigital.com.br\/index.php?rest_route=\/wp\/v2\/types\/post"}],"author":[{"embeddable":true,"href":"https:\/\/diarioregionaldigital.com.br\/index.php?rest_route=\/wp\/v2\/users\/96"}],"replies":[{"embeddable":true,"href":"https:\/\/diarioregionaldigital.com.br\/index.php?rest_route=%2Fwp%2Fv2%2Fcomments&post=157792"}],"version-history":[{"count":0,"href":"https:\/\/diarioregionaldigital.com.br\/index.php?rest_route=\/wp\/v2\/posts\/157792\/revisions"}],"wp:featuredmedia":[{"embeddable":true,"href":"https:\/\/diarioregionaldigital.com.br\/index.php?rest_route=\/wp\/v2\/media\/157793"}],"wp:attachment":[{"href":"https:\/\/diarioregionaldigital.com.br\/index.php?rest_route=%2Fwp%2Fv2%2Fmedia&parent=157792"}],"wp:term":[{"taxonomy":"category","embeddable":true,"href":"https:\/\/diarioregionaldigital.com.br\/index.php?rest_route=%2Fwp%2Fv2%2Fcategories&post=157792"},{"taxonomy":"post_tag","embeddable":true,"href":"https:\/\/diarioregionaldigital.com.br\/index.php?rest_route=%2Fwp%2Fv2%2Ftags&post=157792"}],"curies":[{"name":"wp","href":"https:\/\/api.w.org\/{rel}","templated":true}]}}