{"id":157789,"date":"2020-04-01T18:22:24","date_gmt":"2020-04-01T21:22:24","guid":{"rendered":"https:\/\/diarioregionaldigital.com.br\/?p=157789"},"modified":"2020-04-01T18:22:24","modified_gmt":"2020-04-01T21:22:24","slug":"guarda-municipal-garante-manutencao-de-servicos","status":"publish","type":"post","link":"https:\/\/diarioregionaldigital.com.br\/?p=157789","title":{"rendered":"Guarda Municipal garante manuten\u00e7\u00e3o de servi\u00e7os"},"content":{"rendered":"<p>A Guarda Municipal (GM) de Juiz de Fora, \u00f3rg\u00e3o da Secretaria de Seguran\u00e7a Urbana e Cidadania (Sesuc), est\u00e1 mantendo todos seus setores em funcionamento, garantindo apoio normal, atrav\u00e9s das equipes operacionais, a diversos postos por toda a cidade. Por se tratar de servi\u00e7o de car\u00e1ter essencial, a Guarda n\u00e3o teve qualquer modifica\u00e7\u00e3o na sua rotina de a\u00e7\u00e3o. Na sede da corpora\u00e7\u00e3o, a central de atendimento, 153, opera 24 horas. Nas ruas, equipes trabalham em rondas preventivas e na conjuga\u00e7\u00e3o de esfor\u00e7os para o cumprimento da legisla\u00e7\u00e3o vigente, voltada para a prote\u00e7\u00e3o contra a covid-19 no Munic\u00edpio.<\/p>\n<p>Para sua pr\u00f3pria prote\u00e7\u00e3o, os guardas municipais est\u00e3o trabalhando com m\u00e1scaras e luvas. Os itens j\u00e1 fazem parte dos equipamentos trazidos junto ao uniforme dos agentes, para uso em situa\u00e7\u00f5es como socorro de acidentados em via p\u00fablica e manuseio de materiais insalubres.<\/p>\n<p>Na \u00faltima semana, a GM deu in\u00edcio \u00e0 Ronda SUS, estrat\u00e9gia de cobertura em seguran\u00e7a de apoio aos servi\u00e7os e servidores da \u00e1rea de sa\u00fade. O projeto foi efetivado em parceria com a Secretaria de Sa\u00fade (SS) e tem por objetivo assegurar mais tranquilidade para que os profissionais dessas unidades possam se dedicar as suas fun\u00e7\u00f5es, sobretudo neste per\u00edodo de grande necessidade. Neste esquema, uma equipe m\u00f3vel, num mesmo turno de trabalho, consegue atender diversos postos, com presen\u00e7a preventiva.<\/p>\n<p>Outra frente de trabalho atua em apoio \u00e0 fiscaliza\u00e7\u00e3o de posturas, coibindo o com\u00e9rcio de mercadorias irregulares, como \u00e1lcool em gel sem proced\u00eancia e verificando estabelecimentos abertos, em contraposi\u00e7\u00e3o ao Decreto 13.897. Desde o dia 20, o \u00f3rg\u00e3o tamb\u00e9m est\u00e1 refor\u00e7ando a orienta\u00e7\u00e3o para que as pessoas permane\u00e7am em casa, em isolamento domiciliar, neste per\u00edodo de pandemia de coronav\u00edrus (covid-19). A mensagem \u00e9 levada ao p\u00fablico em sistema de \u00e1udio, nos carros da GM e da Secretaria de Transporte e Tr\u00e2nsito (Settra).<\/p>\n<p>&nbsp;<\/p>\n<p><strong>Fonte:\u00a0<\/strong>Assessoria<\/p>\n","protected":false},"excerpt":{"rendered":"<p>A Guarda Municipal (GM) de Juiz de Fora, \u00f3rg\u00e3o da Secretaria de Seguran\u00e7a Urbana e Cidadania (Sesuc), est\u00e1 mantendo todos seus setores em funcionamento, garantindo apoio normal, atrav\u00e9s das equipes operacionais, a diversos postos por toda a cidade. Por se tratar de servi\u00e7o de car\u00e1ter essencial, a Guarda n\u00e3o teve qualquer modifica\u00e7\u00e3o na sua rotina [&hellip;]<\/p>\n","protected":false},"author":96,"featured_media":157790,"comment_status":"closed","ping_status":"closed","sticky":false,"template":"","format":"standard","meta":{"footnotes":""},"categories":[253,436,439],"tags":[],"class_list":["post-157789","post","type-post","status-publish","format-standard","has-post-thumbnail","hentry","category-cidade","category-destaque-da-semana","category-ultima-hora"],"_links":{"self":[{"href":"https:\/\/diarioregionaldigital.com.br\/index.php?rest_route=\/wp\/v2\/posts\/157789","targetHints":{"allow":["GET"]}}],"collection":[{"href":"https:\/\/diarioregionaldigital.com.br\/index.php?rest_route=\/wp\/v2\/posts"}],"about":[{"href":"https:\/\/diarioregionaldigital.com.br\/index.php?rest_route=\/wp\/v2\/types\/post"}],"author":[{"embeddable":true,"href":"https:\/\/diarioregionaldigital.com.br\/index.php?rest_route=\/wp\/v2\/users\/96"}],"replies":[{"embeddable":true,"href":"https:\/\/diarioregionaldigital.com.br\/index.php?rest_route=%2Fwp%2Fv2%2Fcomments&post=157789"}],"version-history":[{"count":0,"href":"https:\/\/diarioregionaldigital.com.br\/index.php?rest_route=\/wp\/v2\/posts\/157789\/revisions"}],"wp:featuredmedia":[{"embeddable":true,"href":"https:\/\/diarioregionaldigital.com.br\/index.php?rest_route=\/wp\/v2\/media\/157790"}],"wp:attachment":[{"href":"https:\/\/diarioregionaldigital.com.br\/index.php?rest_route=%2Fwp%2Fv2%2Fmedia&parent=157789"}],"wp:term":[{"taxonomy":"category","embeddable":true,"href":"https:\/\/diarioregionaldigital.com.br\/index.php?rest_route=%2Fwp%2Fv2%2Fcategories&post=157789"},{"taxonomy":"post_tag","embeddable":true,"href":"https:\/\/diarioregionaldigital.com.br\/index.php?rest_route=%2Fwp%2Fv2%2Ftags&post=157789"}],"curies":[{"name":"wp","href":"https:\/\/api.w.org\/{rel}","templated":true}]}}