{"id":157787,"date":"2020-04-01T18:21:09","date_gmt":"2020-04-01T21:21:09","guid":{"rendered":"https:\/\/diarioregionaldigital.com.br\/?p=157787"},"modified":"2020-04-01T18:21:09","modified_gmt":"2020-04-01T21:21:09","slug":"medico-do-hu-analisa-noticias-de-pessoas-curadas-da-covid-19","status":"publish","type":"post","link":"https:\/\/diarioregionaldigital.com.br\/?p=157787","title":{"rendered":"M\u00e9dico do HU analisa not\u00edcias de pessoas curadas da Covid-19"},"content":{"rendered":"<p>Com as not\u00edcias sobre o alto n\u00famero de casos de pessoas curadas do novo coronav\u00edrus (Covid-19), o m\u00e9dico infectologista do Hospital Universit\u00e1rio (HU) da Universidade Federal de Juiz de Fora (UFJF), Rodrigo Souza, aponta sobre as possibilidades da utiliza\u00e7\u00e3o de anticorpos de pacientes j\u00e1 infectados para o avan\u00e7o de pesquisas na busca por medicamentos e vacinas e explica que at\u00e9 o momento a reinfec\u00e7\u00e3o pelo v\u00edrus \u00e9 considerada improv\u00e1vel.<\/p>\n<p>Segundo dados coletados pelo Centro de Ci\u00eancia e Engenharia de Sistema da Johns Hopkins Whiting School of Engineering, h\u00e1 145.696 casos de pessoas curadas do coronav\u00edrus em todo o mundo. O dado \u00e9 significativo por equivaler a um n\u00famero 4,5 vezes maior do que o n\u00famero de \u00f3bitos. Em rela\u00e7\u00e3o \u00e0s possibilidades de tratamento do quadro epidemiol\u00f3gico, o infectologista do HU explica que os anticorpos contra o coronav\u00edrus s\u00e3o formados a partir do d\u00e9cimo dia da aquisi\u00e7\u00e3o da doen\u00e7a, sendo que, cinco dias depois do aparecimento dos sintomas, os anticorpos IGG e IGM come\u00e7am a atuar na defesa do corpo. \u201cEsses anticorpos, ap\u00f3s serem purificados, podem representar uma possibilidade de tratamento, mas ser\u00e3o necess\u00e1rios estudos de toda a imunoglobulina e todo o soro que \u00e9 aplicado, pois existe o risco de rea\u00e7\u00f5es, por exemplo, as al\u00e9rgicas, que variam de uma pessoas para a outra.\u201d<\/p>\n<p>Souza aponta que a reinfec\u00e7\u00e3o pela Covid-19, desconsiderando alguma poss\u00edvel muta\u00e7\u00e3o do v\u00edrus, \u00e9 improv\u00e1vel, sendo que estudos t\u00eam sido realizados a partir da ideia de que as pessoas j\u00e1 infectadas se tornam imunes. Apesar dessa possibilidade, alerta sobre a rotina de cuidados com a higiene, pois existem outras doen\u00e7as que tamb\u00e9m s\u00e3o transmitidas por vias respirat\u00f3rias, como \u00e9 o caso da Influenza. \u201c\u00c9 necess\u00e1rio manter os mesmos cuidados como a higieniza\u00e7\u00e3o das m\u00e3os, a utiliza\u00e7\u00e3o de \u00e1lcool em gel quando n\u00e3o houver \u00e1gua e sab\u00e3o, e tamb\u00e9m manter a etiqueta ao tossir. Todas as viroses podem ser transmitidas da mesma maneira, inclusive o influenza H1N1.\u201d<\/p>\n<p>O fato de o doente n\u00e3o sentir mais os sintomas n\u00e3o significa a cura do problema. Souza alerta que para avaliar a situa\u00e7\u00e3o de recupera\u00e7\u00e3o total seria demandada a realiza\u00e7\u00e3o de exames repetidos mais de uma vez, mas com a falta desse recurso a recomenda\u00e7\u00e3o \u00e9 cumprir o prazo de isolamento e ficar atento aos poss\u00edveis ind\u00edcios. \u201cConsideramos, em regra geral, que 14 dias ap\u00f3s o in\u00edcio das ocorr\u00eancias, a pessoa j\u00e1 pode voltar para o conv\u00edvio. Mas tamb\u00e9m h\u00e1 uma recomenda\u00e7\u00e3o que, caso haja contato com pessoas de um risco maior, talvez esse distanciamento deva ser prolongado para quatro semanas. J\u00e1 para os profissionais de sa\u00fade, h\u00e1 uma discuss\u00e3o sobre a realiza\u00e7\u00e3o de alguns exames antes de poderem voltar aos atendimentos.\u201d<\/p>\n<p>Al\u00e9m disso, Souza afirma que todo o conhecimento sobre esse novo coronav\u00edrus est\u00e1 sendo constru\u00eddo e ainda n\u00e3o existem verdades absolutas. \u201cTodas as pessoas que afirmam ter certezas de alguma coisa est\u00e3o baseadas em regras gerais, dos outros coronav\u00edrus, ou de outras viroses respirat\u00f3rias. S\u00f3 vamos ter muito claras as regras depois que os estudos que est\u00e3o sendo conduzidos neste momento estejam publicados. At\u00e9 o momento temos estudos sem muito controle e sem muita informa\u00e7\u00e3o de metodologia cient\u00edfica. S\u00f3 o futuro vai garantir uma informa\u00e7\u00e3o de qualidade inequ\u00edvoca.\u201d<\/p>\n<p>&nbsp;<\/p>\n<p><strong>Fonte:<\/strong>\u00a0Assessoria<\/p>\n","protected":false},"excerpt":{"rendered":"<p>Com as not\u00edcias sobre o alto n\u00famero de casos de pessoas curadas do novo coronav\u00edrus (Covid-19), o m\u00e9dico infectologista do Hospital Universit\u00e1rio (HU) da Universidade Federal de Juiz de Fora (UFJF), Rodrigo Souza, aponta sobre as possibilidades da utiliza\u00e7\u00e3o de anticorpos de pacientes j\u00e1 infectados para o avan\u00e7o de pesquisas na busca por medicamentos e [&hellip;]<\/p>\n","protected":false},"author":96,"featured_media":155936,"comment_status":"closed","ping_status":"closed","sticky":false,"template":"","format":"standard","meta":{"footnotes":""},"categories":[253,436,440,439],"tags":[],"class_list":["post-157787","post","type-post","status-publish","format-standard","has-post-thumbnail","hentry","category-cidade","category-destaque-da-semana","category-destaques-do-dia","category-ultima-hora"],"_links":{"self":[{"href":"https:\/\/diarioregionaldigital.com.br\/index.php?rest_route=\/wp\/v2\/posts\/157787","targetHints":{"allow":["GET"]}}],"collection":[{"href":"https:\/\/diarioregionaldigital.com.br\/index.php?rest_route=\/wp\/v2\/posts"}],"about":[{"href":"https:\/\/diarioregionaldigital.com.br\/index.php?rest_route=\/wp\/v2\/types\/post"}],"author":[{"embeddable":true,"href":"https:\/\/diarioregionaldigital.com.br\/index.php?rest_route=\/wp\/v2\/users\/96"}],"replies":[{"embeddable":true,"href":"https:\/\/diarioregionaldigital.com.br\/index.php?rest_route=%2Fwp%2Fv2%2Fcomments&post=157787"}],"version-history":[{"count":0,"href":"https:\/\/diarioregionaldigital.com.br\/index.php?rest_route=\/wp\/v2\/posts\/157787\/revisions"}],"wp:featuredmedia":[{"embeddable":true,"href":"https:\/\/diarioregionaldigital.com.br\/index.php?rest_route=\/wp\/v2\/media\/155936"}],"wp:attachment":[{"href":"https:\/\/diarioregionaldigital.com.br\/index.php?rest_route=%2Fwp%2Fv2%2Fmedia&parent=157787"}],"wp:term":[{"taxonomy":"category","embeddable":true,"href":"https:\/\/diarioregionaldigital.com.br\/index.php?rest_route=%2Fwp%2Fv2%2Fcategories&post=157787"},{"taxonomy":"post_tag","embeddable":true,"href":"https:\/\/diarioregionaldigital.com.br\/index.php?rest_route=%2Fwp%2Fv2%2Ftags&post=157787"}],"curies":[{"name":"wp","href":"https:\/\/api.w.org\/{rel}","templated":true}]}}