{"id":157744,"date":"2020-04-01T15:12:27","date_gmt":"2020-04-01T18:12:27","guid":{"rendered":"https:\/\/diarioregionaldigital.com.br\/?p=157744"},"modified":"2020-04-01T15:12:27","modified_gmt":"2020-04-01T18:12:27","slug":"mais-um-caso-de-coronavirus-e-confirmado-em-juiz-de-fora","status":"publish","type":"post","link":"https:\/\/diarioregionaldigital.com.br\/?p=157744","title":{"rendered":"Mais um caso de Coronav\u00edrus \u00e9 confirmado em Juiz de Fora"},"content":{"rendered":"<p>A Secretaria de Estado da Sa\u00fade de Minas Gerais (SES-MG), confirmou mais um caso de Coronav\u00edrus em Juiz de Fora. O munic\u00edpio agora tem 24 pacientes diagnosticados com a doen\u00e7a. No \u00faltimo boletim divulgado nessa ter\u00e7a-feira (31), os casos confirmados eram de 23.\u00a0At\u00e9 ent\u00e3o n\u00e3o h\u00e1 \u00f3bitos confirmados<\/p>\n<p>Conforme os dados, o munic\u00edpio permanece com 272 casos suspeitos, mas em compensa\u00e7\u00e3o foi ultrapassado por Santa Luzia, agora com 291 suspeitos.<\/p>\n","protected":false},"excerpt":{"rendered":"<p>A Secretaria de Estado da Sa\u00fade de Minas Gerais (SES-MG), confirmou mais um caso de Coronav\u00edrus em Juiz de Fora. O munic\u00edpio agora tem 24 pacientes diagnosticados com a doen\u00e7a. No \u00faltimo boletim divulgado nessa ter\u00e7a-feira (31), os casos confirmados eram de 23.\u00a0At\u00e9 ent\u00e3o n\u00e3o h\u00e1 \u00f3bitos confirmados Conforme os dados, o munic\u00edpio permanece com [&hellip;]<\/p>\n","protected":false},"author":96,"featured_media":157069,"comment_status":"closed","ping_status":"closed","sticky":false,"template":"","format":"standard","meta":{"footnotes":""},"categories":[253,436,440,439],"tags":[],"class_list":["post-157744","post","type-post","status-publish","format-standard","has-post-thumbnail","hentry","category-cidade","category-destaque-da-semana","category-destaques-do-dia","category-ultima-hora"],"_links":{"self":[{"href":"https:\/\/diarioregionaldigital.com.br\/index.php?rest_route=\/wp\/v2\/posts\/157744","targetHints":{"allow":["GET"]}}],"collection":[{"href":"https:\/\/diarioregionaldigital.com.br\/index.php?rest_route=\/wp\/v2\/posts"}],"about":[{"href":"https:\/\/diarioregionaldigital.com.br\/index.php?rest_route=\/wp\/v2\/types\/post"}],"author":[{"embeddable":true,"href":"https:\/\/diarioregionaldigital.com.br\/index.php?rest_route=\/wp\/v2\/users\/96"}],"replies":[{"embeddable":true,"href":"https:\/\/diarioregionaldigital.com.br\/index.php?rest_route=%2Fwp%2Fv2%2Fcomments&post=157744"}],"version-history":[{"count":0,"href":"https:\/\/diarioregionaldigital.com.br\/index.php?rest_route=\/wp\/v2\/posts\/157744\/revisions"}],"wp:featuredmedia":[{"embeddable":true,"href":"https:\/\/diarioregionaldigital.com.br\/index.php?rest_route=\/wp\/v2\/media\/157069"}],"wp:attachment":[{"href":"https:\/\/diarioregionaldigital.com.br\/index.php?rest_route=%2Fwp%2Fv2%2Fmedia&parent=157744"}],"wp:term":[{"taxonomy":"category","embeddable":true,"href":"https:\/\/diarioregionaldigital.com.br\/index.php?rest_route=%2Fwp%2Fv2%2Fcategories&post=157744"},{"taxonomy":"post_tag","embeddable":true,"href":"https:\/\/diarioregionaldigital.com.br\/index.php?rest_route=%2Fwp%2Fv2%2Ftags&post=157744"}],"curies":[{"name":"wp","href":"https:\/\/api.w.org\/{rel}","templated":true}]}}