{"id":157742,"date":"2020-04-01T14:49:00","date_gmt":"2020-04-01T17:49:00","guid":{"rendered":"https:\/\/diarioregionaldigital.com.br\/?p=157742"},"modified":"2020-04-01T14:49:00","modified_gmt":"2020-04-01T17:49:00","slug":"boletim-confirma-terceira-morte-de-coronavirus-em-minas-gerais","status":"publish","type":"post","link":"https:\/\/diarioregionaldigital.com.br\/?p=157742","title":{"rendered":"Boletim confirma terceira morte de Coronav\u00edrus em Minas Gerais"},"content":{"rendered":"<p>A Secretaria de Estado da Sa\u00fade de Minas Gerais (SES-MG), confirmou nesta quarta-feira (1), a terceira morte no estado causada por Coronav\u00edrus. A v\u00edtima \u00e9 um homem de 44 anos, morador do munic\u00edpio de Mariana e veio a \u00f3bito nessa segunda-feira (30), em um hospital de Nova Lima. A confirma\u00e7\u00e3o da causa da morte foi feita atrav\u00e9s de um exame laboratorial\u00a0realizado pela Funda\u00e7\u00e3o Ezequiel Dias (Funed).<\/p>\n<p>Ainda conforme o boletim, foram notificados 34.018 casos suspeitos da doen\u00e7a, sendo que 314 foram confirmados e 45 \u00f3bitos est\u00e3o sendo investigados se a causa foi do Coronav\u00edrus.<\/p>\n<p>Os dados atualizados agora s\u00e3o:\u00a0Alfenas (1), <strong>Araguari (1),\u00a0Belo Horizonte (188)<\/strong>,\u00a0Betim (5),\u00a0Boa Esperan\u00e7a (1), Bom Despacho (1),\u00a0Campo Belo (1)<strong>,<\/strong>\u00a0Campos Altos (1),Carmo do Cajuru (1),\u00a0<strong>Contagem (7)<\/strong>, Coronel Fabriciano (1),\u00a0<strong>Divin\u00f3polis (13)<\/strong>,\u00a0<strong>Extrema (1),\u00a0<\/strong>Governador Valadares (2),\u00a0Guimar\u00e2nia (1),Ipatinga (1),\u00a0<strong>Juiz de Fora (24)<\/strong>,\u00a0<strong>Lagoa da Prata (4)<\/strong>,\u00a0<strong>Lavras (1),\u00a0<\/strong>Manhua\u00e7u (1)<strong>,\u00a0<\/strong>Mariana (2),\u00a0Muria\u00e9 (1). Nova Lima (19), Patroc\u00ednio (1),\u00a0Po\u00e7os de Caldas (2),\u00a0S\u00e3o Jo\u00e3o Del Rei (2),<strong>\u00a0Sabar\u00e1 (4)<\/strong>, Santa Luzia (1), Serra do Saltire (1),Sete Lagoas (2), Tim\u00f3teo (1), Uberaba (3),\u00a0<strong>Uberl\u00e2ndia (14),<\/strong>\u00a0<strong>Una\u00ed (1)\u00a0<\/strong>e outros munic\u00edpios em investiga\u00e7\u00e3o (2).<\/p>\n","protected":false},"excerpt":{"rendered":"<p>A Secretaria de Estado da Sa\u00fade de Minas Gerais (SES-MG), confirmou nesta quarta-feira (1), a terceira morte no estado causada por Coronav\u00edrus. A v\u00edtima \u00e9 um homem de 44 anos, morador do munic\u00edpio de Mariana e veio a \u00f3bito nessa segunda-feira (30), em um hospital de Nova Lima. A confirma\u00e7\u00e3o da causa da morte foi [&hellip;]<\/p>\n","protected":false},"author":96,"featured_media":157417,"comment_status":"closed","ping_status":"closed","sticky":false,"template":"","format":"standard","meta":{"footnotes":""},"categories":[436,440,252,439],"tags":[],"class_list":["post-157742","post","type-post","status-publish","format-standard","has-post-thumbnail","hentry","category-destaque-da-semana","category-destaques-do-dia","category-regiao","category-ultima-hora"],"_links":{"self":[{"href":"https:\/\/diarioregionaldigital.com.br\/index.php?rest_route=\/wp\/v2\/posts\/157742","targetHints":{"allow":["GET"]}}],"collection":[{"href":"https:\/\/diarioregionaldigital.com.br\/index.php?rest_route=\/wp\/v2\/posts"}],"about":[{"href":"https:\/\/diarioregionaldigital.com.br\/index.php?rest_route=\/wp\/v2\/types\/post"}],"author":[{"embeddable":true,"href":"https:\/\/diarioregionaldigital.com.br\/index.php?rest_route=\/wp\/v2\/users\/96"}],"replies":[{"embeddable":true,"href":"https:\/\/diarioregionaldigital.com.br\/index.php?rest_route=%2Fwp%2Fv2%2Fcomments&post=157742"}],"version-history":[{"count":0,"href":"https:\/\/diarioregionaldigital.com.br\/index.php?rest_route=\/wp\/v2\/posts\/157742\/revisions"}],"wp:featuredmedia":[{"embeddable":true,"href":"https:\/\/diarioregionaldigital.com.br\/index.php?rest_route=\/wp\/v2\/media\/157417"}],"wp:attachment":[{"href":"https:\/\/diarioregionaldigital.com.br\/index.php?rest_route=%2Fwp%2Fv2%2Fmedia&parent=157742"}],"wp:term":[{"taxonomy":"category","embeddable":true,"href":"https:\/\/diarioregionaldigital.com.br\/index.php?rest_route=%2Fwp%2Fv2%2Fcategories&post=157742"},{"taxonomy":"post_tag","embeddable":true,"href":"https:\/\/diarioregionaldigital.com.br\/index.php?rest_route=%2Fwp%2Fv2%2Ftags&post=157742"}],"curies":[{"name":"wp","href":"https:\/\/api.w.org\/{rel}","templated":true}]}}