{"id":157739,"date":"2020-04-01T14:36:39","date_gmt":"2020-04-01T17:36:39","guid":{"rendered":"https:\/\/diarioregionaldigital.com.br\/?p=157739"},"modified":"2020-04-01T14:36:39","modified_gmt":"2020-04-01T17:36:39","slug":"romeu-zema-apresenta-resultados-positivos-das-acoes-de-enfrentamento-ao-coronavirus","status":"publish","type":"post","link":"https:\/\/diarioregionaldigital.com.br\/?p=157739","title":{"rendered":"Romeu Zema apresenta resultados positivos das a\u00e7\u00f5es de enfrentamento ao coronav\u00edrus"},"content":{"rendered":"<p>As a\u00e7\u00f5es de preven\u00e7\u00e3o e combate ao coronav\u00edrus adotadas pelo Governo de Minas t\u00eam apresentado os primeiros resultados positivos. Nos \u00faltimos cinco dias, quando as medidas de isolamento social, suspens\u00e3o das aulas e demais atividades foram tomadas, o n\u00famero de solicita\u00e7\u00f5es de interna\u00e7\u00f5es por suspeita de Covid-19, no sistema p\u00fablico mineiro, come\u00e7ou a cair.<\/p>\n<p>No dia 16 de mar\u00e7o, quando foi iniciada a contagem dos pedidos de interna\u00e7\u00f5es nos hospitais p\u00fablicos do Estado, foram registradas seis solicita\u00e7\u00f5es. No dia 25 de mar\u00e7o \u2013 pico do n\u00famero de requerimentos de interna\u00e7\u00f5es \u2013 foram cadastradas 98 demandas. Desde ent\u00e3o, os n\u00fameros come\u00e7aram a cair e, nessa segunda-feira (30), at\u00e9 \u00e0s 16h30 (\u00faltimo registro pela Secretaria de Estado de Sa\u00fade), foram 42 pedidos.<\/p>\n<p>\u201cMinas Gerais foi um dos primeiros estados a implantar medidas restritivas para conter a evolu\u00e7\u00e3o da doen\u00e7a. Nossas medidas se mostraram assertivas, at\u00e9 o momento, tendo em vista que, proporcionalmente, temos maior \u00eaxito que outros estados. Estes resultados nos mostram que estamos no caminho certo. \u00c9 uma evid\u00eancia de que acertamos nas medidas e precisamos manter essa dire\u00e7\u00e3o. Nosso monitoramento \u00e9 feito diariamente de forma a nos indicar um caminho seguro a prosseguir. \u00c9 assim que continuaremos atuando, com responsabilidade, seguran\u00e7a e sempre tendo como orientadora nossa equipe de t\u00e9cnicos da Secretaria de Sa\u00fade\u201d, afirmou o governador durante pronunciamento ao vivo pelas redes sociais nessa ter\u00e7a-feira (31\/3).<\/p>\n<p>Zema refor\u00e7ou, tamb\u00e9m, o compromisso com a vida dos mineiros e voltou a pedir o apoio da popula\u00e7\u00e3o. \u201cTemos que ter cautela e muito discernimento. Reitero: meu compromisso \u00e9 com a vida. Essa crise, como muitas outras, passar\u00e1! Pe\u00e7o a voc\u00eas que continuem esperan\u00e7osos e contribuindo como a grande maioria tem feito\u201d, disse.<\/p>\n<p>&nbsp;<\/p>\n<p><strong>Mais a\u00e7\u00f5es<\/strong><\/p>\n<p>Romeu Zema ainda anunciou que o Estado ter\u00e1 o refor\u00e7o de R$ 500 milh\u00f5es para prosseguir com as a\u00e7\u00f5es de suporte \u00e0 Sa\u00fade. \u201cEste dinheiro \u00e9 uma antecipa\u00e7\u00e3o da indeniza\u00e7\u00e3o devida pela Vale, oriunda de um bloqueio judicial em uma das a\u00e7\u00f5es que o Estado move contra a mineradora, pelo rompimento da barragem de Brumadinho. Solicitamos o recurso e a empresa concordou\u201d, disse o governador. Esse foi um pleito do Governo do Estado, por meio do Comit\u00ea Gestor Pro-Brumadinho e da Advocacia-Geral do Estado (AGE). A decis\u00e3o foi acatada pela Justi\u00e7a no final desta tarde.<\/p>\n<p>O valor ser\u00e1 dedicado ao combate ao Covid-19, especialmente com a estrutura\u00e7\u00e3o de novos leitos de UTI (obras e equipamentos), compra de kits para realiza\u00e7\u00e3o de exames para detec\u00e7\u00e3o da doen\u00e7a e tamb\u00e9m a compra de equipamentos de prote\u00e7\u00e3o individual (luvas, m\u00e1quinas etc), em especial para os profissionais de Sa\u00fade. O estado far\u00e1 o controle dos recursos, que n\u00e3o poder\u00e3o ser usados em outra finalidade. Passada a pandemia, equipamentos dever\u00e3o ser redirecionados para fortalecer a Sa\u00fade na \u00e1rea mais diretamente afetada pelo desastre de Brumadinho (Bacia do Paraopeba).<\/p>\n<p>Outra importante medida anunciada pelo governador \u00e9 o apoio do Ex\u00e9rcito Brasileiro nas a\u00e7\u00f5es de preven\u00e7\u00e3o. \u201cA proposta \u00e9 que os militares promovam a desinfec\u00e7\u00e3o das esta\u00e7\u00f5es (metr\u00f4 e \u00f4nibus) de grande aglomera\u00e7\u00e3o, capacitando as defesas civis municipais, contando ainda com o apoio dos Bombeiros e da Defesa Civil Estadual. Agrade\u00e7o ao nosso presidente Jair Bolsonaro e o Ex\u00e9rcito brasileiro por este grande apoio\u201d, anunciou Romeu Zema.<\/p>\n<p>&nbsp;<\/p>\n<p><strong>Testes<\/strong><\/p>\n<p>Zema ainda anunciou a amplia\u00e7\u00e3o dos testes de coronav\u00edrus pela Funda\u00e7\u00e3o Ezequiel Dias (Funed), passando de 200 para 400 exames por dia, tendo, ainda, a capacidade de expans\u00e3o. \u201cEm outra frente ampliaremos o n\u00famero de testes. A Funed vai dobrar sua capacidade e estamos em alinhamento constante com laborat\u00f3rios particulares e com o Minist\u00e9rio da Sa\u00fade, que disponibilizar\u00e1 testes para o nosso Estado\u201d, finalizou o governador.<\/p>\n<p>&nbsp;<\/p>\n<p><strong>Esfor\u00e7os conjuntos<\/strong><\/p>\n<p>Depois do pronunciamento do governador Romeu Zema, , o secret\u00e1rio de Estado de Sa\u00fade, Carlos Eduardo Amaral, apresentou os n\u00fameros divulgados no Boletim Epidemiol\u00f3gico dessa ter\u00e7a-feira (31\/3) e ressaltou que o site da SES-MG possui orienta\u00e7\u00f5es voltadas a informar a sociedade, gestores, profissionais de Sa\u00fade e a imprensa, reunindo respostas \u00e0s d\u00favidas frequentes, situa\u00e7\u00e3o da doen\u00e7a em Minas, a\u00e7\u00f5es em curso e legisla\u00e7\u00f5es.<\/p>\n<p>Amaral destacou, tamb\u00e9m, o empenho dos munic\u00edpios, por meio da Associa\u00e7\u00e3o Mineira de Munic\u00edpios (AMM), em padronizar procedimentos para enfrentamento \u00e0 pandemia. \u201cS\u00e3o esfor\u00e7os conjuntos que nos colocam em um caminho para que possamos agir de forma coordenada e considerando a estrutura da Rede de Sa\u00fade\u201d, explicou.<\/p>\n<p>O secret\u00e1rio adjunto de Sa\u00fade, Marcelo Cabral, destacou que h\u00e1 interlocu\u00e7\u00e3o com os \u00f3rg\u00e3os de controle, como o Minist\u00e9rio P\u00fablico, no sentido de apontar a manuten\u00e7\u00e3o das medidas de isolamento, em virtude dos resultados alcan\u00e7ados, mas em observa\u00e7\u00e3o \u00e0 din\u00e2mica da evolu\u00e7\u00e3o da epidemia em Minas, de forma que o retorno de qualquer atividade seja feito de forma planejada e com cautela.<\/p>\n<p>Quanto \u00e0 amplia\u00e7\u00e3o da capacidade de testagem para Covid-19, o subsecret\u00e1rio de Vigil\u00e2ncia em Sa\u00fade, Dario Brock Ramalho, afirmou que o processo envolve desde a realoca\u00e7\u00e3o de maquin\u00e1rio adequado at\u00e9 a aquisi\u00e7\u00e3o dos materiais e utiliza\u00e7\u00e3o de recursos humanos. \u201cA rede de laborat\u00f3rios p\u00fablicos est\u00e1 sendo direcionada para trabalhar com sua capacidade m\u00e1xima, de modo que possamos ter essa grande amplia\u00e7\u00e3o no n\u00famero de exames de biologia molecular\u201d, disse.<\/p>\n<p>Ramalho adicionou que os testes r\u00e1pidos que devem ser enviados pelo Minist\u00e9rio da Sa\u00fade s\u00e3o testes sorol\u00f3gicos, e s\u00e3o voltados ao monitoramento, por exemplo, do pessoal da Sa\u00fade, de modo que se possa recompor o n\u00famero de profissionais atuando o mais r\u00e1pido poss\u00edvel.<\/p>\n<p>&nbsp;<\/p>\n<p><strong>Fonte:\u00a0<\/strong>Ag\u00eancia Minas<\/p>\n","protected":false},"excerpt":{"rendered":"<p>As a\u00e7\u00f5es de preven\u00e7\u00e3o e combate ao coronav\u00edrus adotadas pelo Governo de Minas t\u00eam apresentado os primeiros resultados positivos. Nos \u00faltimos cinco dias, quando as medidas de isolamento social, suspens\u00e3o das aulas e demais atividades foram tomadas, o n\u00famero de solicita\u00e7\u00f5es de interna\u00e7\u00f5es por suspeita de Covid-19, no sistema p\u00fablico mineiro, come\u00e7ou a cair. No [&hellip;]<\/p>\n","protected":false},"author":96,"featured_media":157740,"comment_status":"closed","ping_status":"closed","sticky":false,"template":"","format":"standard","meta":{"footnotes":""},"categories":[436,440,252,439],"tags":[],"class_list":["post-157739","post","type-post","status-publish","format-standard","has-post-thumbnail","hentry","category-destaque-da-semana","category-destaques-do-dia","category-regiao","category-ultima-hora"],"_links":{"self":[{"href":"https:\/\/diarioregionaldigital.com.br\/index.php?rest_route=\/wp\/v2\/posts\/157739","targetHints":{"allow":["GET"]}}],"collection":[{"href":"https:\/\/diarioregionaldigital.com.br\/index.php?rest_route=\/wp\/v2\/posts"}],"about":[{"href":"https:\/\/diarioregionaldigital.com.br\/index.php?rest_route=\/wp\/v2\/types\/post"}],"author":[{"embeddable":true,"href":"https:\/\/diarioregionaldigital.com.br\/index.php?rest_route=\/wp\/v2\/users\/96"}],"replies":[{"embeddable":true,"href":"https:\/\/diarioregionaldigital.com.br\/index.php?rest_route=%2Fwp%2Fv2%2Fcomments&post=157739"}],"version-history":[{"count":0,"href":"https:\/\/diarioregionaldigital.com.br\/index.php?rest_route=\/wp\/v2\/posts\/157739\/revisions"}],"wp:featuredmedia":[{"embeddable":true,"href":"https:\/\/diarioregionaldigital.com.br\/index.php?rest_route=\/wp\/v2\/media\/157740"}],"wp:attachment":[{"href":"https:\/\/diarioregionaldigital.com.br\/index.php?rest_route=%2Fwp%2Fv2%2Fmedia&parent=157739"}],"wp:term":[{"taxonomy":"category","embeddable":true,"href":"https:\/\/diarioregionaldigital.com.br\/index.php?rest_route=%2Fwp%2Fv2%2Fcategories&post=157739"},{"taxonomy":"post_tag","embeddable":true,"href":"https:\/\/diarioregionaldigital.com.br\/index.php?rest_route=%2Fwp%2Fv2%2Ftags&post=157739"}],"curies":[{"name":"wp","href":"https:\/\/api.w.org\/{rel}","templated":true}]}}