{"id":157722,"date":"2020-04-01T06:00:03","date_gmt":"2020-04-01T09:00:03","guid":{"rendered":"https:\/\/diarioregionaldigital.com.br\/?p=157722"},"modified":"2020-03-31T22:24:47","modified_gmt":"2020-04-01T01:24:47","slug":"religiosidade-2","status":"publish","type":"post","link":"https:\/\/diarioregionaldigital.com.br\/?p=157722","title":{"rendered":"Religiosidade"},"content":{"rendered":"<p style=\"text-align: center;\"><strong>Religiosidade<\/strong><\/p>\n<p style=\"text-align: center;\">Com f\u00e9 em Deus e p\u00e9 na t\u00e1bua, o bondoso Padre Pierre Cantarino tem celebrado missa on-line diariamente, \u00e0s 19h. A novena a S\u00e3o Jos\u00e9 pelo fim da pandemia, acontece \u00e0s 22h e o ter\u00e7o da miseric\u00f3rdia \u00e0s 15.<\/p>\n<p style=\"text-align: center;\"><strong>O Belo<\/strong><\/p>\n<p style=\"text-align: center;\">O ator e modelo juiz-forano Lucas Malvacini \u00e9 um dos influenciadores convidados por Giorgio Armani para divulgar o perfume \u201cAcquadigio\u201d, que vem com refil, destacando o consumo sustent\u00e1vel.<\/p>\n<p style=\"text-align: center;\"><strong>On-Line<\/strong><\/p>\n<p style=\"text-align: center;\">Diante da pandemia, as marcas Mixed, The Paradise e Ateen s\u00e3o algumas que est\u00e3o incentivando o consumo on-line. Com muitos descontos de 20% a 40% e frete gr\u00e1tis nas compras no site, ainda adotaram o sistema delivery entregando as pe\u00e7as na resid\u00eancia das clientes no Rio de Janeiro.<\/p>\n<p style=\"text-align: center;\"><strong>Aguardente<\/strong><\/p>\n<p style=\"text-align: center;\">Sempre presente nas festas e nos bares da vida, a cacha\u00e7a Dom Br\u00e9 suspendeu as visitas guiadas no alambique na cidade de Guarani (MG). Agora com o atendimento ao cliente estruturado, as vendas pelo site, est\u00e3o com frete gr\u00e1tis.<\/p>\n<p style=\"text-align: center;\"><span style=\"font-size: 14pt;\"><strong>Para Refletir<\/strong><\/span><\/p>\n<p style=\"text-align: center;\">A ang\u00fastia j\u00e1 s\u00e3o imensas diante da pandemia. Ent\u00e3o o ideal \u00e9 higienizar os pensamentos e descobrir como se sente mais \u00e0 vontade. Por\u00e9m acredito que tirar a camisola ou o pijama e colocar uma roupa ajuda a virar a chave. Tem que se cuidar de dentro para fora.<\/p>\n<div id=\"attachment_157711\" style=\"width: 690px\" class=\"wp-caption aligncenter\"><img loading=\"lazy\" decoding=\"async\" aria-describedby=\"caption-attachment-157711\" class=\"wp-image-157711\" src=\"https:\/\/diarioregionaldigital.com.br\/wp-content\/uploads\/2020\/03\/fotoa-3-e1585702632222.jpg\" alt=\"\" width=\"680\" height=\"529\" srcset=\"https:\/\/diarioregionaldigital.com.br\/wp-content\/uploads\/2020\/03\/fotoa-3-e1585702632222.jpg 1580w, https:\/\/diarioregionaldigital.com.br\/wp-content\/uploads\/2020\/03\/fotoa-3-e1585702632222-300x233.jpg 300w, https:\/\/diarioregionaldigital.com.br\/wp-content\/uploads\/2020\/03\/fotoa-3-e1585702632222-768x597.jpg 768w, https:\/\/diarioregionaldigital.com.br\/wp-content\/uploads\/2020\/03\/fotoa-3-e1585702632222-1024x797.jpg 1024w, https:\/\/diarioregionaldigital.com.br\/wp-content\/uploads\/2020\/03\/fotoa-3-e1585702632222-360x280.jpg 360w\" sizes=\"auto, (max-width: 680px) 100vw, 680px\" \/><p id=\"caption-attachment-157711\" class=\"wp-caption-text\">Esperando o isolamento social passar para desfilar no Miss Juiz de Fora CNB 2020, a linda candidata Brenda Fernandes \u00e9 destaque hoje nesta p\u00e1gina<\/p><\/div>\n<div id=\"attachment_157712\" style=\"width: 690px\" class=\"wp-caption aligncenter\"><img loading=\"lazy\" decoding=\"async\" aria-describedby=\"caption-attachment-157712\" class=\"wp-image-157712\" src=\"https:\/\/diarioregionaldigital.com.br\/wp-content\/uploads\/2020\/03\/fotob-3-e1585702713704.jpg\" alt=\"\" width=\"680\" height=\"498\" srcset=\"https:\/\/diarioregionaldigital.com.br\/wp-content\/uploads\/2020\/03\/fotob-3-e1585702713704.jpg 1736w, https:\/\/diarioregionaldigital.com.br\/wp-content\/uploads\/2020\/03\/fotob-3-e1585702713704-300x220.jpg 300w, https:\/\/diarioregionaldigital.com.br\/wp-content\/uploads\/2020\/03\/fotob-3-e1585702713704-768x562.jpg 768w, https:\/\/diarioregionaldigital.com.br\/wp-content\/uploads\/2020\/03\/fotob-3-e1585702713704-1024x750.jpg 1024w, https:\/\/diarioregionaldigital.com.br\/wp-content\/uploads\/2020\/03\/fotob-3-e1585702713704-360x264.jpg 360w\" sizes=\"auto, (max-width: 680px) 100vw, 680px\" \/><p id=\"caption-attachment-157712\" class=\"wp-caption-text\">O m\u00fasico Toddynho esperando o show voltar para o rufar dos tamborins, cu\u00edca e reco-reco pois o samba n\u00e3o pode morrer<\/p><\/div>\n<div id=\"attachment_157713\" style=\"width: 690px\" class=\"wp-caption aligncenter\"><img loading=\"lazy\" decoding=\"async\" aria-describedby=\"caption-attachment-157713\" class=\"wp-image-157713\" src=\"https:\/\/diarioregionaldigital.com.br\/wp-content\/uploads\/2020\/03\/fotoc-3-e1585702797640.jpg\" alt=\"\" width=\"680\" height=\"504\" srcset=\"https:\/\/diarioregionaldigital.com.br\/wp-content\/uploads\/2020\/03\/fotoc-3-e1585702797640.jpg 1666w, https:\/\/diarioregionaldigital.com.br\/wp-content\/uploads\/2020\/03\/fotoc-3-e1585702797640-300x222.jpg 300w, https:\/\/diarioregionaldigital.com.br\/wp-content\/uploads\/2020\/03\/fotoc-3-e1585702797640-768x569.jpg 768w, https:\/\/diarioregionaldigital.com.br\/wp-content\/uploads\/2020\/03\/fotoc-3-e1585702797640-1024x759.jpg 1024w, https:\/\/diarioregionaldigital.com.br\/wp-content\/uploads\/2020\/03\/fotoc-3-e1585702797640-360x267.jpg 360w\" sizes=\"auto, (max-width: 680px) 100vw, 680px\" \/><p id=\"caption-attachment-157713\" class=\"wp-caption-text\">A rainha do Bloco S\u00f3 Love, Tassiane Agostino meditando para o grito final do X\u00f4 Coronav\u00edrus, e mais samba<\/p><\/div>\n<div id=\"attachment_157714\" style=\"width: 690px\" class=\"wp-caption aligncenter\"><img loading=\"lazy\" decoding=\"async\" aria-describedby=\"caption-attachment-157714\" class=\"wp-image-157714\" src=\"https:\/\/diarioregionaldigital.com.br\/wp-content\/uploads\/2020\/03\/fotod-3-e1585702850100.jpg\" alt=\"\" width=\"680\" height=\"606\" srcset=\"https:\/\/diarioregionaldigital.com.br\/wp-content\/uploads\/2020\/03\/fotod-3-e1585702850100.jpg 1686w, https:\/\/diarioregionaldigital.com.br\/wp-content\/uploads\/2020\/03\/fotod-3-e1585702850100-300x267.jpg 300w, https:\/\/diarioregionaldigital.com.br\/wp-content\/uploads\/2020\/03\/fotod-3-e1585702850100-768x685.jpg 768w, https:\/\/diarioregionaldigital.com.br\/wp-content\/uploads\/2020\/03\/fotod-3-e1585702850100-1024x913.jpg 1024w, https:\/\/diarioregionaldigital.com.br\/wp-content\/uploads\/2020\/03\/fotod-3-e1585702850100-360x321.jpg 360w\" sizes=\"auto, (max-width: 680px) 100vw, 680px\" \/><p id=\"caption-attachment-157714\" class=\"wp-caption-text\">Injetando alto astral no Olimpo, Eventos Eveline Toledo e Modesto, na festa do clube de Engenharia<\/p><\/div>\n<div id=\"attachment_157715\" style=\"width: 690px\" class=\"wp-caption aligncenter\"><img loading=\"lazy\" decoding=\"async\" aria-describedby=\"caption-attachment-157715\" class=\"wp-image-157715\" src=\"https:\/\/diarioregionaldigital.com.br\/wp-content\/uploads\/2020\/03\/fotoe-3.jpg\" alt=\"\" width=\"680\" height=\"448\" srcset=\"https:\/\/diarioregionaldigital.com.br\/wp-content\/uploads\/2020\/03\/fotoe-3.jpg 2608w, https:\/\/diarioregionaldigital.com.br\/wp-content\/uploads\/2020\/03\/fotoe-3-300x198.jpg 300w, https:\/\/diarioregionaldigital.com.br\/wp-content\/uploads\/2020\/03\/fotoe-3-768x507.jpg 768w, https:\/\/diarioregionaldigital.com.br\/wp-content\/uploads\/2020\/03\/fotoe-3-1024x675.jpg 1024w, https:\/\/diarioregionaldigital.com.br\/wp-content\/uploads\/2020\/03\/fotoe-3-1440x950.jpg 1440w, https:\/\/diarioregionaldigital.com.br\/wp-content\/uploads\/2020\/03\/fotoe-3-360x237.jpg 360w\" sizes=\"auto, (max-width: 680px) 100vw, 680px\" \/><p id=\"caption-attachment-157715\" class=\"wp-caption-text\">Amigos no coro de \u201cJuntos Somos mais Fortes\u201d, Vin\u00edcius Ciribeli, Lenilson Fonseca e Mazuquieli Veras<\/p><\/div>\n<div id=\"attachment_157716\" style=\"width: 690px\" class=\"wp-caption aligncenter\"><img loading=\"lazy\" decoding=\"async\" aria-describedby=\"caption-attachment-157716\" class=\"wp-image-157716\" src=\"https:\/\/diarioregionaldigital.com.br\/wp-content\/uploads\/2020\/03\/fotof-3-e1585702965864.jpg\" alt=\"\" width=\"680\" height=\"498\" srcset=\"https:\/\/diarioregionaldigital.com.br\/wp-content\/uploads\/2020\/03\/fotof-3-e1585702965864.jpg 1807w, https:\/\/diarioregionaldigital.com.br\/wp-content\/uploads\/2020\/03\/fotof-3-e1585702965864-300x220.jpg 300w, https:\/\/diarioregionaldigital.com.br\/wp-content\/uploads\/2020\/03\/fotof-3-e1585702965864-768x563.jpg 768w, https:\/\/diarioregionaldigital.com.br\/wp-content\/uploads\/2020\/03\/fotof-3-e1585702965864-1024x750.jpg 1024w, https:\/\/diarioregionaldigital.com.br\/wp-content\/uploads\/2020\/03\/fotof-3-e1585702965864-360x264.jpg 360w\" sizes=\"auto, (max-width: 680px) 100vw, 680px\" \/><p id=\"caption-attachment-157716\" class=\"wp-caption-text\">Em Recife, o frevo do jornalista Lucas Fonseca<\/p><\/div>\n<div id=\"attachment_157717\" style=\"width: 690px\" class=\"wp-caption aligncenter\"><img loading=\"lazy\" decoding=\"async\" aria-describedby=\"caption-attachment-157717\" class=\"wp-image-157717\" src=\"https:\/\/diarioregionaldigital.com.br\/wp-content\/uploads\/2020\/03\/fotog-3-e1585703032948.jpg\" alt=\"\" width=\"680\" height=\"520\" srcset=\"https:\/\/diarioregionaldigital.com.br\/wp-content\/uploads\/2020\/03\/fotog-3-e1585703032948.jpg 1800w, https:\/\/diarioregionaldigital.com.br\/wp-content\/uploads\/2020\/03\/fotog-3-e1585703032948-300x230.jpg 300w, https:\/\/diarioregionaldigital.com.br\/wp-content\/uploads\/2020\/03\/fotog-3-e1585703032948-768x588.jpg 768w, https:\/\/diarioregionaldigital.com.br\/wp-content\/uploads\/2020\/03\/fotog-3-e1585703032948-1024x783.jpg 1024w, https:\/\/diarioregionaldigital.com.br\/wp-content\/uploads\/2020\/03\/fotog-3-e1585703032948-360x275.jpg 360w\" sizes=\"auto, (max-width: 680px) 100vw, 680px\" \/><p id=\"caption-attachment-157717\" class=\"wp-caption-text\">Linda e cheia de glamour com Adelaine Castro<\/p><\/div>\n<div id=\"attachment_157718\" style=\"width: 690px\" class=\"wp-caption aligncenter\"><img loading=\"lazy\" decoding=\"async\" aria-describedby=\"caption-attachment-157718\" class=\"wp-image-157718\" src=\"https:\/\/diarioregionaldigital.com.br\/wp-content\/uploads\/2020\/03\/fotoh-3-e1585703112285.jpg\" alt=\"\" width=\"680\" height=\"520\" srcset=\"https:\/\/diarioregionaldigital.com.br\/wp-content\/uploads\/2020\/03\/fotoh-3-e1585703112285.jpg 1625w, https:\/\/diarioregionaldigital.com.br\/wp-content\/uploads\/2020\/03\/fotoh-3-e1585703112285-300x229.jpg 300w, https:\/\/diarioregionaldigital.com.br\/wp-content\/uploads\/2020\/03\/fotoh-3-e1585703112285-768x587.jpg 768w, https:\/\/diarioregionaldigital.com.br\/wp-content\/uploads\/2020\/03\/fotoh-3-e1585703112285-1024x783.jpg 1024w, https:\/\/diarioregionaldigital.com.br\/wp-content\/uploads\/2020\/03\/fotoh-3-e1585703112285-360x275.jpg 360w\" sizes=\"auto, (max-width: 680px) 100vw, 680px\" \/><p id=\"caption-attachment-157718\" class=\"wp-caption-text\">O Charme do advogado Arthur Batitucci no social<\/p><\/div>\n<div id=\"attachment_157719\" style=\"width: 690px\" class=\"wp-caption aligncenter\"><img loading=\"lazy\" decoding=\"async\" aria-describedby=\"caption-attachment-157719\" class=\"wp-image-157719\" src=\"https:\/\/diarioregionaldigital.com.br\/wp-content\/uploads\/2020\/03\/fotoi-3-e1585703176943.jpg\" alt=\"\" width=\"680\" height=\"492\" srcset=\"https:\/\/diarioregionaldigital.com.br\/wp-content\/uploads\/2020\/03\/fotoi-3-e1585703176943.jpg 1783w, https:\/\/diarioregionaldigital.com.br\/wp-content\/uploads\/2020\/03\/fotoi-3-e1585703176943-300x217.jpg 300w, https:\/\/diarioregionaldigital.com.br\/wp-content\/uploads\/2020\/03\/fotoi-3-e1585703176943-768x556.jpg 768w, https:\/\/diarioregionaldigital.com.br\/wp-content\/uploads\/2020\/03\/fotoi-3-e1585703176943-1024x741.jpg 1024w, https:\/\/diarioregionaldigital.com.br\/wp-content\/uploads\/2020\/03\/fotoi-3-e1585703176943-360x260.jpg 360w\" sizes=\"auto, (max-width: 680px) 100vw, 680px\" \/><p id=\"caption-attachment-157719\" class=\"wp-caption-text\">A linda banc\u00e1ria e modelo Vanessa Silva<\/p><\/div>\n<div id=\"attachment_157720\" style=\"width: 690px\" class=\"wp-caption aligncenter\"><img loading=\"lazy\" decoding=\"async\" aria-describedby=\"caption-attachment-157720\" class=\"wp-image-157720\" src=\"https:\/\/diarioregionaldigital.com.br\/wp-content\/uploads\/2020\/03\/fotoj-3-e1585703237838.jpg\" alt=\"\" width=\"680\" height=\"510\" srcset=\"https:\/\/diarioregionaldigital.com.br\/wp-content\/uploads\/2020\/03\/fotoj-3-e1585703237838.jpg 1634w, https:\/\/diarioregionaldigital.com.br\/wp-content\/uploads\/2020\/03\/fotoj-3-e1585703237838-300x225.jpg 300w, https:\/\/diarioregionaldigital.com.br\/wp-content\/uploads\/2020\/03\/fotoj-3-e1585703237838-768x576.jpg 768w, https:\/\/diarioregionaldigital.com.br\/wp-content\/uploads\/2020\/03\/fotoj-3-e1585703237838-1024x768.jpg 1024w, https:\/\/diarioregionaldigital.com.br\/wp-content\/uploads\/2020\/03\/fotoj-3-e1585703237838-360x270.jpg 360w\" sizes=\"auto, (max-width: 680px) 100vw, 680px\" \/><p id=\"caption-attachment-157720\" class=\"wp-caption-text\">Em Tiradentes, o bonit\u00e3o Maquiador Gustavo Henrique<\/p><\/div>\n<div id=\"attachment_157721\" style=\"width: 690px\" class=\"wp-caption aligncenter\"><img loading=\"lazy\" decoding=\"async\" aria-describedby=\"caption-attachment-157721\" class=\"wp-image-157721\" src=\"https:\/\/diarioregionaldigital.com.br\/wp-content\/uploads\/2020\/03\/fotol-e1585703322238.jpg\" alt=\"\" width=\"680\" height=\"504\" srcset=\"https:\/\/diarioregionaldigital.com.br\/wp-content\/uploads\/2020\/03\/fotol-e1585703322238.jpg 1417w, https:\/\/diarioregionaldigital.com.br\/wp-content\/uploads\/2020\/03\/fotol-e1585703322238-300x223.jpg 300w, https:\/\/diarioregionaldigital.com.br\/wp-content\/uploads\/2020\/03\/fotol-e1585703322238-768x570.jpg 768w, https:\/\/diarioregionaldigital.com.br\/wp-content\/uploads\/2020\/03\/fotol-e1585703322238-1024x760.jpg 1024w, https:\/\/diarioregionaldigital.com.br\/wp-content\/uploads\/2020\/03\/fotol-e1585703322238-360x267.jpg 360w\" sizes=\"auto, (max-width: 680px) 100vw, 680px\" \/><p id=\"caption-attachment-157721\" class=\"wp-caption-text\">Ludmila Abreu e sua beleza sem igual<\/p><\/div>\n<p style=\"text-align: center;\"><strong>FOTOSS\u00cdNTESE<\/strong><\/p>\n<p>Aniversariante de destaque da semana, o querido amigo deste colunista M\u00e1rio Ribeiro da Silveira. Parab\u00e9ns.<\/p>\n<p>Sempre antenada e solid\u00e1ria, a presidente do Rotary Sul, Juliana Samel C\u00f4rtes Fernandes est\u00e1 em campanha para produ\u00e7\u00e3o de materiais de prote\u00e7\u00e3o para profissionais de sa\u00fade. Os interessados podem doar rolos de TNT na Rua Professor Jo\u00e3o Lima n\u00ba 47, Santa Paula.<\/p>\n<p>Est\u00e3o em ritmo de delivery: Arigat\u00f4, Asadero Costelaria, Vag\u00e3o de Pizza, Mary Milk, Poleiro do Galo, Sublime, Vaporetto e outros.<\/p>\n<p>Para evitar prolifera\u00e7\u00e3o, o Sindicato dos Banc\u00e1rios pediu fechamento de ag\u00eancias em Juiz de Fora. A solicita\u00e7\u00e3o foi feita \u00e0 Prefeitura de Juiz de Fora e ao Governo de Minas Gerais para que o per\u00edodo de funcionamento seja reduzido.<\/p>\n<p>Digno de elogios, o presidente do Sindipan Heveraldo Lima de Castro propriet\u00e1rio da Padaria Manchester, na rua Santo Ant\u00f4nio com Floriano Peixoto, mostra gesto de solidariedade em meio \u00e0 pandemia. Coloca todos os dias, sacos com p\u00e3es para doar a quem precisa.<\/p>\n<p>Aten\u00e7\u00e3o: A Pol\u00edcia Militar de Minas Gerais (PMMG), suspendeu a realiza\u00e7\u00e3o da prova objetiva do concurso p\u00fablico para ingresso ao Curso de Forma\u00e7\u00e3o de Oficiais (CFO), que ocorreria no dia 3 de abril. A decis\u00e3o foi tomada devido a pandemia do Coronav\u00edrus.<\/p>\n<p>A UFJF abriu inscri\u00e7\u00f5es de processo seletivo de tutores para atuar no curso de Licenciatura em Computa\u00e7\u00e3o na modalidade de Educa\u00e7\u00e3o a Dist\u00e2ncia (EAD).<\/p>\n<p>Estrat\u00e9gia: \u201cN\u00e3o adianta fazer marketing agressivo neste momento. Marcas devem adotar campanhas solid\u00e1rias e higienizadas\u201d. Bom dia.<\/p>\n<p><img loading=\"lazy\" decoding=\"async\" class=\"aligncenter size-full wp-image-157724\" src=\"https:\/\/diarioregionaldigital.com.br\/wp-content\/uploads\/2020\/03\/anuncio68.jpg\" alt=\"\" width=\"3525\" height=\"1335\" srcset=\"https:\/\/diarioregionaldigital.com.br\/wp-content\/uploads\/2020\/03\/anuncio68.jpg 3525w, https:\/\/diarioregionaldigital.com.br\/wp-content\/uploads\/2020\/03\/anuncio68-300x114.jpg 300w, https:\/\/diarioregionaldigital.com.br\/wp-content\/uploads\/2020\/03\/anuncio68-768x291.jpg 768w, https:\/\/diarioregionaldigital.com.br\/wp-content\/uploads\/2020\/03\/anuncio68-1024x388.jpg 1024w, https:\/\/diarioregionaldigital.com.br\/wp-content\/uploads\/2020\/03\/anuncio68-360x136.jpg 360w\" sizes=\"auto, (max-width: 3525px) 100vw, 3525px\" \/><\/p>\n","protected":false},"excerpt":{"rendered":"<p>Religiosidade Com f\u00e9 em Deus e p\u00e9 na t\u00e1bua, o bondoso Padre Pierre Cantarino tem celebrado missa on-line diariamente, \u00e0s 19h. A novena a S\u00e3o Jos\u00e9 pelo fim da pandemia, acontece \u00e0s 22h e o ter\u00e7o da miseric\u00f3rdia \u00e0s 15. O Belo O ator e modelo juiz-forano Lucas Malvacini \u00e9 um dos influenciadores convidados por [&hellip;]<\/p>\n","protected":false},"author":96,"featured_media":157711,"comment_status":"closed","ping_status":"closed","sticky":false,"template":"","format":"standard","meta":{"footnotes":""},"categories":[264],"tags":[],"class_list":["post-157722","post","type-post","status-publish","format-standard","has-post-thumbnail","hentry","category-eduardo-gomes"],"_links":{"self":[{"href":"https:\/\/diarioregionaldigital.com.br\/index.php?rest_route=\/wp\/v2\/posts\/157722","targetHints":{"allow":["GET"]}}],"collection":[{"href":"https:\/\/diarioregionaldigital.com.br\/index.php?rest_route=\/wp\/v2\/posts"}],"about":[{"href":"https:\/\/diarioregionaldigital.com.br\/index.php?rest_route=\/wp\/v2\/types\/post"}],"author":[{"embeddable":true,"href":"https:\/\/diarioregionaldigital.com.br\/index.php?rest_route=\/wp\/v2\/users\/96"}],"replies":[{"embeddable":true,"href":"https:\/\/diarioregionaldigital.com.br\/index.php?rest_route=%2Fwp%2Fv2%2Fcomments&post=157722"}],"version-history":[{"count":0,"href":"https:\/\/diarioregionaldigital.com.br\/index.php?rest_route=\/wp\/v2\/posts\/157722\/revisions"}],"wp:featuredmedia":[{"embeddable":true,"href":"https:\/\/diarioregionaldigital.com.br\/index.php?rest_route=\/wp\/v2\/media\/157711"}],"wp:attachment":[{"href":"https:\/\/diarioregionaldigital.com.br\/index.php?rest_route=%2Fwp%2Fv2%2Fmedia&parent=157722"}],"wp:term":[{"taxonomy":"category","embeddable":true,"href":"https:\/\/diarioregionaldigital.com.br\/index.php?rest_route=%2Fwp%2Fv2%2Fcategories&post=157722"},{"taxonomy":"post_tag","embeddable":true,"href":"https:\/\/diarioregionaldigital.com.br\/index.php?rest_route=%2Fwp%2Fv2%2Ftags&post=157722"}],"curies":[{"name":"wp","href":"https:\/\/api.w.org\/{rel}","templated":true}]}}