{"id":157707,"date":"2020-03-31T17:53:21","date_gmt":"2020-03-31T20:53:21","guid":{"rendered":"https:\/\/diarioregionaldigital.com.br\/?p=157707"},"modified":"2020-03-31T17:53:21","modified_gmt":"2020-03-31T20:53:21","slug":"anastasia-anuncia-agenda-de-votacao-para-projetos-de-combate-a-crise","status":"publish","type":"post","link":"https:\/\/diarioregionaldigital.com.br\/?p=157707","title":{"rendered":"Anastasia anuncia agenda de vota\u00e7\u00e3o para projetos de combate \u00e0 crise"},"content":{"rendered":"<p><span style=\"font-weight: 400;\">O primeiro vice-presidente do Senado, Antonio Anastasia (PSD-MG), anunciou na abertura da Ordem do Dia desta ter\u00e7a-feira (31) que os l\u00edderes partid\u00e1rios v\u00e3o acertar uma agenda de vota\u00e7\u00e3o de projetos relacionados ao combate \u00e0 crise do coronav\u00edrus. Segundo o senador, a agenda deve ser implementada j\u00e1 a partir da pr\u00f3xima semana.<\/span><\/p>\n<p><span style=\"font-weight: 400;\">Anastasia explicou que j\u00e1 h\u00e1 mais de 100 projetos no Senado que tratam do assunto, sob v\u00e1rios focos e com m\u00faltiplas propostas de combate \u00e0 crise. Ele informou tamb\u00e9m que haver\u00e1 uma reuni\u00e3o de l\u00edderes na quinta-feira (2) para acertar a divis\u00e3o dos projetos, conforme a pertin\u00eancia tem\u00e1tica. A inten\u00e7\u00e3o \u00e9 acelerar a vota\u00e7\u00e3o das mat\u00e9rias, que poder\u00e3o ser agrupadas e relatadas por apenas um relator.<\/span><\/p>\n<p><span style=\"font-weight: 400;\">O senador lembrou que, para a tarde de quinta-feira, deve ser convocada uma sess\u00e3o do Congresso Nacional. Se a previs\u00e3o se confirmar, ressaltou Anastasia, a convoca\u00e7\u00e3o da sess\u00e3o do Senado deve ser ajustada para a sexta-feira (3), quando ser\u00e1 votado o projeto que trata das rela\u00e7\u00f5es jur\u00eddicas de direito privado no per\u00edodo da pandemia (PL 1.179\/2020). O texto \u00e9 de autoria do pr\u00f3prio Anastasia e tem a senadora Simone Tebet (MDB-MS) como relatora.<\/span><\/p>\n<p><b>Atropelo<\/b><\/p>\n<p><span style=\"font-weight: 400;\">Anastasia lembrou que, na segunda-feira (30), o<\/span> <span style=\"font-weight: 400;\">Senado aprovou<\/span><span style=\"font-weight: 400;\"> o projeto do aux\u00edlio emergencial de R$ 600 durante a pandemia do coronav\u00edrus (PL 1.066\/2020). Ele destacou que as emendas rejeitadas na mat\u00e9ria seriam agrupadas em um novo projeto, que seria votado nesta ter\u00e7a-feira, sob relatoria do senador Esperidi\u00e3o Amin (PP-SC).<\/span><\/p>\n<p><span style=\"font-weight: 400;\">O esperado, segundo destacou Anastasia, era que o projeto do aux\u00edlio emergencial fosse sancionado logo pela manh\u00e3. Assim, a nova proposi\u00e7\u00e3o seria feita com base no texto sancionado, \u201cpara ficar um trabalho mais adequado\u201d. No entanto, n\u00e3o houve a san\u00e7\u00e3o, o que gerou um \u201catropelo\u201d na agenda de vota\u00e7\u00e3o do Senado, j\u00e1 que o novo projeto seria o \u00fanico item da sess\u00e3o desta ter\u00e7a.<\/span><\/p>\n<p><span style=\"font-weight: 400;\">\u201cInfelizmente houve esse atropelo. Ocorreu esse fato inesperado, a falta de san\u00e7\u00e3o, que era esperada pela manh\u00e3\u201d lamentou o senador.<\/span><\/p>\n<p><span style=\"font-weight: 400;\">Anastasia explicou que a san\u00e7\u00e3o agora \u00e9 esperada para a tarde de ter\u00e7a ou para a manh\u00e3 desta quarta-feira (1\u00ba), permitindo assim a apresenta\u00e7\u00e3o do novo projeto que ser\u00e1 relatado por Amin. O senador observou, no entanto, que o projeto ser\u00e1 votado de qualquer forma nesta quarta, mesmo sem a san\u00e7\u00e3o do projeto do aux\u00edlio. Eventuais acertos no texto, destacou, ser\u00e3o feitos durante a vota\u00e7\u00e3o na C\u00e2mara dos Deputados.<\/span><\/p>\n<p><b>Ordem do Dia<\/b><\/p>\n<p><span style=\"font-weight: 400;\">A Ordem do Dia desta ter\u00e7a-feira foi ajustada para vota\u00e7\u00e3o de outras 4 mat\u00e9rias, conforme acerto entre os l\u00edderes. Nas duas \u00faltimas semanas, Anastasia tem coordenado as vota\u00e7\u00f5es remotas no Senado. O presidente da Casa, Davi Alcolumbre, est\u00e1 afastado de suas atividades legislativas, em recupera\u00e7\u00e3o por ter sido contaminado com o coronav\u00edrus.<\/span><\/p>\n<p>&nbsp;<\/p>\n<p><strong>Fonte:\u00a0<\/strong>Ag\u00eancia Senado<\/p>\n","protected":false},"excerpt":{"rendered":"<p>O primeiro vice-presidente do Senado, Antonio Anastasia (PSD-MG), anunciou na abertura da Ordem do Dia desta ter\u00e7a-feira (31) que os l\u00edderes partid\u00e1rios v\u00e3o acertar uma agenda de vota\u00e7\u00e3o de projetos relacionados ao combate \u00e0 crise do coronav\u00edrus. Segundo o senador, a agenda deve ser implementada j\u00e1 a partir da pr\u00f3xima semana. Anastasia explicou que j\u00e1 [&hellip;]<\/p>\n","protected":false},"author":96,"featured_media":157708,"comment_status":"closed","ping_status":"closed","sticky":false,"template":"","format":"standard","meta":{"footnotes":""},"categories":[436,254,439],"tags":[],"class_list":["post-157707","post","type-post","status-publish","format-standard","has-post-thumbnail","hentry","category-destaque-da-semana","category-politica","category-ultima-hora"],"_links":{"self":[{"href":"https:\/\/diarioregionaldigital.com.br\/index.php?rest_route=\/wp\/v2\/posts\/157707","targetHints":{"allow":["GET"]}}],"collection":[{"href":"https:\/\/diarioregionaldigital.com.br\/index.php?rest_route=\/wp\/v2\/posts"}],"about":[{"href":"https:\/\/diarioregionaldigital.com.br\/index.php?rest_route=\/wp\/v2\/types\/post"}],"author":[{"embeddable":true,"href":"https:\/\/diarioregionaldigital.com.br\/index.php?rest_route=\/wp\/v2\/users\/96"}],"replies":[{"embeddable":true,"href":"https:\/\/diarioregionaldigital.com.br\/index.php?rest_route=%2Fwp%2Fv2%2Fcomments&post=157707"}],"version-history":[{"count":0,"href":"https:\/\/diarioregionaldigital.com.br\/index.php?rest_route=\/wp\/v2\/posts\/157707\/revisions"}],"wp:featuredmedia":[{"embeddable":true,"href":"https:\/\/diarioregionaldigital.com.br\/index.php?rest_route=\/wp\/v2\/media\/157708"}],"wp:attachment":[{"href":"https:\/\/diarioregionaldigital.com.br\/index.php?rest_route=%2Fwp%2Fv2%2Fmedia&parent=157707"}],"wp:term":[{"taxonomy":"category","embeddable":true,"href":"https:\/\/diarioregionaldigital.com.br\/index.php?rest_route=%2Fwp%2Fv2%2Fcategories&post=157707"},{"taxonomy":"post_tag","embeddable":true,"href":"https:\/\/diarioregionaldigital.com.br\/index.php?rest_route=%2Fwp%2Fv2%2Ftags&post=157707"}],"curies":[{"name":"wp","href":"https:\/\/api.w.org\/{rel}","templated":true}]}}