{"id":157705,"date":"2020-03-31T17:23:46","date_gmt":"2020-03-31T20:23:46","guid":{"rendered":"https:\/\/diarioregionaldigital.com.br\/?p=157705"},"modified":"2020-03-31T17:23:46","modified_gmt":"2020-03-31T20:23:46","slug":"governo-atualiza-dados-sobre-o-avanco-da-covid-19-no-pais","status":"publish","type":"post","link":"https:\/\/diarioregionaldigital.com.br\/?p=157705","title":{"rendered":"Governo atualiza dados sobre o avan\u00e7o da covid-19 no pa\u00eds"},"content":{"rendered":"<p>O governo brasileiro atualiza hoje (31), em coletiva de imprensa no Pal\u00e1cio do Planalto, os dados sobre o avan\u00e7o da covid-19 no pa\u00eds. Participam o ministro-chefe da Casa Civil, Walter Braga Netto; da Economia, Paulo Guedes; al\u00e9m de representantes da pastas da Sa\u00fade, Justi\u00e7a e Seguran\u00e7a P\u00fablica, e Economia.<\/p>\n<p>De acordo com os dados mais recentes do Minist\u00e9rio da Sa\u00fade, divulgados ontem (30), o pa\u00eds\u00a0contabilizava 159 mortes\u00a0e 4.579 casos confirmados da doen\u00e7a.<\/p>\n<p>&nbsp;<\/p>\n<p><strong>Kits de teste r\u00e1pido<\/strong><\/p>\n<p>Nesta ter\u00e7a-feira desembarcou no Aeroporto de Cumbica, em Guarulhos (SP), o\u00a0primeiro lote de 500 mil\u00a0de testes de detec\u00e7\u00e3o r\u00e1pida para a covid-19. O lote faz parte de uma compra de\u00a0compra de 5 milh\u00f5es\u00a0de kits efetuada pela Vale. O teste, produzido pela empresa chinesa Wondfo, tem registro na Ag\u00eancia Nacional de Vigil\u00e2ncia Sanit\u00e1ria (Anvisa). Ele detecta anticorpos e permite que se tenha um resultado em apenas 15 minutos.<\/p>\n<p>&nbsp;<\/p>\n<p><strong>Fonte:\u00a0<\/strong>Ag\u00eancia Brasil<\/p>\n<p>&nbsp;<\/p>\n","protected":false},"excerpt":{"rendered":"<p>O governo brasileiro atualiza hoje (31), em coletiva de imprensa no Pal\u00e1cio do Planalto, os dados sobre o avan\u00e7o da covid-19 no pa\u00eds. Participam o ministro-chefe da Casa Civil, Walter Braga Netto; da Economia, Paulo Guedes; al\u00e9m de representantes da pastas da Sa\u00fade, Justi\u00e7a e Seguran\u00e7a P\u00fablica, e Economia. De acordo com os dados mais [&hellip;]<\/p>\n","protected":false},"author":96,"featured_media":157460,"comment_status":"closed","ping_status":"closed","sticky":false,"template":"","format":"standard","meta":{"footnotes":""},"categories":[302,436,440,439],"tags":[],"class_list":["post-157705","post","type-post","status-publish","format-standard","has-post-thumbnail","hentry","category-brasil-mundo","category-destaque-da-semana","category-destaques-do-dia","category-ultima-hora"],"_links":{"self":[{"href":"https:\/\/diarioregionaldigital.com.br\/index.php?rest_route=\/wp\/v2\/posts\/157705","targetHints":{"allow":["GET"]}}],"collection":[{"href":"https:\/\/diarioregionaldigital.com.br\/index.php?rest_route=\/wp\/v2\/posts"}],"about":[{"href":"https:\/\/diarioregionaldigital.com.br\/index.php?rest_route=\/wp\/v2\/types\/post"}],"author":[{"embeddable":true,"href":"https:\/\/diarioregionaldigital.com.br\/index.php?rest_route=\/wp\/v2\/users\/96"}],"replies":[{"embeddable":true,"href":"https:\/\/diarioregionaldigital.com.br\/index.php?rest_route=%2Fwp%2Fv2%2Fcomments&post=157705"}],"version-history":[{"count":0,"href":"https:\/\/diarioregionaldigital.com.br\/index.php?rest_route=\/wp\/v2\/posts\/157705\/revisions"}],"wp:featuredmedia":[{"embeddable":true,"href":"https:\/\/diarioregionaldigital.com.br\/index.php?rest_route=\/wp\/v2\/media\/157460"}],"wp:attachment":[{"href":"https:\/\/diarioregionaldigital.com.br\/index.php?rest_route=%2Fwp%2Fv2%2Fmedia&parent=157705"}],"wp:term":[{"taxonomy":"category","embeddable":true,"href":"https:\/\/diarioregionaldigital.com.br\/index.php?rest_route=%2Fwp%2Fv2%2Fcategories&post=157705"},{"taxonomy":"post_tag","embeddable":true,"href":"https:\/\/diarioregionaldigital.com.br\/index.php?rest_route=%2Fwp%2Fv2%2Ftags&post=157705"}],"curies":[{"name":"wp","href":"https:\/\/api.w.org\/{rel}","templated":true}]}}