{"id":157699,"date":"2020-03-31T17:17:49","date_gmt":"2020-03-31T20:17:49","guid":{"rendered":"https:\/\/diarioregionaldigital.com.br\/?p=157699"},"modified":"2020-03-31T17:17:49","modified_gmt":"2020-03-31T20:17:49","slug":"aumenta-o-numero-de-mortos-por-covid-19-por-dia-na-italia","status":"publish","type":"post","link":"https:\/\/diarioregionaldigital.com.br\/?p=157699","title":{"rendered":"Aumenta o n\u00famero de mortos por covid-19 por dia na It\u00e1lia"},"content":{"rendered":"<p>O n\u00famero de mortos pelo surto do novo coronav\u00edrus na It\u00e1lia subiu em 837, passando para 12.428, informou a Ag\u00eancia de Prote\u00e7\u00e3o Civil do pa\u00eds nesta ter\u00e7a-feira (31), com a contagem di\u00e1ria aumentando pelo segundo dia consecutivo. Ontem, o aumento havia sido de 812 mortos desde o dia anterior.<\/p>\n<p>O aumento de novos casos se\u00a0manteve praticamente est\u00e1vel, com uma alta de 4.053, ante 4.050 na segunda-feira, levando o total de infec\u00e7\u00f5es desde que o surto veio \u00e0 luz, em 21 de fevereiro, para 105.792.<\/p>\n<p>Foram registrados 5.217 novos casos no domingo e 5.974 no s\u00e1bado, sugerindo que a curva de crescimento de novas infec\u00e7\u00f5es est\u00e1 achatando.<\/p>\n<p>A contagem di\u00e1ria de mortes na Lombardia, a regi\u00e3o mais afetada, diminuiu acentuadamente, e novas infec\u00e7\u00f5es tamb\u00e9m diminu\u00edram pelo menos pelo terceiro dia consecutivo, sugerindo que a situa\u00e7\u00e3o est\u00e1 melhorando l\u00e1 mais rapidamente do que em outras partes do pa\u00eds.<\/p>\n<p>Na vizinha Piemonte, por outro lado, o n\u00famero di\u00e1rio de mortes de 105 aumentou acentuadamente em rela\u00e7\u00e3o ao dia anterior.<\/p>\n<p>Dos originalmente infectados em todo o pa\u00eds, 15.729 tinham se recuperado totalmente nesta ter\u00e7a-feira, em compara\u00e7\u00e3o com 14.620 no dia anterior. Havia 4.023 pessoas em terapia intensiva, acima das 3.981 anteriormente.<\/p>\n<p>A It\u00e1lia registrou mais mortes do que em qualquer outro lugar do mundo e representa cerca de 30% de todas as mortes globais pelo v\u00edrus.<\/p>\n<p>&nbsp;<\/p>\n<p><strong>Fonte:\u00a0<\/strong>Ag\u00eancia Brasil<\/p>\n","protected":false},"excerpt":{"rendered":"<p>O n\u00famero de mortos pelo surto do novo coronav\u00edrus na It\u00e1lia subiu em 837, passando para 12.428, informou a Ag\u00eancia de Prote\u00e7\u00e3o Civil do pa\u00eds nesta ter\u00e7a-feira (31), com a contagem di\u00e1ria aumentando pelo segundo dia consecutivo. Ontem, o aumento havia sido de 812 mortos desde o dia anterior. O aumento de novos casos se\u00a0manteve [&hellip;]<\/p>\n","protected":false},"author":96,"featured_media":157700,"comment_status":"closed","ping_status":"closed","sticky":false,"template":"","format":"standard","meta":{"footnotes":""},"categories":[302,436,439],"tags":[],"class_list":["post-157699","post","type-post","status-publish","format-standard","has-post-thumbnail","hentry","category-brasil-mundo","category-destaque-da-semana","category-ultima-hora"],"_links":{"self":[{"href":"https:\/\/diarioregionaldigital.com.br\/index.php?rest_route=\/wp\/v2\/posts\/157699","targetHints":{"allow":["GET"]}}],"collection":[{"href":"https:\/\/diarioregionaldigital.com.br\/index.php?rest_route=\/wp\/v2\/posts"}],"about":[{"href":"https:\/\/diarioregionaldigital.com.br\/index.php?rest_route=\/wp\/v2\/types\/post"}],"author":[{"embeddable":true,"href":"https:\/\/diarioregionaldigital.com.br\/index.php?rest_route=\/wp\/v2\/users\/96"}],"replies":[{"embeddable":true,"href":"https:\/\/diarioregionaldigital.com.br\/index.php?rest_route=%2Fwp%2Fv2%2Fcomments&post=157699"}],"version-history":[{"count":0,"href":"https:\/\/diarioregionaldigital.com.br\/index.php?rest_route=\/wp\/v2\/posts\/157699\/revisions"}],"wp:featuredmedia":[{"embeddable":true,"href":"https:\/\/diarioregionaldigital.com.br\/index.php?rest_route=\/wp\/v2\/media\/157700"}],"wp:attachment":[{"href":"https:\/\/diarioregionaldigital.com.br\/index.php?rest_route=%2Fwp%2Fv2%2Fmedia&parent=157699"}],"wp:term":[{"taxonomy":"category","embeddable":true,"href":"https:\/\/diarioregionaldigital.com.br\/index.php?rest_route=%2Fwp%2Fv2%2Fcategories&post=157699"},{"taxonomy":"post_tag","embeddable":true,"href":"https:\/\/diarioregionaldigital.com.br\/index.php?rest_route=%2Fwp%2Fv2%2Ftags&post=157699"}],"curies":[{"name":"wp","href":"https:\/\/api.w.org\/{rel}","templated":true}]}}