{"id":157693,"date":"2020-03-31T16:56:50","date_gmt":"2020-03-31T19:56:50","guid":{"rendered":"https:\/\/diarioregionaldigital.com.br\/?p=157693"},"modified":"2020-03-31T16:56:50","modified_gmt":"2020-03-31T19:56:50","slug":"nova-mp-aumenta-protecao-a-servidores-do-banco-central-durante-pandemia","status":"publish","type":"post","link":"https:\/\/diarioregionaldigital.com.br\/?p=157693","title":{"rendered":"Nova MP aumenta prote\u00e7\u00e3o a servidores do Banco Central durante pandemia"},"content":{"rendered":"<p>Foi publicada no <em>Di\u00e1rio Oficial da Uni\u00e3o<\/em> dessa ter\u00e7a-feira (31) a Medida Provis\u00f3ria 930\/2020, que garante maior prote\u00e7\u00e3o legal \u00e0 diretoria colegiada e aos servidores do Banco Central (BC) durante a pandemia do novo coronav\u00edrus. A norma editada pelo presidente da Rep\u00fablica tamb\u00e9m altera regras de tributa\u00e7\u00e3o sobre investimentos de bancos no exterior.<\/p>\n<p>Segundo a medida provis\u00f3ria, ressalvadas as hip\u00f3teses de dolo ou de fraude, os integrantes da dire\u00e7\u00e3o e os funcion\u00e1rios da autoridade monet\u00e1ria n\u00e3o ser\u00e3o pass\u00edveis de responsabiliza\u00e7\u00e3o por atos praticados no exerc\u00edcio de suas atribui\u00e7\u00f5es, exceto pelos respectivos \u00f3rg\u00e3os correcionais ou disciplinares. O benef\u00edcio ser\u00e1 aplic\u00e1vel enquanto perdurarem os efeitos das a\u00e7\u00f5es, assist\u00eancia e programas adotados pelo BC em resposta \u00e0 crise decorrente da pandemia da covid-19. De todo modo, a responsabilidade penal n\u00e3o ser\u00e1 afastada.<\/p>\n<p><strong><em>Hedge<\/em><\/strong><\/p>\n<p>A MP 930\/2019 determina ainda que a varia\u00e7\u00e3o cambial de parcela com <em>hedge<\/em> (cobertura de risco) de um investimento no exterior seja computada no lucro real e na Contribui\u00e7\u00e3o Social sobre o Lucro L\u00edquido (CSLL) da empresa sediada no Brasil. Tais valores dever\u00e3o ser computados de forma escalonada: 50% em 2021 e 100% a partir de 2022. O governo alega que a medida visa a &#8220;reduzir distor\u00e7\u00f5es tribut\u00e1rias&#8221;.<\/p>\n<p><em>Hedge<\/em> \u00e9 uma opera\u00e7\u00e3o de prote\u00e7\u00e3o contra o risco de determinado investimento. Ao fazer uma opera\u00e7\u00e3o desse tipo, o investidor tenta eliminar a chance de perdas futuras. Por isso \u00e9 muito usado, por exemplo, nas negocia\u00e7\u00f5es envolvendo commodities (mercadorias b\u00e1sicas cujos pre\u00e7os variam internacionalmente), sujeitas a fortes oscila\u00e7\u00f5es de pre\u00e7os.<\/p>\n<p><strong>Tramita\u00e7\u00e3o<\/strong><\/p>\n<p>As medidas provis\u00f3rias s\u00e3o normas com for\u00e7a de lei editadas pelo presidente da Rep\u00fablica em situa\u00e7\u00f5es de relev\u00e2ncia e urg\u00eancia. Apesar de produzir efeitos jur\u00eddicos imediatos, as MPs precisam da aprecia\u00e7\u00e3o pela C\u00e2mara e pelo Senado para se converter definitivamente em lei ordin\u00e1ria.<\/p>\n<p>O prazo inicial de vig\u00eancia \u00e9 de 60 dias, podendo ser prorrogado automaticamente por igual per\u00edodo caso n\u00e3o tenha sua vota\u00e7\u00e3o conclu\u00edda nas duas casas do Congresso Nacional. Caso ela seja prorrogada e n\u00e3o seja votada nos 120 dias de sua validade, a medida provis\u00f3ria perde seus efeitos. O prazo para apresenta\u00e7\u00e3o de emendas \u00e0 MP 930\/2020 \u00e9 at\u00e9 6 de abril.<\/p>\n<p>&nbsp;<\/p>\n<p><strong>Fonte:\u00a0<\/strong>Ag\u00eancia Senado<\/p>\n","protected":false},"excerpt":{"rendered":"<p>Foi publicada no Di\u00e1rio Oficial da Uni\u00e3o dessa ter\u00e7a-feira (31) a Medida Provis\u00f3ria 930\/2020, que garante maior prote\u00e7\u00e3o legal \u00e0 diretoria colegiada e aos servidores do Banco Central (BC) durante a pandemia do novo coronav\u00edrus. A norma editada pelo presidente da Rep\u00fablica tamb\u00e9m altera regras de tributa\u00e7\u00e3o sobre investimentos de bancos no exterior. Segundo a [&hellip;]<\/p>\n","protected":false},"author":96,"featured_media":157694,"comment_status":"closed","ping_status":"closed","sticky":false,"template":"","format":"standard","meta":{"footnotes":""},"categories":[436,261,439],"tags":[],"class_list":["post-157693","post","type-post","status-publish","format-standard","has-post-thumbnail","hentry","category-destaque-da-semana","category-economia","category-ultima-hora"],"_links":{"self":[{"href":"https:\/\/diarioregionaldigital.com.br\/index.php?rest_route=\/wp\/v2\/posts\/157693","targetHints":{"allow":["GET"]}}],"collection":[{"href":"https:\/\/diarioregionaldigital.com.br\/index.php?rest_route=\/wp\/v2\/posts"}],"about":[{"href":"https:\/\/diarioregionaldigital.com.br\/index.php?rest_route=\/wp\/v2\/types\/post"}],"author":[{"embeddable":true,"href":"https:\/\/diarioregionaldigital.com.br\/index.php?rest_route=\/wp\/v2\/users\/96"}],"replies":[{"embeddable":true,"href":"https:\/\/diarioregionaldigital.com.br\/index.php?rest_route=%2Fwp%2Fv2%2Fcomments&post=157693"}],"version-history":[{"count":0,"href":"https:\/\/diarioregionaldigital.com.br\/index.php?rest_route=\/wp\/v2\/posts\/157693\/revisions"}],"wp:featuredmedia":[{"embeddable":true,"href":"https:\/\/diarioregionaldigital.com.br\/index.php?rest_route=\/wp\/v2\/media\/157694"}],"wp:attachment":[{"href":"https:\/\/diarioregionaldigital.com.br\/index.php?rest_route=%2Fwp%2Fv2%2Fmedia&parent=157693"}],"wp:term":[{"taxonomy":"category","embeddable":true,"href":"https:\/\/diarioregionaldigital.com.br\/index.php?rest_route=%2Fwp%2Fv2%2Fcategories&post=157693"},{"taxonomy":"post_tag","embeddable":true,"href":"https:\/\/diarioregionaldigital.com.br\/index.php?rest_route=%2Fwp%2Fv2%2Ftags&post=157693"}],"curies":[{"name":"wp","href":"https:\/\/api.w.org\/{rel}","templated":true}]}}