{"id":157690,"date":"2020-03-31T16:55:11","date_gmt":"2020-03-31T19:55:11","guid":{"rendered":"https:\/\/diarioregionaldigital.com.br\/?p=157690"},"modified":"2020-03-31T16:55:11","modified_gmt":"2020-03-31T19:55:11","slug":"contas-publicas-tem-saldo-negativo-de-r-209-bilhoes-em-fevereiro","status":"publish","type":"post","link":"https:\/\/diarioregionaldigital.com.br\/?p=157690","title":{"rendered":"Contas p\u00fablicas t\u00eam saldo negativo de R$ 20,9 bilh\u00f5es em fevereiro"},"content":{"rendered":"<p>As contas p\u00fablicas tiveram saldo negativo em fevereiro. De acordo com dados divulgados nessa ter\u00e7a-feira (31) pelo Banco Central (BC), o setor p\u00fablico consolidado, formado por\u00a0 Uni\u00e3o, estados e munic\u00edpios, registrou d\u00e9ficit prim\u00e1rio de R$ 20,901 bilh\u00f5es no m\u00eas passado. Em fevereiro de 2019 o resultado negativo foi menor: R$ 14,931 bilh\u00f5es. O d\u00e9ficit de fevereiro \u00e9 o maior para o m\u00eas desde 2017, quando ficou em R$ 23,468 bilh\u00f5es.<\/p>\n<p>O resultado prim\u00e1rio \u00e9 formado por receitas menos despesas, sem considerar os gastos com juros. Segundo o BC, as estat\u00edsticas ainda n\u00e3o t\u00eam \u201cimpactos mais expressivos\u201d da pandemia do coronav\u00edrus por serem referentes a fevereiro.<\/p>\n<p>Em fevereiro, o Governo Central (Previd\u00eancia, Banco Central e Tesouro Nacional) apresentou d\u00e9ficit prim\u00e1rio de R$ 26,893 bilh\u00f5es.<\/p>\n<p>Os governos estaduais e municipais registraram saldo positivo: R$ 4,267 bilh\u00f5es e R$ 982 milh\u00f5es, respectivamente. As empresas estatais federais, estaduais e municipais, exclu\u00eddas as dos grupos Petrobras e Eletrobras, registraram super\u00e1vit prim\u00e1rio de R$ 743 milh\u00f5es no m\u00eas passado.<\/p>\n<p>Devido ao resultado positivo de janeiro (R$ 56,276 bilh\u00f5es), no primeiro bimestre, houve super\u00e1vit prim\u00e1rio chegou a R$ 35,375 bilh\u00f5es, contra R$ 31,967 bilh\u00f5es em igual per\u00edodo do ano passado.<\/p>\n<p>Segundo o chefe do Departamento de estat\u00edsticas do BC, Fernando Rocha, em janeiro \u00e9 comum haver resultado positivo, seguido de d\u00e9ficit em fevereiro. Isso ocorre porque h\u00e1 aumento da arrecada\u00e7\u00e3o em janeiro devido ao pagamento pelas empresas do Imposto de Renda Pessoa Jur\u00eddica(IRPJ) e \u00e0 Contribui\u00e7\u00e3o Social sobre o Lucro L\u00edquido (CSLL).<\/p>\n<p>\u201cNo caso dos governos regionais, h\u00e1 tamb\u00e9m tend\u00eancia de concentra\u00e7\u00e3o de receitas nos primeiros meses do ano, quando geralmente tem in\u00edcio o pagamento de tributos como IPTU e IPVA, por exemplo, e de despesas no segundo semestre, por exemplo, o 13\u00ba sal\u00e1rio do funcionalismo\u201d, disse Rocha.<\/p>\n<p>Em 12 meses encerrados em fevereiro, o d\u00e9ficit prim\u00e1rio ficou em R$ 58,464 bilh\u00f5es, o que representa 0,8% do Produto Interno Bruto (PIB), soma de todos os bens e servi\u00e7os produzidos no pa\u00eds.<\/p>\n<p>A meta para este ano era de d\u00e9ficit prim\u00e1rio de R$ 118,9 bilh\u00f5es. Entretanto, o decreto de calamidade p\u00fablica dispensou o governo de cumprir a meta.<\/p>\n<p><strong>Despesas com juros<\/strong><\/p>\n<p>Os gastos com juros ficaram em R$ 28,454 bilh\u00f5es em fevereiro, contra R$ 30,082 bilh\u00f5es no mesmo m\u00eas de 2019. No primeiro bimestre, essas despesas acumularam R$ 65,610 bilh\u00f5es, ante R$ 50,936 bilh\u00f5es em igual per\u00edodo do ano passado.<\/p>\n<p>Em fevereiro, o d\u00e9ficit nominal, formado pelo resultado prim\u00e1rio e os resultados dos juros, ficou em R$ 49,355 bilh\u00f5es, acima do resultado de R$ 45,013 bilh\u00f5es de fevereiro de 2019. No acumulado de dois meses do ano, o d\u00e9ficit nominal chegou a R$ 30,235 bilh\u00f5es, contra R$ 18,969 bilh\u00f5es em igual per\u00edodo de 2019.<\/p>\n<p><strong>D\u00edvida p\u00fablica<\/strong><\/p>\n<p>A d\u00edvida l\u00edquida do setor p\u00fablico (balan\u00e7o entre o total de cr\u00e9ditos e d\u00e9bitos dos governos federal, estaduais e municipais) chegou a R$ 3,923 trilh\u00f5es em fevereiro, o que corresponde 53,5% do PIB. Em janeiro, esse percentual estava em 54,1%.<\/p>\n<p>Em fevereiro, a d\u00edvida bruta &#8211; que contabiliza apenas os passivos dos governos federal, estaduais e municipais &#8211; chegou a R$ 5,611 trilh\u00f5es ou 76,5% do PIB, 0,4 ponto percentual acima do percentual registrado em janeiro de 2020.<\/p>\n<p>&nbsp;<\/p>\n<p><strong>Fonte:\u00a0<\/strong>Ag\u00eancia Brasil<\/p>\n","protected":false},"excerpt":{"rendered":"<p>As contas p\u00fablicas tiveram saldo negativo em fevereiro. De acordo com dados divulgados nessa ter\u00e7a-feira (31) pelo Banco Central (BC), o setor p\u00fablico consolidado, formado por\u00a0 Uni\u00e3o, estados e munic\u00edpios, registrou d\u00e9ficit prim\u00e1rio de R$ 20,901 bilh\u00f5es no m\u00eas passado. Em fevereiro de 2019 o resultado negativo foi menor: R$ 14,931 bilh\u00f5es. O d\u00e9ficit de [&hellip;]<\/p>\n","protected":false},"author":96,"featured_media":157691,"comment_status":"closed","ping_status":"closed","sticky":false,"template":"","format":"standard","meta":{"footnotes":""},"categories":[436,261,439],"tags":[],"class_list":["post-157690","post","type-post","status-publish","format-standard","has-post-thumbnail","hentry","category-destaque-da-semana","category-economia","category-ultima-hora"],"_links":{"self":[{"href":"https:\/\/diarioregionaldigital.com.br\/index.php?rest_route=\/wp\/v2\/posts\/157690","targetHints":{"allow":["GET"]}}],"collection":[{"href":"https:\/\/diarioregionaldigital.com.br\/index.php?rest_route=\/wp\/v2\/posts"}],"about":[{"href":"https:\/\/diarioregionaldigital.com.br\/index.php?rest_route=\/wp\/v2\/types\/post"}],"author":[{"embeddable":true,"href":"https:\/\/diarioregionaldigital.com.br\/index.php?rest_route=\/wp\/v2\/users\/96"}],"replies":[{"embeddable":true,"href":"https:\/\/diarioregionaldigital.com.br\/index.php?rest_route=%2Fwp%2Fv2%2Fcomments&post=157690"}],"version-history":[{"count":0,"href":"https:\/\/diarioregionaldigital.com.br\/index.php?rest_route=\/wp\/v2\/posts\/157690\/revisions"}],"wp:featuredmedia":[{"embeddable":true,"href":"https:\/\/diarioregionaldigital.com.br\/index.php?rest_route=\/wp\/v2\/media\/157691"}],"wp:attachment":[{"href":"https:\/\/diarioregionaldigital.com.br\/index.php?rest_route=%2Fwp%2Fv2%2Fmedia&parent=157690"}],"wp:term":[{"taxonomy":"category","embeddable":true,"href":"https:\/\/diarioregionaldigital.com.br\/index.php?rest_route=%2Fwp%2Fv2%2Fcategories&post=157690"},{"taxonomy":"post_tag","embeddable":true,"href":"https:\/\/diarioregionaldigital.com.br\/index.php?rest_route=%2Fwp%2Fv2%2Ftags&post=157690"}],"curies":[{"name":"wp","href":"https:\/\/api.w.org\/{rel}","templated":true}]}}