{"id":157657,"date":"2020-03-31T13:33:01","date_gmt":"2020-03-31T16:33:01","guid":{"rendered":"https:\/\/diarioregionaldigital.com.br\/?p=157657"},"modified":"2020-03-31T13:33:01","modified_gmt":"2020-03-31T16:33:01","slug":"juiz-de-fora-tem-23-casos-confirmados-do-coronavirus","status":"publish","type":"post","link":"https:\/\/diarioregionaldigital.com.br\/?p=157657","title":{"rendered":"Juiz de Fora tem 23 casos confirmados do Coronav\u00edrus"},"content":{"rendered":"<p>A Secretaria de Estado da Sa\u00fade de Minas Gerais (SES-MG), confirmou nesta ter\u00e7a-feira (31), que a cidade de Juiz de Fora j\u00e1 tem 23 casos confirmados do Coronav\u00edrus. No \u00faltimo boletim divulgado nessa segunda-feira (30), haviam 13 casos confirmados. At\u00e9 ent\u00e3o n\u00e3o h\u00e1 \u00f3bitos confirmados pelo munic\u00edpio.<\/p>\n","protected":false},"excerpt":{"rendered":"<p>A Secretaria de Estado da Sa\u00fade de Minas Gerais (SES-MG), confirmou nesta ter\u00e7a-feira (31), que a cidade de Juiz de Fora j\u00e1 tem 23 casos confirmados do Coronav\u00edrus. No \u00faltimo boletim divulgado nessa segunda-feira (30), haviam 13 casos confirmados. At\u00e9 ent\u00e3o n\u00e3o h\u00e1 \u00f3bitos confirmados pelo munic\u00edpio.<\/p>\n","protected":false},"author":96,"featured_media":157658,"comment_status":"closed","ping_status":"closed","sticky":false,"template":"","format":"standard","meta":{"footnotes":""},"categories":[253,436,440,439],"tags":[],"class_list":["post-157657","post","type-post","status-publish","format-standard","has-post-thumbnail","hentry","category-cidade","category-destaque-da-semana","category-destaques-do-dia","category-ultima-hora"],"_links":{"self":[{"href":"https:\/\/diarioregionaldigital.com.br\/index.php?rest_route=\/wp\/v2\/posts\/157657","targetHints":{"allow":["GET"]}}],"collection":[{"href":"https:\/\/diarioregionaldigital.com.br\/index.php?rest_route=\/wp\/v2\/posts"}],"about":[{"href":"https:\/\/diarioregionaldigital.com.br\/index.php?rest_route=\/wp\/v2\/types\/post"}],"author":[{"embeddable":true,"href":"https:\/\/diarioregionaldigital.com.br\/index.php?rest_route=\/wp\/v2\/users\/96"}],"replies":[{"embeddable":true,"href":"https:\/\/diarioregionaldigital.com.br\/index.php?rest_route=%2Fwp%2Fv2%2Fcomments&post=157657"}],"version-history":[{"count":0,"href":"https:\/\/diarioregionaldigital.com.br\/index.php?rest_route=\/wp\/v2\/posts\/157657\/revisions"}],"wp:featuredmedia":[{"embeddable":true,"href":"https:\/\/diarioregionaldigital.com.br\/index.php?rest_route=\/wp\/v2\/media\/157658"}],"wp:attachment":[{"href":"https:\/\/diarioregionaldigital.com.br\/index.php?rest_route=%2Fwp%2Fv2%2Fmedia&parent=157657"}],"wp:term":[{"taxonomy":"category","embeddable":true,"href":"https:\/\/diarioregionaldigital.com.br\/index.php?rest_route=%2Fwp%2Fv2%2Fcategories&post=157657"},{"taxonomy":"post_tag","embeddable":true,"href":"https:\/\/diarioregionaldigital.com.br\/index.php?rest_route=%2Fwp%2Fv2%2Ftags&post=157657"}],"curies":[{"name":"wp","href":"https:\/\/api.w.org\/{rel}","templated":true}]}}