{"id":157652,"date":"2020-03-31T13:16:26","date_gmt":"2020-03-31T16:16:26","guid":{"rendered":"https:\/\/diarioregionaldigital.com.br\/?p=157652"},"modified":"2020-03-31T13:38:14","modified_gmt":"2020-03-31T16:38:14","slug":"minas-gerais-tem-segundo-obito-confirmado-de-coronavirus","status":"publish","type":"post","link":"https:\/\/diarioregionaldigital.com.br\/?p=157652","title":{"rendered":"Minas Gerais tem segundo \u00f3bito confirmado de Coronav\u00edrus"},"content":{"rendered":"<p>A Secretaria de Estado da Sa\u00fade de Minas Gerais (SES-MG), confirmou nesta ter\u00e7a-feira (31), a segunda morte causada pelo Coronav\u00edrus. O paciente era um idoso de 66 anos, morador de Belo Horizonte, portador de cardiopatia e diabetes. O idoso veio a \u00f3bito nessa segunda-feira (30). A primeira morte confirmada foi de uma idosa de 82 anos, ela tinha sido internada no Hospital Biocor em Nova Lima no \u00faltimo dia 21, com quadro de tosse, febre e desconforto respirat\u00f3rio.<\/p>\n<p>At\u00e9 o momento s\u00e3o\u00a034.224 casos suspeitos para COVID-19 e 275 casos confirmados, al\u00e9m de 40 \u00f3bitos estarem sob investiga\u00e7\u00e3o para identificar se a causa foi da doen\u00e7a. Ainda conforme o boletim, o estado possui 34.224 casos suspeitos.<\/p>\n<p>Os dados atualizados agora s\u00e3o:\u00a0<strong>Alfenas (1),\u00a0<\/strong>Belo Horizonte (163),\u00a0Betim (5),\u00a0Boa Esperan\u00e7a (1), Bom Despacho (1),\u00a0Campo Belo (1)<strong>,<\/strong>\u00a0Campos Altos (1),Carmo do Cajuru (1),\u00a0Contagem (5), Coronel Fabriciano (1),\u00a0Divin\u00f3polis (9),\u00a0Governador Valadares (2),\u00a0Guimar\u00e2nia (1),Ipatinga (1),\u00a0<strong>Juiz de Fora (23)<\/strong>,\u00a0Lagoa da Prata (2), <strong>Manhua\u00e7u (1),\u00a0<\/strong>Mariana (2),\u00a0Muria\u00e9 (1).<strong>Nova Lima (20)<\/strong>, Patroc\u00ednio (1),\u00a0Po\u00e7os de Caldas (2),\u00a0S\u00e3o Jo\u00e3o Del Rei (2),\u00a0Sabar\u00e1 (3), Santa Luzia (1), Serra do Saltire (1),Sete Lagoas (2), Tim\u00f3teo (1), Uberaba (3),\u00a0Uberl\u00e2ndia (10)\u00a0e outros munic\u00edpios em investiga\u00e7\u00e3o (5).<\/p>\n","protected":false},"excerpt":{"rendered":"<p>A Secretaria de Estado da Sa\u00fade de Minas Gerais (SES-MG), confirmou nesta ter\u00e7a-feira (31), a segunda morte causada pelo Coronav\u00edrus. O paciente era um idoso de 66 anos, morador de Belo Horizonte, portador de cardiopatia e diabetes. O idoso veio a \u00f3bito nessa segunda-feira (30). A primeira morte confirmada foi de uma idosa de 82 [&hellip;]<\/p>\n","protected":false},"author":96,"featured_media":95105,"comment_status":"closed","ping_status":"closed","sticky":false,"template":"","format":"standard","meta":{"footnotes":""},"categories":[436,440,252,439],"tags":[],"class_list":["post-157652","post","type-post","status-publish","format-standard","has-post-thumbnail","hentry","category-destaque-da-semana","category-destaques-do-dia","category-regiao","category-ultima-hora"],"_links":{"self":[{"href":"https:\/\/diarioregionaldigital.com.br\/index.php?rest_route=\/wp\/v2\/posts\/157652","targetHints":{"allow":["GET"]}}],"collection":[{"href":"https:\/\/diarioregionaldigital.com.br\/index.php?rest_route=\/wp\/v2\/posts"}],"about":[{"href":"https:\/\/diarioregionaldigital.com.br\/index.php?rest_route=\/wp\/v2\/types\/post"}],"author":[{"embeddable":true,"href":"https:\/\/diarioregionaldigital.com.br\/index.php?rest_route=\/wp\/v2\/users\/96"}],"replies":[{"embeddable":true,"href":"https:\/\/diarioregionaldigital.com.br\/index.php?rest_route=%2Fwp%2Fv2%2Fcomments&post=157652"}],"version-history":[{"count":0,"href":"https:\/\/diarioregionaldigital.com.br\/index.php?rest_route=\/wp\/v2\/posts\/157652\/revisions"}],"wp:featuredmedia":[{"embeddable":true,"href":"https:\/\/diarioregionaldigital.com.br\/index.php?rest_route=\/wp\/v2\/media\/95105"}],"wp:attachment":[{"href":"https:\/\/diarioregionaldigital.com.br\/index.php?rest_route=%2Fwp%2Fv2%2Fmedia&parent=157652"}],"wp:term":[{"taxonomy":"category","embeddable":true,"href":"https:\/\/diarioregionaldigital.com.br\/index.php?rest_route=%2Fwp%2Fv2%2Fcategories&post=157652"},{"taxonomy":"post_tag","embeddable":true,"href":"https:\/\/diarioregionaldigital.com.br\/index.php?rest_route=%2Fwp%2Fv2%2Ftags&post=157652"}],"curies":[{"name":"wp","href":"https:\/\/api.w.org\/{rel}","templated":true}]}}