{"id":157648,"date":"2020-03-31T10:51:01","date_gmt":"2020-03-31T13:51:01","guid":{"rendered":"https:\/\/diarioregionaldigital.com.br\/?p=157648"},"modified":"2020-03-31T13:07:18","modified_gmt":"2020-03-31T16:07:18","slug":"secretaria-de-saude-realiza-coletiva-de-imprensa-virtual-sobre-situacao-do-coronavirus","status":"publish","type":"post","link":"https:\/\/diarioregionaldigital.com.br\/?p=157648","title":{"rendered":"Secretaria de Sa\u00fade realiza coletiva de imprensa virtual sobre situa\u00e7\u00e3o do coronav\u00edrus"},"content":{"rendered":"<p>A\u00a0Secretaria de Estado de Sa\u00fade (SES-MG)\u00a0realizou, nesta segunda-feira (30\/3), na Cidade Administrativa, em Belo Horizonte, mais uma coletiva virtual sobre a situa\u00e7\u00e3o do coronav\u00edrus no estado. Na oportunidade, o secret\u00e1rio da SES-MG, Carlos Eduardo Amaral, falou \u00e0 imprensa\u00a0juntamente com o secret\u00e1rio adjunto Marcelo Cabral e o subsecret\u00e1rio de Vigil\u00e2ncia em Sa\u00fade, Dario Brock Ramalho.<\/p>\n<p>\u201cMinas Gerais teve o primeiro \u00f3bito em decorr\u00eancia do coronav\u00edrus confirmado no boletim de hoje. Todo o esfor\u00e7o que o governo e a SES-MG est\u00e3o fazendo \u00e9 para reduzir o m\u00e1ximo poss\u00edvel a ocorr\u00eancia de casos e \u00f3bitos relacionados ao Covid-19&#8243;, disse o secret\u00e1rio de Sa\u00fade, Carlos Eduardo Amaral. &#8220;\u00c9\u00a0importante frisar que o registro deste primeiro \u00f3bito n\u00e3o altera o patamar atual do estado, ou seja, n\u00e3o modifica a conduta que j\u00e1 estamos tendo com rela\u00e7\u00e3o \u00e0 pandemia\u201d, complementou.<\/p>\n<p>Em rela\u00e7\u00e3o aos exames que est\u00e3o sendo realizados pela\u00a0Funda\u00e7\u00e3o Ezequiel Dias (Funed), o secret\u00e1rio explicou que, atualmente, h\u00e1 2.400 exames que j\u00e1 foram realizados pela funda\u00e7\u00e3o e, a capacidade, neste momento, \u00e9 de 400 exames por dia. A previs\u00e3o \u00e9 de que,\u00a0at\u00e9 o fim desta semana, o Estado aumente sua capacidade operacional para cerca de 1.800 exames di\u00e1rios.<\/p>\n<p>&#8220;Com isso, entendemos que haver\u00e1 consider\u00e1vel alinhamento entre as notifica\u00e7\u00f5es, os exames colhidos e a capacidade operacional da secretaria. No entanto, \u00e9 importante entender que o n\u00famero de notifica\u00e7\u00f5es cresce progressivamente e a secretaria gradualmente vai ampliando sua capacidade operacional\u201d, pontuou Amaral.<\/p>\n<p>Em rela\u00e7\u00e3o \u00e0 investiga\u00e7\u00e3o das mortes causadas pelo Covid-19, o subsecret\u00e1rio de Vigil\u00e2ncia em Sa\u00fade, Dario Brock Ramalho, explicou de que forma s\u00e3o feitas\u00a0as notifica\u00e7\u00f5es.<\/p>\n<p>\u201c\u00c9 importante frisar que os \u00f3bitos em investiga\u00e7\u00e3o s\u00e3o din\u00e2micos e a listagem se altera diariamente, de acordo com a publica\u00e7\u00e3o de cada boletim. \u00c0 medida que a epidemia avan\u00e7a, \u00e9 esperado que haja\u00a0maior suspei\u00e7\u00e3o em rela\u00e7\u00e3o ao coronav\u00edrus, ou seja, \u00e9 esperado que haja aumento na notifica\u00e7\u00e3o de casos suspeitos, o que n\u00e3o significa dizer que, de fato, h\u00e1 um aumento dos \u00f3bitos por Covid-19. O que ocorre \u00e9 a sensibilidade do sistema tendo em vista o avan\u00e7o da epidemia\u201d, afirmou o subsecret\u00e1rio.<\/p>\n<p><strong>Coes Regional<\/strong><\/p>\n<p>Na ocasi\u00e3o, tamb\u00e9m foi informado que, como medida de regionalizar ainda mais o controle da sa\u00fade, a SES-MG ativar\u00e1 o Centro de Opera\u00e7\u00f5es em Emerg\u00eancia de Sa\u00fade (Coes) nas 28\u00a0Regionais de Sa\u00fade do Estado.<\/p>\n<p>\u201cA a\u00e7\u00e3o tem como objetivo aproximar o controle da emerg\u00eancia de sa\u00fade p\u00fablica de cada regi\u00e3o dos munic\u00edpios e dos prestadores. Como Minas Gerais \u00e9 um estado de grandes dimens\u00f5es, essa a\u00e7\u00e3o \u00e9 fundamental para haver a cobertura de todas as \u00e1reas de forma igualit\u00e1ria, de acordo com cada necessidade territorial\u201d, avaliou o secret\u00e1rio Carlos Eduardo Amaral.<\/p>\n<p>Ser\u00e3o, ao todo, 14 Comit\u00eas Macrorregionais para enfrentamento ao Covid-19, distribu\u00eddos nas macrorregi\u00f5es de sa\u00fade\u00a0definidas pelo Plano Diretor de Regionaliza\u00e7\u00e3o (PDR). As sedes administrativas ser\u00e3o as Superintend\u00eancias Regionais de Sa\u00fade, localizadas nos munic\u00edpios polo da macrorregi\u00e3o. Os comit\u00eas ter\u00e3o car\u00e1ter propositivo, al\u00e9m de composi\u00e7\u00e3o multidisciplinar e multissetorial. Estar\u00e3o, ainda, vinculados ao Coes-Minas Covid-19, coordenado pela SES-MG.<\/p>\n<p>Ao ser questionado sobre poss\u00edveis subnotifica\u00e7\u00f5es no Estado, o secret\u00e1rio Carlos Eduardo explicou que h\u00e1 tr\u00eas n\u00edveis de acompanhamento dos casos. No primeiro n\u00edvel, h\u00e1 o aumento de forma extrema na notifica\u00e7\u00e3o de poss\u00edveis casos suspeitos, o est\u00edmulo para que os profissionais de sa\u00fade, ao atenderem casos em que se perceba a ocorr\u00eancia de um quadro viral ou gripal, os notifiquem\u00a0como casos suspeitos.<\/p>\n<p>\u201cAo fazer isso, facilitamos a an\u00e1lise de todas as \u00e1reas do estado, a fim de observar poss\u00edveis mudan\u00e7as. Portanto, nem tudo que est\u00e1 sendo notificado como suspeito de coronav\u00edrus de fato ser\u00e1 confirmado como a doen\u00e7a\u201d, avaliou.<\/p>\n<p>O segundo n\u00edvel \u00e9 a confirma\u00e7\u00e3o diagn\u00f3stica,\u00a0 que se d\u00e1 por meio da realiza\u00e7\u00e3o de exames, dentro dos crit\u00e9rios estabelecidos para a testagem ser feita. Eles\u00a0atestam se os casos s\u00e3o de coronav\u00edrus ou n\u00e3o. \u201cA partir do momento que Minas Gerais passou a ser uma \u00e1rea de transmiss\u00e3o comunit\u00e1ria, foi definido que a realiza\u00e7\u00e3o dos exames seria priorit\u00e1ria para casos de \u00f3bitos, pessoas privadas de liberdade ou asiladas, rede sentinela e profissionais de sa\u00fade. Este \u00e9 o foco dos exames que est\u00e3o sendo realizados\u00a0atualmente\u201d, destacou.<\/p>\n<p>O terceiro e \u00faltimo n\u00edvel s\u00e3o os esfor\u00e7os para evitar a sobrecarga do sistema de sa\u00fade do Estado. \u201cFazemos o acompanhamento di\u00e1rio e, neste momento, n\u00e3o identificamos essa sobrecarga.\u00a0E isso \u00e9 importante, pois reflete que nossos esfor\u00e7os est\u00e3o alinhados e que est\u00e3o surtindo efeitos. Por isso, \u00e9 fundamental destacar que a subnotifica\u00e7\u00e3o, caso ocorra, n\u00e3o \u00e9\u00a0suficiente para modificar os casos hoje divulgados\u201d, concluiu.<\/p>\n<p>Em rela\u00e7\u00e3o aos equipamentos de prote\u00e7\u00e3o individual (EPI) dos profissionais de sa\u00fade, o secret\u00e1rio adjunto da SES-MG, Marcelo Cabral, destacou os repasses que a secretaria tem feito aos munic\u00edpios, a fim de auxili\u00e1-los no enfrentamento ao Covid-19.<\/p>\n<p>\u201cPor meio da subsecretaria de Inova\u00e7\u00e3o e Log\u00edstica da SES-MG, temos feito os repasses, conforme anunciado ao longo da \u00faltima semana, de R$ 71 milh\u00f5es para os hospitais da Regi\u00e3o Metropolitana de Belo Horizonte, R$ 61 milh\u00f5es para Unidade B\u00e1sica de Sa\u00fade (UBS) e Upas,\u00a0e R$ 32 milh\u00f5es para Aten\u00e7\u00e3o Prim\u00e1ria, que d\u00e3o condi\u00e7\u00f5es para que os munic\u00edpios fa\u00e7am as devidas aquisi\u00e7\u00f5es de insumos e EPI, de acordo com suas necessidades\u201d, afirmou.<\/p>\n<p>&nbsp;<\/p>\n<p><strong>Fonte:\u00a0<\/strong>Ag\u00eancia Minas<\/p>\n","protected":false},"excerpt":{"rendered":"<p>A\u00a0Secretaria de Estado de Sa\u00fade (SES-MG)\u00a0realizou, nesta segunda-feira (30\/3), na Cidade Administrativa, em Belo Horizonte, mais uma coletiva virtual sobre a situa\u00e7\u00e3o do coronav\u00edrus no estado. Na oportunidade, o secret\u00e1rio da SES-MG, Carlos Eduardo Amaral, falou \u00e0 imprensa\u00a0juntamente com o secret\u00e1rio adjunto Marcelo Cabral e o subsecret\u00e1rio de Vigil\u00e2ncia em Sa\u00fade, Dario Brock Ramalho. \u201cMinas [&hellip;]<\/p>\n","protected":false},"author":96,"featured_media":157649,"comment_status":"closed","ping_status":"closed","sticky":false,"template":"","format":"standard","meta":{"footnotes":""},"categories":[436,440,252,439],"tags":[],"class_list":["post-157648","post","type-post","status-publish","format-standard","has-post-thumbnail","hentry","category-destaque-da-semana","category-destaques-do-dia","category-regiao","category-ultima-hora"],"_links":{"self":[{"href":"https:\/\/diarioregionaldigital.com.br\/index.php?rest_route=\/wp\/v2\/posts\/157648","targetHints":{"allow":["GET"]}}],"collection":[{"href":"https:\/\/diarioregionaldigital.com.br\/index.php?rest_route=\/wp\/v2\/posts"}],"about":[{"href":"https:\/\/diarioregionaldigital.com.br\/index.php?rest_route=\/wp\/v2\/types\/post"}],"author":[{"embeddable":true,"href":"https:\/\/diarioregionaldigital.com.br\/index.php?rest_route=\/wp\/v2\/users\/96"}],"replies":[{"embeddable":true,"href":"https:\/\/diarioregionaldigital.com.br\/index.php?rest_route=%2Fwp%2Fv2%2Fcomments&post=157648"}],"version-history":[{"count":0,"href":"https:\/\/diarioregionaldigital.com.br\/index.php?rest_route=\/wp\/v2\/posts\/157648\/revisions"}],"wp:featuredmedia":[{"embeddable":true,"href":"https:\/\/diarioregionaldigital.com.br\/index.php?rest_route=\/wp\/v2\/media\/157649"}],"wp:attachment":[{"href":"https:\/\/diarioregionaldigital.com.br\/index.php?rest_route=%2Fwp%2Fv2%2Fmedia&parent=157648"}],"wp:term":[{"taxonomy":"category","embeddable":true,"href":"https:\/\/diarioregionaldigital.com.br\/index.php?rest_route=%2Fwp%2Fv2%2Fcategories&post=157648"},{"taxonomy":"post_tag","embeddable":true,"href":"https:\/\/diarioregionaldigital.com.br\/index.php?rest_route=%2Fwp%2Fv2%2Ftags&post=157648"}],"curies":[{"name":"wp","href":"https:\/\/api.w.org\/{rel}","templated":true}]}}