{"id":157638,"date":"2020-03-31T06:00:08","date_gmt":"2020-03-31T09:00:08","guid":{"rendered":"https:\/\/diarioregionaldigital.com.br\/?p=157638"},"modified":"2020-03-30T22:41:27","modified_gmt":"2020-03-31T01:41:27","slug":"ele-merece-5","status":"publish","type":"post","link":"https:\/\/diarioregionaldigital.com.br\/?p=157638","title":{"rendered":"Ele Merece"},"content":{"rendered":"<p style=\"text-align: center;\"><strong>Ele Merece<\/strong><\/p>\n<p style=\"text-align: center;\">Causando impacto o livro \u201cPor que design \u00e9 linguagem?\u201d do not\u00e1vel Frederico Braida, professor da Faculdade de Arquitetura de UFJF. A obra \u00e9 uma s\u00edntese de cinco anos de pesquisa de doutorado e p\u00f3s-doutorado.<\/p>\n<p style=\"text-align: center;\"><strong>Poesia<\/strong><\/p>\n<p style=\"text-align: center;\">O Dia Mundial da Poesia (21) foi comemorado com uma bonita a\u00e7\u00e3o pensado pelo #viralizacultura, onde v\u00e1rios poetas da cidade foram convidados a produzir um v\u00eddeo com cerca de um minuto declamando poesia de sua pr\u00f3pria autoria, que foram divulgadas pelas redes sociais da Biblioteca Municipal Murilo Mendes. Os v\u00eddeos foram compartilhados no Instagram e Facebook da Biblioteca e dali replicados pelas redes da Funalfa.<\/p>\n<p style=\"text-align: center;\"><strong>Doa\u00e7\u00f5es<\/strong><\/p>\n<p style=\"text-align: center;\">Com escassez de equipamentos de prote\u00e7\u00e3o individual Hospital universit\u00e1rio est\u00e1 aceitando doa\u00e7\u00f5es. Para tanto, os interessados em doar para o HU da Universidade Federal de Juiz de Fora j\u00e1 podem entregar o material. O hospital ir\u00e1 aceitar itens de almoxarifado e de farm\u00e1cia.<\/p>\n<p style=\"text-align: center;\"><strong>Internacional<\/strong><\/p>\n<p style=\"text-align: center;\">O curso de odontologia da Suprema assinou contrato de coopera\u00e7\u00e3o internacional, possibilitando que dez dentistas iniciem a p\u00f3s-gradua\u00e7\u00e3o na faculdade. Participaram da assinatura, o professor esloveno Blaz Cigole, Giovana Carboni (Sin), o coordenador Rodrigo Guerra e o diretor Dijalma Rabelo Ricardo.<\/p>\n<p style=\"text-align: center;\"><span style=\"font-size: 14pt;\"><strong>Para Refletir<\/strong><\/span><\/p>\n<p style=\"text-align: center;\">O que voc\u00ea pode fazer, al\u00e9m de lavar bem as m\u00e3os e manter-se em casa? Ler livros Ver filmes. Estudar idiomas. Arrumar os arm\u00e1rios. Fazer mais sexo. Tentar se desapegar das redes sociais para n\u00e3o pirar com p\u00e2nico e assuntos chatos de pol\u00edtica. Tirar proveito da sua introspec\u00e7\u00e3o. Vai passar. E quando passar, que a gente saia dessa melhor do que entrou. Regra b\u00e1sica para qualquer per\u00edodo de transi\u00e7\u00e3o. (Martha Medeiros)<\/p>\n<div id=\"attachment_157630\" style=\"width: 690px\" class=\"wp-caption aligncenter\"><img loading=\"lazy\" decoding=\"async\" aria-describedby=\"caption-attachment-157630\" class=\"wp-image-157630\" src=\"https:\/\/diarioregionaldigital.com.br\/wp-content\/uploads\/2020\/03\/fotoa-2.jpg\" alt=\"\" width=\"680\" height=\"458\" srcset=\"https:\/\/diarioregionaldigital.com.br\/wp-content\/uploads\/2020\/03\/fotoa-2.jpg 2528w, https:\/\/diarioregionaldigital.com.br\/wp-content\/uploads\/2020\/03\/fotoa-2-300x202.jpg 300w, https:\/\/diarioregionaldigital.com.br\/wp-content\/uploads\/2020\/03\/fotoa-2-768x518.jpg 768w, https:\/\/diarioregionaldigital.com.br\/wp-content\/uploads\/2020\/03\/fotoa-2-1024x690.jpg 1024w, https:\/\/diarioregionaldigital.com.br\/wp-content\/uploads\/2020\/03\/fotoa-2-360x243.jpg 360w\" sizes=\"auto, (max-width: 680px) 100vw, 680px\" \/><p id=\"caption-attachment-157630\" class=\"wp-caption-text\">O professor de Capoeira Jaguar Marcos Vin\u00edcius em tempo passado na Castelo de Itaipava<\/p><\/div>\n<div id=\"attachment_157631\" style=\"width: 690px\" class=\"wp-caption aligncenter\"><img loading=\"lazy\" decoding=\"async\" aria-describedby=\"caption-attachment-157631\" class=\"wp-image-157631\" src=\"https:\/\/diarioregionaldigital.com.br\/wp-content\/uploads\/2020\/03\/fotob-2-e1585617855167.jpg\" alt=\"\" width=\"680\" height=\"523\" srcset=\"https:\/\/diarioregionaldigital.com.br\/wp-content\/uploads\/2020\/03\/fotob-2-e1585617855167.jpg 1688w, https:\/\/diarioregionaldigital.com.br\/wp-content\/uploads\/2020\/03\/fotob-2-e1585617855167-300x231.jpg 300w, https:\/\/diarioregionaldigital.com.br\/wp-content\/uploads\/2020\/03\/fotob-2-e1585617855167-768x591.jpg 768w, https:\/\/diarioregionaldigital.com.br\/wp-content\/uploads\/2020\/03\/fotob-2-e1585617855167-1024x788.jpg 1024w, https:\/\/diarioregionaldigital.com.br\/wp-content\/uploads\/2020\/03\/fotob-2-e1585617855167-360x277.jpg 360w\" sizes=\"auto, (max-width: 680px) 100vw, 680px\" \/><p id=\"caption-attachment-157631\" class=\"wp-caption-text\">A bonita e talentosa m\u00e9dica dermatologista Carolina Piccinini e Silva fazendo resid\u00eancia no Rio de Janeiro<\/p><\/div>\n<div id=\"attachment_157632\" style=\"width: 690px\" class=\"wp-caption aligncenter\"><img loading=\"lazy\" decoding=\"async\" aria-describedby=\"caption-attachment-157632\" class=\"wp-image-157632\" src=\"https:\/\/diarioregionaldigital.com.br\/wp-content\/uploads\/2020\/03\/fotoc-2-e1585617890837.jpg\" alt=\"\" width=\"680\" height=\"527\" srcset=\"https:\/\/diarioregionaldigital.com.br\/wp-content\/uploads\/2020\/03\/fotoc-2-e1585617890837.jpg 1778w, https:\/\/diarioregionaldigital.com.br\/wp-content\/uploads\/2020\/03\/fotoc-2-e1585617890837-300x232.jpg 300w, https:\/\/diarioregionaldigital.com.br\/wp-content\/uploads\/2020\/03\/fotoc-2-e1585617890837-768x595.jpg 768w, https:\/\/diarioregionaldigital.com.br\/wp-content\/uploads\/2020\/03\/fotoc-2-e1585617890837-1024x793.jpg 1024w, https:\/\/diarioregionaldigital.com.br\/wp-content\/uploads\/2020\/03\/fotoc-2-e1585617890837-360x279.jpg 360w\" sizes=\"auto, (max-width: 680px) 100vw, 680px\" \/><p id=\"caption-attachment-157632\" class=\"wp-caption-text\">O competente Sidney Castro lutando para dias melhores em fun\u00e7\u00e3o na sa\u00fade da PJF<\/p><\/div>\n<div id=\"attachment_157634\" style=\"width: 690px\" class=\"wp-caption aligncenter\"><img loading=\"lazy\" decoding=\"async\" aria-describedby=\"caption-attachment-157634\" class=\"wp-image-157634\" src=\"https:\/\/diarioregionaldigital.com.br\/wp-content\/uploads\/2020\/03\/fotoe-2-e1585618055768.jpg\" alt=\"\" width=\"680\" height=\"466\" srcset=\"https:\/\/diarioregionaldigital.com.br\/wp-content\/uploads\/2020\/03\/fotoe-2-e1585618055768.jpg 1732w, https:\/\/diarioregionaldigital.com.br\/wp-content\/uploads\/2020\/03\/fotoe-2-e1585618055768-300x206.jpg 300w, https:\/\/diarioregionaldigital.com.br\/wp-content\/uploads\/2020\/03\/fotoe-2-e1585618055768-768x527.jpg 768w, https:\/\/diarioregionaldigital.com.br\/wp-content\/uploads\/2020\/03\/fotoe-2-e1585618055768-1024x702.jpg 1024w, https:\/\/diarioregionaldigital.com.br\/wp-content\/uploads\/2020\/03\/fotoe-2-e1585618055768-360x247.jpg 360w, https:\/\/diarioregionaldigital.com.br\/wp-content\/uploads\/2020\/03\/fotoe-2-e1585618055768-100x70.jpg 100w\" sizes=\"auto, (max-width: 680px) 100vw, 680px\" \/><p id=\"caption-attachment-157634\" class=\"wp-caption-text\">Fazendo imenso sucesso com suas esculturas profanas o talentoso Yure Mendes<\/p><\/div>\n<div id=\"attachment_157635\" style=\"width: 690px\" class=\"wp-caption aligncenter\"><img loading=\"lazy\" decoding=\"async\" aria-describedby=\"caption-attachment-157635\" class=\"wp-image-157635\" src=\"https:\/\/diarioregionaldigital.com.br\/wp-content\/uploads\/2020\/03\/fotof-2-e1585618131441.jpg\" alt=\"\" width=\"680\" height=\"469\" srcset=\"https:\/\/diarioregionaldigital.com.br\/wp-content\/uploads\/2020\/03\/fotof-2-e1585618131441.jpg 1723w, https:\/\/diarioregionaldigital.com.br\/wp-content\/uploads\/2020\/03\/fotof-2-e1585618131441-300x207.jpg 300w, https:\/\/diarioregionaldigital.com.br\/wp-content\/uploads\/2020\/03\/fotof-2-e1585618131441-768x530.jpg 768w, https:\/\/diarioregionaldigital.com.br\/wp-content\/uploads\/2020\/03\/fotof-2-e1585618131441-1024x706.jpg 1024w, https:\/\/diarioregionaldigital.com.br\/wp-content\/uploads\/2020\/03\/fotof-2-e1585618131441-360x248.jpg 360w, https:\/\/diarioregionaldigital.com.br\/wp-content\/uploads\/2020\/03\/fotof-2-e1585618131441-100x70.jpg 100w\" sizes=\"auto, (max-width: 680px) 100vw, 680px\" \/><p id=\"caption-attachment-157635\" class=\"wp-caption-text\">Em busca da informa\u00e7\u00e3o precisa, a brilhante jornalista Fernanda Sanglard<\/p><\/div>\n<div id=\"attachment_157633\" style=\"width: 690px\" class=\"wp-caption aligncenter\"><img loading=\"lazy\" decoding=\"async\" aria-describedby=\"caption-attachment-157633\" class=\"wp-image-157633\" src=\"https:\/\/diarioregionaldigital.com.br\/wp-content\/uploads\/2020\/03\/fotod-2-e1585617988141.jpg\" alt=\"\" width=\"680\" height=\"479\" srcset=\"https:\/\/diarioregionaldigital.com.br\/wp-content\/uploads\/2020\/03\/fotod-2-e1585617988141.jpg 1543w, https:\/\/diarioregionaldigital.com.br\/wp-content\/uploads\/2020\/03\/fotod-2-e1585617988141-300x210.jpg 300w, https:\/\/diarioregionaldigital.com.br\/wp-content\/uploads\/2020\/03\/fotod-2-e1585617988141-768x542.jpg 768w, https:\/\/diarioregionaldigital.com.br\/wp-content\/uploads\/2020\/03\/fotod-2-e1585617988141-1024x722.jpg 1024w, https:\/\/diarioregionaldigital.com.br\/wp-content\/uploads\/2020\/03\/fotod-2-e1585617988141-360x254.jpg 360w, https:\/\/diarioregionaldigital.com.br\/wp-content\/uploads\/2020\/03\/fotod-2-e1585617988141-100x70.jpg 100w\" sizes=\"auto, (max-width: 680px) 100vw, 680px\" \/><p id=\"caption-attachment-157633\" class=\"wp-caption-text\">Em Ibitipoca (MG), respirando ar puro, o casal Juliana Mello e Jos\u00e9 Carlos Branco<\/p><\/div>\n<div id=\"attachment_157637\" style=\"width: 690px\" class=\"wp-caption aligncenter\"><img loading=\"lazy\" decoding=\"async\" aria-describedby=\"caption-attachment-157637\" class=\"wp-image-157637\" src=\"https:\/\/diarioregionaldigital.com.br\/wp-content\/uploads\/2020\/03\/fotoh-2-e1585618174251.jpg\" alt=\"\" width=\"680\" height=\"492\" srcset=\"https:\/\/diarioregionaldigital.com.br\/wp-content\/uploads\/2020\/03\/fotoh-2-e1585618174251.jpg 1790w, https:\/\/diarioregionaldigital.com.br\/wp-content\/uploads\/2020\/03\/fotoh-2-e1585618174251-300x217.jpg 300w, https:\/\/diarioregionaldigital.com.br\/wp-content\/uploads\/2020\/03\/fotoh-2-e1585618174251-768x556.jpg 768w, https:\/\/diarioregionaldigital.com.br\/wp-content\/uploads\/2020\/03\/fotoh-2-e1585618174251-1024x741.jpg 1024w, https:\/\/diarioregionaldigital.com.br\/wp-content\/uploads\/2020\/03\/fotoh-2-e1585618174251-360x261.jpg 360w\" sizes=\"auto, (max-width: 680px) 100vw, 680px\" \/><p id=\"caption-attachment-157637\" class=\"wp-caption-text\">No Ritz Hotel, gente especial e espiritualista, Jo\u00e3o Marcio Coelho, Nara Salom\u00e3o Coelho e Jo\u00e3o<\/p><\/div>\n<div id=\"attachment_157636\" style=\"width: 690px\" class=\"wp-caption aligncenter\"><img loading=\"lazy\" decoding=\"async\" aria-describedby=\"caption-attachment-157636\" class=\"wp-image-157636\" src=\"https:\/\/diarioregionaldigital.com.br\/wp-content\/uploads\/2020\/03\/fotog-2-e1585618223891.jpg\" alt=\"\" width=\"680\" height=\"490\" srcset=\"https:\/\/diarioregionaldigital.com.br\/wp-content\/uploads\/2020\/03\/fotog-2-e1585618223891.jpg 1892w, https:\/\/diarioregionaldigital.com.br\/wp-content\/uploads\/2020\/03\/fotog-2-e1585618223891-300x216.jpg 300w, https:\/\/diarioregionaldigital.com.br\/wp-content\/uploads\/2020\/03\/fotog-2-e1585618223891-768x554.jpg 768w, https:\/\/diarioregionaldigital.com.br\/wp-content\/uploads\/2020\/03\/fotog-2-e1585618223891-1024x738.jpg 1024w, https:\/\/diarioregionaldigital.com.br\/wp-content\/uploads\/2020\/03\/fotog-2-e1585618223891-360x260.jpg 360w\" sizes=\"auto, (max-width: 680px) 100vw, 680px\" \/><p id=\"caption-attachment-157636\" class=\"wp-caption-text\">No Vitorino Braga no passado feliz, os amigos parentes, Bil\u00fa, Eduardo Gomes, Gilberto Peixoto (Telekete) e Patr\u00edcia Caniato<\/p><\/div>\n<div id=\"attachment_157628\" style=\"width: 690px\" class=\"wp-caption aligncenter\"><img loading=\"lazy\" decoding=\"async\" aria-describedby=\"caption-attachment-157628\" class=\"wp-image-157628\" src=\"https:\/\/diarioregionaldigital.com.br\/wp-content\/uploads\/2020\/03\/fotoi-2.jpg\" alt=\"\" width=\"680\" height=\"454\" srcset=\"https:\/\/diarioregionaldigital.com.br\/wp-content\/uploads\/2020\/03\/fotoi-2.jpg 2623w, https:\/\/diarioregionaldigital.com.br\/wp-content\/uploads\/2020\/03\/fotoi-2-300x200.jpg 300w, https:\/\/diarioregionaldigital.com.br\/wp-content\/uploads\/2020\/03\/fotoi-2-768x513.jpg 768w, https:\/\/diarioregionaldigital.com.br\/wp-content\/uploads\/2020\/03\/fotoi-2-1024x684.jpg 1024w, https:\/\/diarioregionaldigital.com.br\/wp-content\/uploads\/2020\/03\/fotoi-2-360x240.jpg 360w\" sizes=\"auto, (max-width: 680px) 100vw, 680px\" \/><p id=\"caption-attachment-157628\" class=\"wp-caption-text\">Linda fam\u00edlia: Elber Cordeiro Machado com Isabella, Isadora, Gael, Iasmin e Sandra Cristina<\/p><\/div>\n<div id=\"attachment_157629\" style=\"width: 690px\" class=\"wp-caption aligncenter\"><img loading=\"lazy\" decoding=\"async\" aria-describedby=\"caption-attachment-157629\" class=\"wp-image-157629\" src=\"https:\/\/diarioregionaldigital.com.br\/wp-content\/uploads\/2020\/03\/fotoj-2.jpg\" alt=\"\" width=\"680\" height=\"428\" srcset=\"https:\/\/diarioregionaldigital.com.br\/wp-content\/uploads\/2020\/03\/fotoj-2.jpg 2785w, https:\/\/diarioregionaldigital.com.br\/wp-content\/uploads\/2020\/03\/fotoj-2-300x189.jpg 300w, https:\/\/diarioregionaldigital.com.br\/wp-content\/uploads\/2020\/03\/fotoj-2-768x483.jpg 768w, https:\/\/diarioregionaldigital.com.br\/wp-content\/uploads\/2020\/03\/fotoj-2-1024x644.jpg 1024w, https:\/\/diarioregionaldigital.com.br\/wp-content\/uploads\/2020\/03\/fotoj-2-360x226.jpg 360w\" sizes=\"auto, (max-width: 680px) 100vw, 680px\" \/><p id=\"caption-attachment-157629\" class=\"wp-caption-text\">O Grupo de Teatro Divulga\u00e7\u00e3o enviando energia positiva para nossos leitores<\/p><\/div>\n<p style=\"text-align: center;\"><strong>.FOTOSS\u00cdNTESE<\/strong><\/p>\n<p>Com belo gesto, o Minist\u00e9rio da Defesa autorizou o uso das For\u00e7as Armadas que pode ser empregado no combate ao Coronav\u00edrus. Para instala\u00e7\u00e3o de hospitais de campanha em Juiz de Fora, precisariam ser adaptados \u00e0s condi\u00e7\u00f5es da pandemia.<\/p>\n<p>A Secretaria de Meio Ambiente e Ordenamento Urbano (Semaur) da PJF, continua em intensa fiscaliza\u00e7\u00e3o em rela\u00e7\u00e3o a estabelecimento comerciais que continuam insistindo em ficar abertos e ambulantes vendendo \u00e1lcool gel sem proced\u00eancia.<\/p>\n<p>A elegante Lucinha Silva cancelou o coquetel de lan\u00e7amento da cole\u00e7\u00e3o-inverno da boutique Veneno. Breve nova data<\/p>\n<p>Marcelio Guilherme e Rodrigo Bering est\u00e3o em ritmo de Home Office agilizando a empresa Green de Seguran\u00e7a e Conserva\u00e7\u00e3o. Para contatos: 98893-3853.<\/p>\n<p>Criativos e experientes, Alberto Pinto, Carolina e Valeria Magalh\u00e3es est\u00e3o atendendo com a empresa alva-editora, artes e design pelo celular 98405-5618.<\/p>\n<p>Causando impacto visual as bel\u00edssimas esculturas do artista pl\u00e1stico Yure Mendes.<\/p>\n<p>O grupo de Bruschetteria Prima completa 10 anos com servi\u00e7o de s\u00f3 um prato, drinque em jarra, carta de gim, Aperol Spritz, no Leblon (Rio). Ponto para os amigos chefs Erik Nako e Cristiano Lanna e o restaurateur Andr\u00e9 Koreblum.<\/p>\n<p>A arquiteta Isabella Lucena assina o projeto bonito e moderno redesenhado a ap\u00ea dos anos 60, no Flamengo (Rio), do advogado Wallace Corbo e do m\u00e9dico Jo\u00e3o Stern. O espa\u00e7o rejuvenesceu e traduz o esp\u00edrito, festeiro dos moradores. Ponto para ela.<\/p>\n<p>Presta aten\u00e7\u00e3o: Ningu\u00e9m sai de uma crise como essa sem rever valores. Vai ser necess\u00e1rio estimular as pessoas a terem vontade novamente daquilo que n\u00e3o \u00e9 necess\u00e1rio. Bom dia.<\/p>\n<p><img loading=\"lazy\" decoding=\"async\" class=\"aligncenter size-full wp-image-157639\" src=\"https:\/\/diarioregionaldigital.com.br\/wp-content\/uploads\/2020\/03\/anuncio69.jpg\" alt=\"\" width=\"3516\" height=\"1356\" srcset=\"https:\/\/diarioregionaldigital.com.br\/wp-content\/uploads\/2020\/03\/anuncio69.jpg 3516w, https:\/\/diarioregionaldigital.com.br\/wp-content\/uploads\/2020\/03\/anuncio69-300x116.jpg 300w, https:\/\/diarioregionaldigital.com.br\/wp-content\/uploads\/2020\/03\/anuncio69-768x296.jpg 768w, https:\/\/diarioregionaldigital.com.br\/wp-content\/uploads\/2020\/03\/anuncio69-1024x395.jpg 1024w, https:\/\/diarioregionaldigital.com.br\/wp-content\/uploads\/2020\/03\/anuncio69-360x139.jpg 360w\" sizes=\"auto, (max-width: 3516px) 100vw, 3516px\" \/><\/p>\n","protected":false},"excerpt":{"rendered":"<p>Ele Merece Causando impacto o livro \u201cPor que design \u00e9 linguagem?\u201d do not\u00e1vel Frederico Braida, professor da Faculdade de Arquitetura de UFJF. A obra \u00e9 uma s\u00edntese de cinco anos de pesquisa de doutorado e p\u00f3s-doutorado. Poesia O Dia Mundial da Poesia (21) foi comemorado com uma bonita a\u00e7\u00e3o pensado pelo #viralizacultura, onde v\u00e1rios poetas [&hellip;]<\/p>\n","protected":false},"author":96,"featured_media":157630,"comment_status":"closed","ping_status":"closed","sticky":false,"template":"","format":"standard","meta":{"footnotes":""},"categories":[264],"tags":[],"class_list":["post-157638","post","type-post","status-publish","format-standard","has-post-thumbnail","hentry","category-eduardo-gomes"],"_links":{"self":[{"href":"https:\/\/diarioregionaldigital.com.br\/index.php?rest_route=\/wp\/v2\/posts\/157638","targetHints":{"allow":["GET"]}}],"collection":[{"href":"https:\/\/diarioregionaldigital.com.br\/index.php?rest_route=\/wp\/v2\/posts"}],"about":[{"href":"https:\/\/diarioregionaldigital.com.br\/index.php?rest_route=\/wp\/v2\/types\/post"}],"author":[{"embeddable":true,"href":"https:\/\/diarioregionaldigital.com.br\/index.php?rest_route=\/wp\/v2\/users\/96"}],"replies":[{"embeddable":true,"href":"https:\/\/diarioregionaldigital.com.br\/index.php?rest_route=%2Fwp%2Fv2%2Fcomments&post=157638"}],"version-history":[{"count":0,"href":"https:\/\/diarioregionaldigital.com.br\/index.php?rest_route=\/wp\/v2\/posts\/157638\/revisions"}],"wp:featuredmedia":[{"embeddable":true,"href":"https:\/\/diarioregionaldigital.com.br\/index.php?rest_route=\/wp\/v2\/media\/157630"}],"wp:attachment":[{"href":"https:\/\/diarioregionaldigital.com.br\/index.php?rest_route=%2Fwp%2Fv2%2Fmedia&parent=157638"}],"wp:term":[{"taxonomy":"category","embeddable":true,"href":"https:\/\/diarioregionaldigital.com.br\/index.php?rest_route=%2Fwp%2Fv2%2Fcategories&post=157638"},{"taxonomy":"post_tag","embeddable":true,"href":"https:\/\/diarioregionaldigital.com.br\/index.php?rest_route=%2Fwp%2Fv2%2Ftags&post=157638"}],"curies":[{"name":"wp","href":"https:\/\/api.w.org\/{rel}","templated":true}]}}