{"id":157625,"date":"2020-03-30T18:20:48","date_gmt":"2020-03-30T21:20:48","guid":{"rendered":"https:\/\/diarioregionaldigital.com.br\/?p=157625"},"modified":"2020-03-30T18:20:48","modified_gmt":"2020-03-30T21:20:48","slug":"juiz-de-fora-acao-conjunta-distribui-marmitas-e-refrigerantes-a-caminhoneiros","status":"publish","type":"post","link":"https:\/\/diarioregionaldigital.com.br\/?p=157625","title":{"rendered":"Juiz de Fora: a\u00e7\u00e3o conjunta distribui marmitas e refrigerantes a caminhoneiros"},"content":{"rendered":"<p>Na manh\u00e3 desta segunda-feira (30), a Pol\u00edcia Civil de Minas Gerais esteve presente na BR-040, pr\u00f3ximo ao distrito de Dias Tavares, em Juiz de Fora, distribuindo marmitas e refrigerantes aos caminhoneiros, em raz\u00e3o da pandemia do novo Coronav\u00edrus (Covid-19).<\/p>\n<p>A a\u00e7\u00e3o solid\u00e1ria contou com iniciativa particular de doa\u00e7\u00e3o e apoio da Pol\u00edcia Civil na distribui\u00e7\u00e3o e na arrecada\u00e7\u00e3o. Tamb\u00e9m colaborou com o ato a Pol\u00edcia Rodovi\u00e1ria Federal. \u201cTemos como objetivo servir \u00e0 sociedade, ent\u00e3o, al\u00e9m do enfrentamento \u00e0 criminalidade, em um momento como esse, temos que contribuir de outras maneiras, na medida das nossas possibilidades, sobretudo, direcionando nossa aten\u00e7\u00e3o \u00e0 situa\u00e7\u00e3o dos caminhoneiros. Cabe a esses profissionais o abastecimento das cidades, mesmo em meio \u00e0s dificuldades de se encontrar estabelecimentos abertos, logo, aderimos a este ato em prol dos caminhoneiros e da sociedade\u201d, destacou o Delegado Regional de Juiz de Fora, Armando Av\u00f3lio Neto.<\/p>\n<p>Segundo o Chefe do 4\u00ba Departamento, Delegado-Geral Gustavo Ad\u00e9lio Lara Ferreira, a Pol\u00edcia Civil, assim como outros servi\u00e7os essenciais \u00e0 popula\u00e7\u00e3o, n\u00e3o para durante a pandemia do Covid-19, inclusive, na \u00e1rea do Departamento, que abrange as Delegacias Regionais de Juiz de Fora, Ub\u00e1, Leopoldina, Muria\u00e9 e Vi\u00e7osa. \u201cSeguimos atuantes, adotando os devidos cuidados no enfrentamento ao Coronav\u00edrus e combatendo a criminalidade. A nossa Pol\u00edcia est\u00e1 pronta e apta a atender a popula\u00e7\u00e3o da Zona da Mata mineira e a manter a ordem p\u00fablica\u201d, concluiu.<\/p>\n<p>&nbsp;<\/p>\n<p><strong>Fonte:<\/strong>\u00a0Assessoria<\/p>\n","protected":false},"excerpt":{"rendered":"<p>Na manh\u00e3 desta segunda-feira (30), a Pol\u00edcia Civil de Minas Gerais esteve presente na BR-040, pr\u00f3ximo ao distrito de Dias Tavares, em Juiz de Fora, distribuindo marmitas e refrigerantes aos caminhoneiros, em raz\u00e3o da pandemia do novo Coronav\u00edrus (Covid-19). A a\u00e7\u00e3o solid\u00e1ria contou com iniciativa particular de doa\u00e7\u00e3o e apoio da Pol\u00edcia Civil na distribui\u00e7\u00e3o [&hellip;]<\/p>\n","protected":false},"author":96,"featured_media":157626,"comment_status":"closed","ping_status":"closed","sticky":false,"template":"","format":"standard","meta":{"footnotes":""},"categories":[301,436,439],"tags":[],"class_list":["post-157625","post","type-post","status-publish","format-standard","has-post-thumbnail","hentry","category-artigos-policiais","category-destaque-da-semana","category-ultima-hora"],"_links":{"self":[{"href":"https:\/\/diarioregionaldigital.com.br\/index.php?rest_route=\/wp\/v2\/posts\/157625","targetHints":{"allow":["GET"]}}],"collection":[{"href":"https:\/\/diarioregionaldigital.com.br\/index.php?rest_route=\/wp\/v2\/posts"}],"about":[{"href":"https:\/\/diarioregionaldigital.com.br\/index.php?rest_route=\/wp\/v2\/types\/post"}],"author":[{"embeddable":true,"href":"https:\/\/diarioregionaldigital.com.br\/index.php?rest_route=\/wp\/v2\/users\/96"}],"replies":[{"embeddable":true,"href":"https:\/\/diarioregionaldigital.com.br\/index.php?rest_route=%2Fwp%2Fv2%2Fcomments&post=157625"}],"version-history":[{"count":0,"href":"https:\/\/diarioregionaldigital.com.br\/index.php?rest_route=\/wp\/v2\/posts\/157625\/revisions"}],"wp:featuredmedia":[{"embeddable":true,"href":"https:\/\/diarioregionaldigital.com.br\/index.php?rest_route=\/wp\/v2\/media\/157626"}],"wp:attachment":[{"href":"https:\/\/diarioregionaldigital.com.br\/index.php?rest_route=%2Fwp%2Fv2%2Fmedia&parent=157625"}],"wp:term":[{"taxonomy":"category","embeddable":true,"href":"https:\/\/diarioregionaldigital.com.br\/index.php?rest_route=%2Fwp%2Fv2%2Fcategories&post=157625"},{"taxonomy":"post_tag","embeddable":true,"href":"https:\/\/diarioregionaldigital.com.br\/index.php?rest_route=%2Fwp%2Fv2%2Ftags&post=157625"}],"curies":[{"name":"wp","href":"https:\/\/api.w.org\/{rel}","templated":true}]}}