{"id":157622,"date":"2020-03-30T17:51:34","date_gmt":"2020-03-30T20:51:34","guid":{"rendered":"https:\/\/diarioregionaldigital.com.br\/?p=157622"},"modified":"2020-03-30T17:51:34","modified_gmt":"2020-03-30T20:51:34","slug":"percentual-de-familias-com-dividas-atinge-recorde-em-marco","status":"publish","type":"post","link":"https:\/\/diarioregionaldigital.com.br\/?p=157622","title":{"rendered":"Percentual de fam\u00edlias com d\u00edvidas atinge recorde em mar\u00e7o"},"content":{"rendered":"<p><span style=\"font-weight: 400;\">A Pesquisa de Endividamento e Inadimpl\u00eancia do Consumidor (Peic), divulgada nessa segunda-feira (30) pela Confedera\u00e7\u00e3o Nacional do Com\u00e9rcio de Bens, Servi\u00e7os e Turismo (CNC), mostrou que o total de fam\u00edlias com d\u00edvidas no Brasil voltou a crescer em mar\u00e7o, depois de um recuo em fevereiro (65,1%), atingindo 66,2%, maior taxa da s\u00e9rie hist\u00f3rica iniciada em janeiro de 2010.<\/span><\/p>\n<p><span style=\"font-weight: 400;\">O recorde havia sido registrado em dezembro do ano passado (65,2%). \u201cO resultado extrapolou o percentual de dezembro e registrou o maior n\u00edvel da s\u00e9rie hist\u00f3rica\u201d, disse \u00e0 Ag\u00eancia Brasil a economista da CNC, respons\u00e1vel pela pesquisa, Izis Ferreira. Ela avaliou que a pandemia de coronav\u00edrus vai contribuir para elevar o grau de endividamento das fam\u00edlias nos pr\u00f3ximos meses e, tamb\u00e9m, a inadimpl\u00eancia.<\/span><\/p>\n<p><span style=\"font-weight: 400;\">A pesquisa foi feita com 18 mil fam\u00edlias de todas as capitais do pa\u00eds, incluindo o Distrito Federal, no per\u00edodo de 20 de fevereiro e 5 de mar\u00e7o. O aumento do endividamento vinha atrelado ao avan\u00e7o do cr\u00e9dito, e isso podia ser observado pelo aumento no estoque do cr\u00e9dito para pessoas f\u00edsicas e jur\u00eddicas, aumento nas concess\u00f5es, redu\u00e7\u00e3o do custo do cr\u00e9dito, facilita\u00e7\u00e3o nas condi\u00e7\u00f5es. \u201cIsso fez com que o n\u00edvel de endividamento chegasse nessa maior propor\u00e7\u00e3o da s\u00e9rie hist\u00f3rica\u201d, disse a economista.<\/span><\/p>\n<p><span style=\"font-weight: 400;\">Segundo a coordenadora da pesquisa, as taxas de juros no cart\u00e3o de cr\u00e9dito ainda s\u00e3o muito altas, o que representa um custo elevado para o consumidor. Mas o custo vinha em sentido decrescente nos \u00faltimos meses. \u201cIsso fazia com que as pessoas retomassem o consumo por meio do cr\u00e9dito.\u201d<\/span><\/p>\n<p><span style=\"font-weight: 400;\">Cr\u00e9dito no cheque especial, cr\u00e9dito consignado, financiamento de im\u00f3veis e de carros s\u00e3o os itens que mais t\u00eam crescido nos \u00faltimos meses, apesar de o cart\u00e3o de cr\u00e9dito ainda aparecer como a maior propor\u00e7\u00e3o do endividamento. \u201cMas o endividamento pelo cart\u00e3o de cr\u00e9dito n\u00e3o est\u00e1 crescendo tanto quanto nos outros tipos de d\u00edvidas\u201d, afirmou a economista da CNC. O financiamento de casa e de ve\u00edculos apresentaram as maiores taxas de expans\u00e3o nos \u00faltimos meses.<\/span><\/p>\n<p><b>Liquidez<\/b><\/p>\n<p><span style=\"font-weight: 400;\">De acordo com a economista, o endividamento maior vinha sendo apoiado no aumento do mercado de cr\u00e9dito. O que ocorre \u00e9 que isso faz com que o espa\u00e7o das fam\u00edlias muito endividadas para ampliar esse cr\u00e9dito \u00e9 menor neste momento.<\/span><\/p>\n<p><span style=\"font-weight: 400;\">O esfor\u00e7o do Banco Central para aumentar a liquidez no mercado e oferecer mais cr\u00e9dito esbarra em uma propor\u00e7\u00e3o j\u00e1 alta de pessoas endividadas. Por meio desses dados, a CNC percebeu a necessidade de ajudar as pessoas que j\u00e1 est\u00e3o endividadas, seja ampliando os prazos de pagamento dessas d\u00edvidas, seja reduzindo ainda mais o custo, trocando uma d\u00edvida cara por outra mais barata.<\/span><\/p>\n<p><span style=\"font-weight: 400;\">Isso pode envolver uma conscientiza\u00e7\u00e3o do sistema banc\u00e1rio\/financeiro, para que o risco de inadimpl\u00eancia seja assumido, para que as fam\u00edlias possam sair dessa armadilha do endividamento alto com inadimpl\u00eancia tamb\u00e9m alta\u201d, disse a economista.<\/span><\/p>\n<p><b>Inadimpl\u00eancia<\/b><\/p>\n<p><span style=\"font-weight: 400;\">A pesquisa da CNC mostra que a inadimpl\u00eancia tamb\u00e9m aumentou nos dois n\u00edveis. O percentual de fam\u00edlias com d\u00edvidas ou contas em atraso subiu de 24,1%, em fevereiro, para 25,3% em mar\u00e7o. J\u00e1 o total de fam\u00edlias que declararam n\u00e3o ter condi\u00e7\u00f5es de pagar suas contas ou d\u00edvidas em atraso nos pr\u00f3ximos meses e que permaneceriam inadimplentes, passou de 9,7%, em fevereiro, para 10,2%, em mar\u00e7o. Os dois indicadores est\u00e3o crescendo proporcionalmente ao n\u00famero de fam\u00edlias pesquisadas na mostra.<\/span><\/p>\n<p><span style=\"font-weight: 400;\">Izis avaliou que, com o aumento do endividamento, \u00e9 natural que a inadimpl\u00eancia tamb\u00e9m aumente. Ela destacou, contudo, que no cen\u00e1rio cr\u00edtico que o pa\u00eds atravessa, com a pandemia de coronav\u00edrus, a inadimpl\u00eancia provavelmente vai come\u00e7ar a crescer mais nos pr\u00f3ximos meses, menos em fun\u00e7\u00e3o do crescimento do endividamento e mais em fun\u00e7\u00e3o das dificuldades que essas pessoas v\u00e3o encontrar para pagar suas contas e d\u00edvidas em dia.<\/span><\/p>\n<p><span style=\"font-weight: 400;\">\u201cA renda vai estar muito restrita e as expectativas de confian\u00e7a para o futuro dos consumidores j\u00e1 est\u00e1 sendo abalada. As fam\u00edlias v\u00e3o restringir ao m\u00e1ximo o consumo que n\u00e3o for essencial\u201d.<\/span><\/p>\n<p><span style=\"font-weight: 400;\">A restri\u00e7\u00e3o na rendatamb\u00e9m pode fazer com que as decis\u00f5es de tomada de cr\u00e9dito de longo prazo sejam adiadas, por um temor em rela\u00e7\u00e3o a emprego e renda no futuro.<\/span><\/p>\n<p><span style=\"font-weight: 400;\">\u201cO que vai fazer com que a inadimpl\u00eancia siga se acirrando \u00e9 justamente a dificuldade que as fam\u00edlias v\u00e3o encontrar, principalmente aquelas com renda menor, para pagar suas d\u00edvidas e contas em dia, nesse contexto de inseguran\u00e7a em rela\u00e7\u00e3o \u00e0 renda e ao emprego\u201d.<\/span><\/p>\n<p>&nbsp;<\/p>\n<p><strong>Fonte:<\/strong>\u00a0Ag\u00eancia Brasil<\/p>\n","protected":false},"excerpt":{"rendered":"<p>A Pesquisa de Endividamento e Inadimpl\u00eancia do Consumidor (Peic), divulgada nessa segunda-feira (30) pela Confedera\u00e7\u00e3o Nacional do Com\u00e9rcio de Bens, Servi\u00e7os e Turismo (CNC), mostrou que o total de fam\u00edlias com d\u00edvidas no Brasil voltou a crescer em mar\u00e7o, depois de um recuo em fevereiro (65,1%), atingindo 66,2%, maior taxa da s\u00e9rie hist\u00f3rica iniciada em [&hellip;]<\/p>\n","protected":false},"author":96,"featured_media":157623,"comment_status":"closed","ping_status":"closed","sticky":false,"template":"","format":"standard","meta":{"footnotes":""},"categories":[436,261,439],"tags":[],"class_list":["post-157622","post","type-post","status-publish","format-standard","has-post-thumbnail","hentry","category-destaque-da-semana","category-economia","category-ultima-hora"],"_links":{"self":[{"href":"https:\/\/diarioregionaldigital.com.br\/index.php?rest_route=\/wp\/v2\/posts\/157622","targetHints":{"allow":["GET"]}}],"collection":[{"href":"https:\/\/diarioregionaldigital.com.br\/index.php?rest_route=\/wp\/v2\/posts"}],"about":[{"href":"https:\/\/diarioregionaldigital.com.br\/index.php?rest_route=\/wp\/v2\/types\/post"}],"author":[{"embeddable":true,"href":"https:\/\/diarioregionaldigital.com.br\/index.php?rest_route=\/wp\/v2\/users\/96"}],"replies":[{"embeddable":true,"href":"https:\/\/diarioregionaldigital.com.br\/index.php?rest_route=%2Fwp%2Fv2%2Fcomments&post=157622"}],"version-history":[{"count":0,"href":"https:\/\/diarioregionaldigital.com.br\/index.php?rest_route=\/wp\/v2\/posts\/157622\/revisions"}],"wp:featuredmedia":[{"embeddable":true,"href":"https:\/\/diarioregionaldigital.com.br\/index.php?rest_route=\/wp\/v2\/media\/157623"}],"wp:attachment":[{"href":"https:\/\/diarioregionaldigital.com.br\/index.php?rest_route=%2Fwp%2Fv2%2Fmedia&parent=157622"}],"wp:term":[{"taxonomy":"category","embeddable":true,"href":"https:\/\/diarioregionaldigital.com.br\/index.php?rest_route=%2Fwp%2Fv2%2Fcategories&post=157622"},{"taxonomy":"post_tag","embeddable":true,"href":"https:\/\/diarioregionaldigital.com.br\/index.php?rest_route=%2Fwp%2Fv2%2Ftags&post=157622"}],"curies":[{"name":"wp","href":"https:\/\/api.w.org\/{rel}","templated":true}]}}