{"id":157619,"date":"2020-03-30T17:44:26","date_gmt":"2020-03-30T20:44:26","guid":{"rendered":"https:\/\/diarioregionaldigital.com.br\/?p=157619"},"modified":"2020-03-30T17:44:26","modified_gmt":"2020-03-30T20:44:26","slug":"numero-de-mortes-pelo-novo-coronavirus-no-brasil-chega-a-159","status":"publish","type":"post","link":"https:\/\/diarioregionaldigital.com.br\/?p=157619","title":{"rendered":"N\u00famero de mortes pelo novo coronav\u00edrus no Brasil chega a 159"},"content":{"rendered":"<p>O n\u00famero de mortes em raz\u00e3o do novo coronav\u00edrus (covid-19) subiu de 136 para 159 entre ontem e\u00a0<span id=\"OBJ_PREFIX_DWT3566_com_zimbra_date\" role=\"link\">hoje<\/span>. Um aumento de 16% entre a \u00faltima atualiza\u00e7\u00e3o e a divulgada h\u00e1 pouco pelo Minist\u00e9rio da Sa\u00fade.<\/p>\n<p>J\u00e1 os casos confirmados sa\u00edram de 4.256 para 4.579. O resultado de novas 323 pessoas infectadas marcou um incremento de 7% em rela\u00e7\u00e3o a\u00a0<span id=\"OBJ_PREFIX_DWT3567_com_zimbra_date\" role=\"link\">ontem<\/span>. O n\u00famero foi o menor desempenho nos \u00faltimos cinco dias, quando o n\u00famero de novas pessoas infectadas, por exemplo, passou dos 500 na \u00faltima\u00a0<span id=\"OBJ_PREFIX_DWT3568_com_zimbra_date\" role=\"link\">sexta<\/span>-feira (27).<\/p>\n<p>Em entrevistas coletivas durante a semana a equipe do Minist\u00e9rio da Sa\u00fade afirmou que era esperado um crescimento di\u00e1rio de at\u00e9 33%.<\/p>\n<p>Os estados com mais casos foram S\u00e3o Paulo (1451), Rio<span id=\"OBJ_PREFIX_DWT3569_com_zimbra_date\" role=\"link\">\u00a0de Janeiro<\/span>\u00a0(600), Cear\u00e1 (372), Distrito Federal (312) e Minas Gerais (231). A menor incid\u00eancia est\u00e1 em estados da Regi\u00e3o Norte, como Rond\u00f4nia (6), Amap\u00e1 (8), Tocantins (9) e Roraima (16).<\/p>\n<p>O \u00edndice de letalidade atingiu 3,5% com o balan\u00e7o de\u00a0<span id=\"OBJ_PREFIX_DWT3570_com_zimbra_date\" role=\"link\">hoje<\/span>, acima do verificado no balan\u00e7o de\u00a0<span id=\"OBJ_PREFIX_DWT3571_com_zimbra_date\" role=\"link\">ontem<\/span>, quando ficou na casa dos 3,2%.<\/p>\n<p>&nbsp;<\/p>\n<p><strong>Fonte:\u00a0<\/strong>Ag\u00eancia Brasil<\/p>\n","protected":false},"excerpt":{"rendered":"<p>O n\u00famero de mortes em raz\u00e3o do novo coronav\u00edrus (covid-19) subiu de 136 para 159 entre ontem e\u00a0hoje. Um aumento de 16% entre a \u00faltima atualiza\u00e7\u00e3o e a divulgada h\u00e1 pouco pelo Minist\u00e9rio da Sa\u00fade. J\u00e1 os casos confirmados sa\u00edram de 4.256 para 4.579. O resultado de novas 323 pessoas infectadas marcou um incremento de [&hellip;]<\/p>\n","protected":false},"author":96,"featured_media":157620,"comment_status":"closed","ping_status":"closed","sticky":false,"template":"","format":"standard","meta":{"footnotes":""},"categories":[302,436,440,439],"tags":[],"class_list":["post-157619","post","type-post","status-publish","format-standard","has-post-thumbnail","hentry","category-brasil-mundo","category-destaque-da-semana","category-destaques-do-dia","category-ultima-hora"],"_links":{"self":[{"href":"https:\/\/diarioregionaldigital.com.br\/index.php?rest_route=\/wp\/v2\/posts\/157619","targetHints":{"allow":["GET"]}}],"collection":[{"href":"https:\/\/diarioregionaldigital.com.br\/index.php?rest_route=\/wp\/v2\/posts"}],"about":[{"href":"https:\/\/diarioregionaldigital.com.br\/index.php?rest_route=\/wp\/v2\/types\/post"}],"author":[{"embeddable":true,"href":"https:\/\/diarioregionaldigital.com.br\/index.php?rest_route=\/wp\/v2\/users\/96"}],"replies":[{"embeddable":true,"href":"https:\/\/diarioregionaldigital.com.br\/index.php?rest_route=%2Fwp%2Fv2%2Fcomments&post=157619"}],"version-history":[{"count":0,"href":"https:\/\/diarioregionaldigital.com.br\/index.php?rest_route=\/wp\/v2\/posts\/157619\/revisions"}],"wp:featuredmedia":[{"embeddable":true,"href":"https:\/\/diarioregionaldigital.com.br\/index.php?rest_route=\/wp\/v2\/media\/157620"}],"wp:attachment":[{"href":"https:\/\/diarioregionaldigital.com.br\/index.php?rest_route=%2Fwp%2Fv2%2Fmedia&parent=157619"}],"wp:term":[{"taxonomy":"category","embeddable":true,"href":"https:\/\/diarioregionaldigital.com.br\/index.php?rest_route=%2Fwp%2Fv2%2Fcategories&post=157619"},{"taxonomy":"post_tag","embeddable":true,"href":"https:\/\/diarioregionaldigital.com.br\/index.php?rest_route=%2Fwp%2Fv2%2Ftags&post=157619"}],"curies":[{"name":"wp","href":"https:\/\/api.w.org\/{rel}","templated":true}]}}