{"id":157616,"date":"2020-03-30T17:04:57","date_gmt":"2020-03-30T20:04:57","guid":{"rendered":"https:\/\/diarioregionaldigital.com.br\/?p=157616"},"modified":"2020-03-30T17:04:57","modified_gmt":"2020-03-30T20:04:57","slug":"olimpiadas-tem-nova-data-confirmada","status":"publish","type":"post","link":"https:\/\/diarioregionaldigital.com.br\/?p=157616","title":{"rendered":"Olimp\u00edadas t\u00eam nova data confirmada"},"content":{"rendered":"<p>O Comit\u00ea Ol\u00edmpico Internacional (COI), chegou a um acordo para definir a nova data dos Jogos Ol\u00edmpicos, junto com o Comit\u00ea Paral\u00edmpico Internacional (CPI), Comit\u00ea Organizador T\u00f3quio 2020 e Governo Metropolitano de T\u00f3quio e Governo do Jap\u00e3o. Nesta segunda-feira (30), foi definido que a edi\u00e7\u00e3o dos Jogos Ol\u00edmpicos de T\u00f3quio ser\u00e3o realizados entre os dias 23 e 8 de agosto de 2021.<\/p>\n<p>Os executivos tamb\u00e9m definiram a nova data para a realiza\u00e7\u00e3o dos Jogos Paral\u00edmpicos, o qual acontecer\u00e1 entre os dias 24 de agosto e 5 de setembro do pr\u00f3ximo ano.<\/p>\n<p>A decis\u00e3o tomou como base os 3 princ\u00edpios estabelecidos pelo comit\u00ea executivo do COI, todas apoiadas pela Federa\u00e7\u00e3o Internacional de Esportes Ol\u00edmpicos de Ver\u00e3o e de todos os comit\u00eas ol\u00edmpicos internacionais. Os princ\u00edpios tomados s\u00e3o:<\/p>\n<p>&nbsp;<\/p>\n<ul>\n<li>Prote\u00e7\u00e3o \u00e0 sa\u00fade dos atletas e de todos os envolvidos, e apoiar a conten\u00e7\u00e3o do Covid-19;<\/li>\n<li>Prioridade aos interesses dos atletas e do esporte Ol\u00edmpico;<\/li>\n<li>Calend\u00e1rio mundial do esporte;<\/li>\n<\/ul>\n<p>&nbsp;<\/p>\n<p>Essas novas datas d\u00e3o \u00e0s autoridades de sa\u00fade e a todos os envolvidos na organiza\u00e7\u00e3o dos Jogos o tempo m\u00e1ximo para lidar com o cen\u00e1rio em constante mudan\u00e7a e com as perturba\u00e7\u00f5es causadas pela pandemia do COVID-19. As novas datas, exatamente um ano ap\u00f3s as originalmente planejadas para 2020 (Jogos Ol\u00edmpicos: 24 de julho a 9 de agosto de 2020 e Jogos Paraol\u00edmpicos: 25 de agosto a 6 de setembro de 2020), tamb\u00e9m t\u00eam o benef\u00edcio adicional de que qualquer interrup\u00e7\u00e3o que o adiamento cause ao o calend\u00e1rio esportivo internacional pode ser reduzido ao m\u00ednimo, no interesse dos atletas e dos FIs. Al\u00e9m disso, eles fornecer\u00e3o tempo suficiente para concluir o processo de qualifica\u00e7\u00e3o. As mesmas medidas de mitiga\u00e7\u00e3o de calor planejadas para 2020 ser\u00e3o implementadas.<\/p>\n<p>Ap\u00f3s a reuni\u00e3o, o presidente do COI, Thomas Bach, agradeceu a todos os comit\u00eas e federa\u00e7\u00f5es continentais do esporte ol\u00edmpico pela parceria:<\/p>\n<p>&nbsp;<\/p>\n<p>\u201cQuero agradecer \u00e0s Federa\u00e7\u00f5es Internacionais pelo apoio un\u00e2nime e \u00e0s Associa\u00e7\u00f5es Continentais dos Comit\u00eas Ol\u00edmpicos Nacionais pela grande parceria e pelo apoio no processo de consulta nos \u00faltimos dias. Tamb\u00e9m gostaria de agradecer \u00e0 Comiss\u00e3o de Atletas do COI, com quem mantemos contato constante. Com este an\u00fancio, estou confiante de que, trabalhando em conjunto com o Comit\u00ea Organizador de T\u00f3quio 2020, o Governo Metropolitano de T\u00f3quio, o Governo Japon\u00eas e todas as nossas partes interessadas, podemos superar esse desafio sem precedentes. Atualmente, a humanidade se encontra em um t\u00fanel escuro. Estes Jogos Ol\u00edmpicos de T\u00f3quio 2020 podem ser uma luz no fim deste t\u00fanel. \u201d<\/p>\n<p>&nbsp;<\/p>\n<p>Em sua 32\u00aa edi\u00e7\u00e3o, a previs\u00e3o era de que 11 mil atletas, de pelo menos 204 pa\u00edses, disputassem os Jogos Ol\u00edmpicos, distribu\u00eddos por 33 esportes. O COI e o Comit\u00ea Organizador do Jap\u00e3o tinham estimativa de que as provas recebessem at\u00e9 5 milh\u00f5es de espectadores de todo o mundo, nos 43 locais de disputas.<\/p>\n","protected":false},"excerpt":{"rendered":"<p>O Comit\u00ea Ol\u00edmpico Internacional (COI), chegou a um acordo para definir a nova data dos Jogos Ol\u00edmpicos, junto com o Comit\u00ea Paral\u00edmpico Internacional (CPI), Comit\u00ea Organizador T\u00f3quio 2020 e Governo Metropolitano de T\u00f3quio e Governo do Jap\u00e3o. Nesta segunda-feira (30), foi definido que a edi\u00e7\u00e3o dos Jogos Ol\u00edmpicos de T\u00f3quio ser\u00e3o realizados entre os dias [&hellip;]<\/p>\n","protected":false},"author":96,"featured_media":157617,"comment_status":"closed","ping_status":"closed","sticky":false,"template":"","format":"standard","meta":{"footnotes":""},"categories":[436,257,439],"tags":[],"class_list":["post-157616","post","type-post","status-publish","format-standard","has-post-thumbnail","hentry","category-destaque-da-semana","category-esporte","category-ultima-hora"],"_links":{"self":[{"href":"https:\/\/diarioregionaldigital.com.br\/index.php?rest_route=\/wp\/v2\/posts\/157616","targetHints":{"allow":["GET"]}}],"collection":[{"href":"https:\/\/diarioregionaldigital.com.br\/index.php?rest_route=\/wp\/v2\/posts"}],"about":[{"href":"https:\/\/diarioregionaldigital.com.br\/index.php?rest_route=\/wp\/v2\/types\/post"}],"author":[{"embeddable":true,"href":"https:\/\/diarioregionaldigital.com.br\/index.php?rest_route=\/wp\/v2\/users\/96"}],"replies":[{"embeddable":true,"href":"https:\/\/diarioregionaldigital.com.br\/index.php?rest_route=%2Fwp%2Fv2%2Fcomments&post=157616"}],"version-history":[{"count":0,"href":"https:\/\/diarioregionaldigital.com.br\/index.php?rest_route=\/wp\/v2\/posts\/157616\/revisions"}],"wp:featuredmedia":[{"embeddable":true,"href":"https:\/\/diarioregionaldigital.com.br\/index.php?rest_route=\/wp\/v2\/media\/157617"}],"wp:attachment":[{"href":"https:\/\/diarioregionaldigital.com.br\/index.php?rest_route=%2Fwp%2Fv2%2Fmedia&parent=157616"}],"wp:term":[{"taxonomy":"category","embeddable":true,"href":"https:\/\/diarioregionaldigital.com.br\/index.php?rest_route=%2Fwp%2Fv2%2Fcategories&post=157616"},{"taxonomy":"post_tag","embeddable":true,"href":"https:\/\/diarioregionaldigital.com.br\/index.php?rest_route=%2Fwp%2Fv2%2Ftags&post=157616"}],"curies":[{"name":"wp","href":"https:\/\/api.w.org\/{rel}","templated":true}]}}