{"id":157613,"date":"2020-03-30T17:02:48","date_gmt":"2020-03-30T20:02:48","guid":{"rendered":"https:\/\/diarioregionaldigital.com.br\/?p=157613"},"modified":"2020-03-30T17:02:48","modified_gmt":"2020-03-30T20:02:48","slug":"com-telefone-da-referencia-yane-marques-no-bolso-pentatleta-ieda-guimaraes-pensa-em-toquio-gosto-muito-de-ja-estar-classificada","status":"publish","type":"post","link":"https:\/\/diarioregionaldigital.com.br\/?p=157613","title":{"rendered":"Com telefone da \u2018refer\u00eancia\u2019 Yane Marques no bolso, pentatleta I\u00eada Guimar\u00e3es pensa em T\u00f3quio: \u201cGosto muito de j\u00e1 estar classificada\u201d"},"content":{"rendered":"<p>Poucos esportes no Brasil t\u00eam uma mulher como principal refer\u00eancia. Muito se deve ao ingresso tardio de diversas modalidades nos Jogos Ol\u00edmpicos. O pentatlo moderno faz parte do programa ol\u00edmpico desde 1912, mas as mulheres s\u00f3 come\u00e7aram a competir em Sydney 2000. Justamente o ano de nascimento de Maria I\u00eada Guimar\u00e3es, carioca de 19 anos, que tem como modelo Yane Marques, bronze em Londres 2012 e grande nome do pa\u00eds na modalidade que re\u00fane corrida, esgrima, nata\u00e7\u00e3o, hipismo e tiro.<\/p>\n<p>&nbsp;<\/p>\n<p>\u201cAcho muito legal ter uma mulher como refer\u00eancia no pentatlo moderno. A Yane fez o que nenhum brasileiro tinha alcan\u00e7ado at\u00e9 ent\u00e3o e foi minha inspira\u00e7\u00e3o na modalidade. Sempre vi sua dedica\u00e7\u00e3o, ouvi hist\u00f3rias dos t\u00e9cnicos que viajavam com ela de como treinava absurdamente, focada nas provas e gente boa. Isso tudo inspira\u201d, diz I\u00eada. \u201cN\u00e3o temos contato pr\u00f3ximo, mas ela estava nos Jogos Ol\u00edmpicos da Juventude e nos Jogos Pan-americanos, me deu dicas e passou o n\u00famero de telefone dela para o que eu precisasse\u201d.<\/p>\n<p>O Brasil ainda pode levar outros pentatletas ao Jap\u00e3o, principalmente pelo ranking ol\u00edmpico, mas, por enquanto, I\u00eada \u00e9 a \u00fanica brasileira classificada para os Jogos. Ela obteve a vaga em agosto de 2019, ao terminar a prova feminina dos Jogos Pan-americanos de Lima em quarto lugar, sendo a melhor sul-americana. Focada na prova, a carioca que come\u00e7ou a praticar a modalidade no PentaJovem, projeto de inicia\u00e7\u00e3o da modalidade criado pela Confedera\u00e7\u00e3o Brasileira de Pentatlo Moderno (CBPM) em 2009, nem imaginava o presente que ganharia ao cruzar a linha de chegada, mesmo fora do p\u00f3dio.<\/p>\n<p>\u201cSabia que tinha que chegar entre as duas melhores da Am\u00e9rica do Sul, mas n\u00e3o me liguei muito nisso. S\u00f3 entrei e fui competir. O mais emocionante foi quando me aproximei da linha de chegada e o narrador falou: \u2018Maria I\u00eada conseguiu a vaga pra T\u00f3quio! Todo mundo batendo palma. S\u00f3 lembro de olhar para o meu t\u00e9cnico e dizer: \u2018n\u00e3o acredito, n\u00e3o acredito! A\u00ed comecei a chorar e ca\u00ed no ch\u00e3o\u201d, relembra.<\/p>\n<p>I\u00eada come\u00e7ou na modalidade a convite do pai, ao lado da irm\u00e3 g\u00eamea Maria Carolina e do irm\u00e3o mais velho, Edson. Mas a irm\u00e3 migrou para a esgrima e o irm\u00e3o abandonou o esporte. A pentatleta conta que n\u00e3o foi dif\u00edcil se manter na modalidade.<\/p>\n<p>\u201cComecei aos nove anos, mas nunca fui uma pessoa de enjoar muito f\u00e1cil das coisas n\u00e3o. Nunca tinha feito nenhum esporte antes e, quando descobri o pentatlo, fiquei doida. N\u00e3o ficava saturada de uma coisa, sabia que tinha outras modalidades e ia alternando. Sempre gostei muito\u201d.<\/p>\n<p>Apesar de I\u00eada ser a \u00fanica a continuar no pentatlo, a fam\u00edlia permanece unida pelo esporte. \u201cVejo o sorriso no rosto deles quando fa\u00e7o, percebo que eles s\u00e3o o que eu sou. Quando estou triste, eles tamb\u00e9m est\u00e3o. Sempre ficamos felizes uns com os outros. Ent\u00e3o, acho que eles s\u00e3o minha inspira\u00e7\u00e3o mesmo.\u201d<\/p>\n<p>Eleita a melhor atleta da modalidade no Pr\u00eamio Brasil Ol\u00edmpico em 2018 e 2019, I\u00eada j\u00e1 teve que enfrentar alguns revezes antes de T\u00f3quio. Duas semanas depois de garantir a vaga para T\u00f3quio, ela quebrou um dedo do p\u00e9 e ficou quase tr\u00eas meses sem competir. Antes do adiamento dos Jogos, teve que adaptar os treinos por conta da pandemia de coronav\u00edrus. Nada que tire a emo\u00e7\u00e3o da jovem que vai disputar a primeira edi\u00e7\u00e3o adulta dos Jogos Ol\u00edmpicos.<\/p>\n<p>\u201cN\u00e3o consigo nem explicar, \u00e9 uma mistura de felicidade com frio na barriga. Tenho que dar o meu melhor e, ao mesmo tempo, estar relaxada. S\u00f3 sei que gosto muito da sensa\u00e7\u00e3o\u201d.<\/p>\n<p>&nbsp;<\/p>\n<p><strong>Fonte:<\/strong>\u00a0COB<\/p>\n","protected":false},"excerpt":{"rendered":"<p>Poucos esportes no Brasil t\u00eam uma mulher como principal refer\u00eancia. Muito se deve ao ingresso tardio de diversas modalidades nos Jogos Ol\u00edmpicos. O pentatlo moderno faz parte do programa ol\u00edmpico desde 1912, mas as mulheres s\u00f3 come\u00e7aram a competir em Sydney 2000. Justamente o ano de nascimento de Maria I\u00eada Guimar\u00e3es, carioca de 19 anos, [&hellip;]<\/p>\n","protected":false},"author":96,"featured_media":157614,"comment_status":"closed","ping_status":"closed","sticky":false,"template":"","format":"standard","meta":{"footnotes":""},"categories":[436,257,439],"tags":[],"class_list":["post-157613","post","type-post","status-publish","format-standard","has-post-thumbnail","hentry","category-destaque-da-semana","category-esporte","category-ultima-hora"],"_links":{"self":[{"href":"https:\/\/diarioregionaldigital.com.br\/index.php?rest_route=\/wp\/v2\/posts\/157613","targetHints":{"allow":["GET"]}}],"collection":[{"href":"https:\/\/diarioregionaldigital.com.br\/index.php?rest_route=\/wp\/v2\/posts"}],"about":[{"href":"https:\/\/diarioregionaldigital.com.br\/index.php?rest_route=\/wp\/v2\/types\/post"}],"author":[{"embeddable":true,"href":"https:\/\/diarioregionaldigital.com.br\/index.php?rest_route=\/wp\/v2\/users\/96"}],"replies":[{"embeddable":true,"href":"https:\/\/diarioregionaldigital.com.br\/index.php?rest_route=%2Fwp%2Fv2%2Fcomments&post=157613"}],"version-history":[{"count":0,"href":"https:\/\/diarioregionaldigital.com.br\/index.php?rest_route=\/wp\/v2\/posts\/157613\/revisions"}],"wp:featuredmedia":[{"embeddable":true,"href":"https:\/\/diarioregionaldigital.com.br\/index.php?rest_route=\/wp\/v2\/media\/157614"}],"wp:attachment":[{"href":"https:\/\/diarioregionaldigital.com.br\/index.php?rest_route=%2Fwp%2Fv2%2Fmedia&parent=157613"}],"wp:term":[{"taxonomy":"category","embeddable":true,"href":"https:\/\/diarioregionaldigital.com.br\/index.php?rest_route=%2Fwp%2Fv2%2Fcategories&post=157613"},{"taxonomy":"post_tag","embeddable":true,"href":"https:\/\/diarioregionaldigital.com.br\/index.php?rest_route=%2Fwp%2Fv2%2Ftags&post=157613"}],"curies":[{"name":"wp","href":"https:\/\/api.w.org\/{rel}","templated":true}]}}