{"id":157576,"date":"2020-03-30T14:34:57","date_gmt":"2020-03-30T17:34:57","guid":{"rendered":"https:\/\/diarioregionaldigital.com.br\/?p=157576"},"modified":"2020-03-30T14:34:57","modified_gmt":"2020-03-30T17:34:57","slug":"coronavirus-mata-2-606-pessoas-na-franca","status":"publish","type":"post","link":"https:\/\/diarioregionaldigital.com.br\/?p=157576","title":{"rendered":"Coronav\u00edrus mata 2.606 pessoas na Fran\u00e7a"},"content":{"rendered":"<p>As autoridades de sa\u00fade francesas registraram 292 novas mortes por coronav\u00edrus nas \u00faltimas horas, alta de 13% em rela\u00e7\u00e3o ao s\u00e1bado (28), o que eleva o total para 2.606 desde 1\u00ba de mar\u00e7o. Agora, o governo atua para aliviar a press\u00e3o nos hospitais sobrecarregados do leste do pa\u00eds.<\/p>\n<p>A contagem di\u00e1ria responde apenas pelos que morrem em hospitais, mas as autoridades dizem que v\u00e3o conseguir compilar dados sobre mortes em casas de repouso, o que provavelmente resultar\u00e1 em um grande aumento nas mortes registradas.<\/p>\n<p>O n\u00famero de casos conhecidos de infec\u00e7\u00e3o aumentou para 40.174 no domingo, contra 37.575 no dia anterior, disse Jerome Salomon, chefe da ag\u00eancia de sa\u00fade p\u00fablica.<\/p>\n<p>&nbsp;<\/p>\n<p><strong>Fonte:\u00a0<\/strong>Ag\u00eancia Brasil<\/p>\n","protected":false},"excerpt":{"rendered":"<p>As autoridades de sa\u00fade francesas registraram 292 novas mortes por coronav\u00edrus nas \u00faltimas horas, alta de 13% em rela\u00e7\u00e3o ao s\u00e1bado (28), o que eleva o total para 2.606 desde 1\u00ba de mar\u00e7o. Agora, o governo atua para aliviar a press\u00e3o nos hospitais sobrecarregados do leste do pa\u00eds. A contagem di\u00e1ria responde apenas pelos que [&hellip;]<\/p>\n","protected":false},"author":96,"featured_media":157577,"comment_status":"closed","ping_status":"closed","sticky":false,"template":"","format":"standard","meta":{"footnotes":""},"categories":[302,436,439],"tags":[],"class_list":["post-157576","post","type-post","status-publish","format-standard","has-post-thumbnail","hentry","category-brasil-mundo","category-destaque-da-semana","category-ultima-hora"],"_links":{"self":[{"href":"https:\/\/diarioregionaldigital.com.br\/index.php?rest_route=\/wp\/v2\/posts\/157576","targetHints":{"allow":["GET"]}}],"collection":[{"href":"https:\/\/diarioregionaldigital.com.br\/index.php?rest_route=\/wp\/v2\/posts"}],"about":[{"href":"https:\/\/diarioregionaldigital.com.br\/index.php?rest_route=\/wp\/v2\/types\/post"}],"author":[{"embeddable":true,"href":"https:\/\/diarioregionaldigital.com.br\/index.php?rest_route=\/wp\/v2\/users\/96"}],"replies":[{"embeddable":true,"href":"https:\/\/diarioregionaldigital.com.br\/index.php?rest_route=%2Fwp%2Fv2%2Fcomments&post=157576"}],"version-history":[{"count":0,"href":"https:\/\/diarioregionaldigital.com.br\/index.php?rest_route=\/wp\/v2\/posts\/157576\/revisions"}],"wp:featuredmedia":[{"embeddable":true,"href":"https:\/\/diarioregionaldigital.com.br\/index.php?rest_route=\/wp\/v2\/media\/157577"}],"wp:attachment":[{"href":"https:\/\/diarioregionaldigital.com.br\/index.php?rest_route=%2Fwp%2Fv2%2Fmedia&parent=157576"}],"wp:term":[{"taxonomy":"category","embeddable":true,"href":"https:\/\/diarioregionaldigital.com.br\/index.php?rest_route=%2Fwp%2Fv2%2Fcategories&post=157576"},{"taxonomy":"post_tag","embeddable":true,"href":"https:\/\/diarioregionaldigital.com.br\/index.php?rest_route=%2Fwp%2Fv2%2Ftags&post=157576"}],"curies":[{"name":"wp","href":"https:\/\/api.w.org\/{rel}","templated":true}]}}