{"id":157574,"date":"2020-03-30T14:30:27","date_gmt":"2020-03-30T17:30:27","guid":{"rendered":"https:\/\/diarioregionaldigital.com.br\/?p=157574"},"modified":"2020-03-30T14:30:27","modified_gmt":"2020-03-30T17:30:27","slug":"mais-dois-casos-do-coronavirus-sao-confirmados-em-juiz-de-fora","status":"publish","type":"post","link":"https:\/\/diarioregionaldigital.com.br\/?p=157574","title":{"rendered":"Mais dois casos do Coronav\u00edrus s\u00e3o confirmados em Juiz de Fora"},"content":{"rendered":"<p>Desde o \u00faltimo boletim divulgado pela Secretaria de Estado da Sa\u00fade de Minas Gerais (SES-MG) nesse domingo (30), a cidade de Juiz de Fora teve mais dois casos confirmados nesta segunda-feira (30). Com os dados atualizados, a cidade agora tem 13 casos confirmados do Coronav\u00edrus e sem nenhum \u00f3bito confirmado. Ainda conforme o boletim, foram registradas 294 notifica\u00e7\u00f5es, sendo que 272 s\u00e3o suspeitos e 9 foram descartados.<\/p>\n","protected":false},"excerpt":{"rendered":"<p>Desde o \u00faltimo boletim divulgado pela Secretaria de Estado da Sa\u00fade de Minas Gerais (SES-MG) nesse domingo (30), a cidade de Juiz de Fora teve mais dois casos confirmados nesta segunda-feira (30). Com os dados atualizados, a cidade agora tem 13 casos confirmados do Coronav\u00edrus e sem nenhum \u00f3bito confirmado. Ainda conforme o boletim, foram [&hellip;]<\/p>\n","protected":false},"author":96,"featured_media":130741,"comment_status":"closed","ping_status":"closed","sticky":false,"template":"","format":"standard","meta":{"footnotes":""},"categories":[253,436,440,439],"tags":[],"class_list":["post-157574","post","type-post","status-publish","format-standard","has-post-thumbnail","hentry","category-cidade","category-destaque-da-semana","category-destaques-do-dia","category-ultima-hora"],"_links":{"self":[{"href":"https:\/\/diarioregionaldigital.com.br\/index.php?rest_route=\/wp\/v2\/posts\/157574","targetHints":{"allow":["GET"]}}],"collection":[{"href":"https:\/\/diarioregionaldigital.com.br\/index.php?rest_route=\/wp\/v2\/posts"}],"about":[{"href":"https:\/\/diarioregionaldigital.com.br\/index.php?rest_route=\/wp\/v2\/types\/post"}],"author":[{"embeddable":true,"href":"https:\/\/diarioregionaldigital.com.br\/index.php?rest_route=\/wp\/v2\/users\/96"}],"replies":[{"embeddable":true,"href":"https:\/\/diarioregionaldigital.com.br\/index.php?rest_route=%2Fwp%2Fv2%2Fcomments&post=157574"}],"version-history":[{"count":0,"href":"https:\/\/diarioregionaldigital.com.br\/index.php?rest_route=\/wp\/v2\/posts\/157574\/revisions"}],"wp:featuredmedia":[{"embeddable":true,"href":"https:\/\/diarioregionaldigital.com.br\/index.php?rest_route=\/wp\/v2\/media\/130741"}],"wp:attachment":[{"href":"https:\/\/diarioregionaldigital.com.br\/index.php?rest_route=%2Fwp%2Fv2%2Fmedia&parent=157574"}],"wp:term":[{"taxonomy":"category","embeddable":true,"href":"https:\/\/diarioregionaldigital.com.br\/index.php?rest_route=%2Fwp%2Fv2%2Fcategories&post=157574"},{"taxonomy":"post_tag","embeddable":true,"href":"https:\/\/diarioregionaldigital.com.br\/index.php?rest_route=%2Fwp%2Fv2%2Ftags&post=157574"}],"curies":[{"name":"wp","href":"https:\/\/api.w.org\/{rel}","templated":true}]}}