{"id":157539,"date":"2020-03-27T17:46:32","date_gmt":"2020-03-27T20:46:32","guid":{"rendered":"https:\/\/diarioregionaldigital.com.br\/?p=157539"},"modified":"2020-03-27T17:46:32","modified_gmt":"2020-03-27T20:46:32","slug":"conmebol-vai-antecipar-premiacao-da-libertadores-e-sul-americana","status":"publish","type":"post","link":"https:\/\/diarioregionaldigital.com.br\/?p=157539","title":{"rendered":"Conmebol vai antecipar premia\u00e7\u00e3o da Libertadores e Sul-Americana"},"content":{"rendered":"<p>Devido \u00e0 epidemia do Coronav\u00edrus, a Confedera\u00e7\u00e3o Sul-Americana de Futebol (Conmebol), anunciou nessa semana que vai antecipar a premia\u00e7\u00e3o dos clubes participantes da Ta\u00e7a Libertadores e da Copa Sul-Americana. Segundo a entidade, Os clubes poder\u00e3o solicitar um adiantamento excepcional de at\u00e9 60% do pagamento dos direitos de participa\u00e7\u00e3o.<\/p>\n<p><em>\u201c<\/em>Situa\u00e7\u00f5es como essa exigem respostas r\u00e1pidas e excepcionais, com o objetivo tanto de preservar a sa\u00fade da grande fam\u00edlia do futebol sul-americano quanto para reduzir, na medida do poss\u00edvel, o impacto econ\u00f4mico da interrup\u00e7\u00e3o das competi\u00e7\u00f5es&#8221;, afirmou Alejandro Dom\u00ednguez, presidente da CONMEBOL, em uma carta dirigida aos presidentes das Associa\u00e7\u00f5es Membro.<\/p>\n<p>&nbsp;<\/p>\n<p>&nbsp;<\/p>\n","protected":false},"excerpt":{"rendered":"<p>Devido \u00e0 epidemia do Coronav\u00edrus, a Confedera\u00e7\u00e3o Sul-Americana de Futebol (Conmebol), anunciou nessa semana que vai antecipar a premia\u00e7\u00e3o dos clubes participantes da Ta\u00e7a Libertadores e da Copa Sul-Americana. Segundo a entidade, Os clubes poder\u00e3o solicitar um adiantamento excepcional de at\u00e9 60% do pagamento dos direitos de participa\u00e7\u00e3o. \u201cSitua\u00e7\u00f5es como essa exigem respostas r\u00e1pidas e [&hellip;]<\/p>\n","protected":false},"author":96,"featured_media":157540,"comment_status":"closed","ping_status":"closed","sticky":false,"template":"","format":"standard","meta":{"footnotes":""},"categories":[436,257,439],"tags":[],"class_list":["post-157539","post","type-post","status-publish","format-standard","has-post-thumbnail","hentry","category-destaque-da-semana","category-esporte","category-ultima-hora"],"_links":{"self":[{"href":"https:\/\/diarioregionaldigital.com.br\/index.php?rest_route=\/wp\/v2\/posts\/157539","targetHints":{"allow":["GET"]}}],"collection":[{"href":"https:\/\/diarioregionaldigital.com.br\/index.php?rest_route=\/wp\/v2\/posts"}],"about":[{"href":"https:\/\/diarioregionaldigital.com.br\/index.php?rest_route=\/wp\/v2\/types\/post"}],"author":[{"embeddable":true,"href":"https:\/\/diarioregionaldigital.com.br\/index.php?rest_route=\/wp\/v2\/users\/96"}],"replies":[{"embeddable":true,"href":"https:\/\/diarioregionaldigital.com.br\/index.php?rest_route=%2Fwp%2Fv2%2Fcomments&post=157539"}],"version-history":[{"count":0,"href":"https:\/\/diarioregionaldigital.com.br\/index.php?rest_route=\/wp\/v2\/posts\/157539\/revisions"}],"wp:featuredmedia":[{"embeddable":true,"href":"https:\/\/diarioregionaldigital.com.br\/index.php?rest_route=\/wp\/v2\/media\/157540"}],"wp:attachment":[{"href":"https:\/\/diarioregionaldigital.com.br\/index.php?rest_route=%2Fwp%2Fv2%2Fmedia&parent=157539"}],"wp:term":[{"taxonomy":"category","embeddable":true,"href":"https:\/\/diarioregionaldigital.com.br\/index.php?rest_route=%2Fwp%2Fv2%2Fcategories&post=157539"},{"taxonomy":"post_tag","embeddable":true,"href":"https:\/\/diarioregionaldigital.com.br\/index.php?rest_route=%2Fwp%2Fv2%2Ftags&post=157539"}],"curies":[{"name":"wp","href":"https:\/\/api.w.org\/{rel}","templated":true}]}}