{"id":157536,"date":"2020-03-27T17:44:48","date_gmt":"2020-03-27T20:44:48","guid":{"rendered":"https:\/\/diarioregionaldigital.com.br\/?p=157536"},"modified":"2020-03-27T17:44:48","modified_gmt":"2020-03-27T20:44:48","slug":"selecao-feminina-mantem-rotina-de-trabalho-com-auxilio-da-tecnologia-2","status":"publish","type":"post","link":"https:\/\/diarioregionaldigital.com.br\/?p=157536","title":{"rendered":"Sele\u00e7\u00e3o Feminina mant\u00e9m rotina de trabalho com aux\u00edlio da tecnologia"},"content":{"rendered":"<p>A rotina da comiss\u00e3o t\u00e9cnica e atletas da Sele\u00e7\u00e3o Brasileira Feminina tamb\u00e9m foi alterada em fun\u00e7\u00e3o da Covid-19. Cada pessoa na sua casa, devido \u00e0 paralisa\u00e7\u00e3o do futebol em \u00e2mbito nacional e da recomenda\u00e7\u00e3o de quarentena ap\u00f3s terem atuado no Torneio Internacional da Fran\u00e7a, de 4 a 10 de mar\u00e7o, a solu\u00e7\u00e3o foi recorrer \u00e0 tecnologia.<\/p>\n<p>As videoconfer\u00eancias est\u00e3o garantindo a conex\u00e3o entre atletas e comiss\u00e3o, assegurando, assim, a continuidade do foco no trabalho dos cuidados com a sa\u00fade. A estrat\u00e9gia vem sendo adotada para os encontros da comiss\u00e3o t\u00e9cnica, liderados pela t\u00e9cnica Pia Sundhage.<\/p>\n<p>\u201dFizemos uma reuni\u00e3o com toda a comiss\u00e3o t\u00e9cnica, para manter a rotina de trabalho. As palavras-chave s\u00e3o atuar em conjunto, manter o foco e acompanhar as atletas. Faremos reuni\u00f5es t\u00e9cnicas e t\u00e1ticas com elas e tamb\u00e9m teremos alguns encontros virtuais focados nos aspectos f\u00edsicos e mentais\u201d destaca Pia.<\/p>\n<p>O preparador-f\u00edsico F\u00e1bio Guerreiro, o preparador de goleiras Juarez Veludo, o fisiologista Luciano Capelli e o analista de desempenho Ricardo Pombo, se \u201creuniram\u201d com as jogadoras para acompanhar a rotina de cada uma durante o per\u00edodo de quarentena.<\/p>\n<p>Al\u00e9m disso, a comiss\u00e3o t\u00e9cnica da Sele\u00e7\u00e3o Feminina est\u00e1 em contato direto com os profissionais de cada clube onde atuam as jogadoras para coordenarem as a\u00e7\u00f5es em conjunto.<\/p>\n<p>\u201cEntramos em contato com os preparadores f\u00edsicos dos clubes para saber o que eles orientaram em rela\u00e7\u00e3o a treinamentos e, de uma maneira conjunta, fazermos o melhor trabalho poss\u00edvel para as atletas. Depois, conversamos com as jogadoras para saber como est\u00e3o e para apresentar nossa ideia de trabalho. Criamos um question\u00e1rio que elas ir\u00e3o responder diariamente em rela\u00e7\u00e3o ao treino que est\u00e3o fazendo em casa, peso e como est\u00e3o se sentido de uma forma geral. Nosso objetivo \u00e9 ter um monitoramento detalhado de cada uma delas\u201d explica F\u00e1bio Guerreiro.<\/p>\n<p>Com o adiamento dos jogos preparat\u00f3rios da pr\u00f3xima Data FIFA, diante da Costa Rica e dos Estados Unidos, a CBF ainda n\u00e3o tem confirma\u00e7\u00e3o da pr\u00f3xima data de convoca\u00e7\u00e3o.<\/p>\n<p>&nbsp;<\/p>\n<p><strong>Fonte:\u00a0<\/strong>CBF<\/p>\n","protected":false},"excerpt":{"rendered":"<p>A rotina da comiss\u00e3o t\u00e9cnica e atletas da Sele\u00e7\u00e3o Brasileira Feminina tamb\u00e9m foi alterada em fun\u00e7\u00e3o da Covid-19. Cada pessoa na sua casa, devido \u00e0 paralisa\u00e7\u00e3o do futebol em \u00e2mbito nacional e da recomenda\u00e7\u00e3o de quarentena ap\u00f3s terem atuado no Torneio Internacional da Fran\u00e7a, de 4 a 10 de mar\u00e7o, a solu\u00e7\u00e3o foi recorrer \u00e0 [&hellip;]<\/p>\n","protected":false},"author":96,"featured_media":157537,"comment_status":"closed","ping_status":"closed","sticky":false,"template":"","format":"standard","meta":{"footnotes":""},"categories":[436,257,439],"tags":[],"class_list":["post-157536","post","type-post","status-publish","format-standard","has-post-thumbnail","hentry","category-destaque-da-semana","category-esporte","category-ultima-hora"],"_links":{"self":[{"href":"https:\/\/diarioregionaldigital.com.br\/index.php?rest_route=\/wp\/v2\/posts\/157536","targetHints":{"allow":["GET"]}}],"collection":[{"href":"https:\/\/diarioregionaldigital.com.br\/index.php?rest_route=\/wp\/v2\/posts"}],"about":[{"href":"https:\/\/diarioregionaldigital.com.br\/index.php?rest_route=\/wp\/v2\/types\/post"}],"author":[{"embeddable":true,"href":"https:\/\/diarioregionaldigital.com.br\/index.php?rest_route=\/wp\/v2\/users\/96"}],"replies":[{"embeddable":true,"href":"https:\/\/diarioregionaldigital.com.br\/index.php?rest_route=%2Fwp%2Fv2%2Fcomments&post=157536"}],"version-history":[{"count":0,"href":"https:\/\/diarioregionaldigital.com.br\/index.php?rest_route=\/wp\/v2\/posts\/157536\/revisions"}],"wp:featuredmedia":[{"embeddable":true,"href":"https:\/\/diarioregionaldigital.com.br\/index.php?rest_route=\/wp\/v2\/media\/157537"}],"wp:attachment":[{"href":"https:\/\/diarioregionaldigital.com.br\/index.php?rest_route=%2Fwp%2Fv2%2Fmedia&parent=157536"}],"wp:term":[{"taxonomy":"category","embeddable":true,"href":"https:\/\/diarioregionaldigital.com.br\/index.php?rest_route=%2Fwp%2Fv2%2Fcategories&post=157536"},{"taxonomy":"post_tag","embeddable":true,"href":"https:\/\/diarioregionaldigital.com.br\/index.php?rest_route=%2Fwp%2Fv2%2Ftags&post=157536"}],"curies":[{"name":"wp","href":"https:\/\/api.w.org\/{rel}","templated":true}]}}