{"id":157533,"date":"2020-03-27T17:43:22","date_gmt":"2020-03-27T20:43:22","guid":{"rendered":"https:\/\/diarioregionaldigital.com.br\/?p=157533"},"modified":"2020-03-27T17:43:22","modified_gmt":"2020-03-27T20:43:22","slug":"pjf-promove-campanhas-de-doacao-para-pessoas-em-vulnerabilidade-social","status":"publish","type":"post","link":"https:\/\/diarioregionaldigital.com.br\/?p=157533","title":{"rendered":"PJF promove campanhas de doa\u00e7\u00e3o para pessoas em vulnerabilidade social"},"content":{"rendered":"<p>A Prefeitura de Juiz de Fora (PJF), por meio das secretarias de Desenvolvimento Social (SDS) e Desenvolvimento Econ\u00f4mico, Turismo e Agropecu\u00e1ria (Sedeta), est\u00e1 promovendo campanha de doa\u00e7\u00e3o de cestas b\u00e1sicas, roupa de cama, toalhas de banho e material de higiene pessoal para pessoas em situa\u00e7\u00e3o de vulnerabilidade social.<\/p>\n<p>O objetivo \u00e9 evitar filas e aglomera\u00e7\u00f5es durante a distribui\u00e7\u00e3o, al\u00e9m de zelar pela fiscaliza\u00e7\u00e3o dos mantimentos e materiais, fazendo com que cheguem aos que mais realmente precisam.<\/p>\n<p>As empresas e entidades que desejarem fazer doa\u00e7\u00e3o de cestas b\u00e1sicas devem entrar em contato com o Departamento de Abastecimento da Sedeta, pelos telefones 2104-7010, 98702-7890 e 99176-2964. O recolhimento das doa\u00e7\u00f5es ser\u00e1 feito por agendamento \u00e0s ter\u00e7as e quintas-feiras.<\/p>\n<p>O Centro de Refer\u00eancia de Assist\u00eancia Social (Cras) distribuir\u00e1 as cestas b\u00e1sicas para aqueles que j\u00e1 est\u00e3o inscritos no Cadastro \u00danico e na fila de espera para receberem os produtos.<\/p>\n<p>As pessoas que desejarem doar roupa de cama, toalhas de banho e material de higiene pessoal para os acolhimentos que recebem as pessoas em situa\u00e7\u00e3o de rua devem ligar para 3690-7991. O recolhimento ser\u00e1 agendado pela equipe da SDS, evitando assim o deslocamento da popula\u00e7\u00e3o.<\/p>\n<p>&nbsp;<\/p>\n<p><strong>Fonte:\u00a0<\/strong>Assessoria<\/p>\n","protected":false},"excerpt":{"rendered":"<p>A Prefeitura de Juiz de Fora (PJF), por meio das secretarias de Desenvolvimento Social (SDS) e Desenvolvimento Econ\u00f4mico, Turismo e Agropecu\u00e1ria (Sedeta), est\u00e1 promovendo campanha de doa\u00e7\u00e3o de cestas b\u00e1sicas, roupa de cama, toalhas de banho e material de higiene pessoal para pessoas em situa\u00e7\u00e3o de vulnerabilidade social. O objetivo \u00e9 evitar filas e aglomera\u00e7\u00f5es [&hellip;]<\/p>\n","protected":false},"author":96,"featured_media":157534,"comment_status":"closed","ping_status":"closed","sticky":false,"template":"","format":"standard","meta":{"footnotes":""},"categories":[253,436,439],"tags":[],"class_list":["post-157533","post","type-post","status-publish","format-standard","has-post-thumbnail","hentry","category-cidade","category-destaque-da-semana","category-ultima-hora"],"_links":{"self":[{"href":"https:\/\/diarioregionaldigital.com.br\/index.php?rest_route=\/wp\/v2\/posts\/157533","targetHints":{"allow":["GET"]}}],"collection":[{"href":"https:\/\/diarioregionaldigital.com.br\/index.php?rest_route=\/wp\/v2\/posts"}],"about":[{"href":"https:\/\/diarioregionaldigital.com.br\/index.php?rest_route=\/wp\/v2\/types\/post"}],"author":[{"embeddable":true,"href":"https:\/\/diarioregionaldigital.com.br\/index.php?rest_route=\/wp\/v2\/users\/96"}],"replies":[{"embeddable":true,"href":"https:\/\/diarioregionaldigital.com.br\/index.php?rest_route=%2Fwp%2Fv2%2Fcomments&post=157533"}],"version-history":[{"count":0,"href":"https:\/\/diarioregionaldigital.com.br\/index.php?rest_route=\/wp\/v2\/posts\/157533\/revisions"}],"wp:featuredmedia":[{"embeddable":true,"href":"https:\/\/diarioregionaldigital.com.br\/index.php?rest_route=\/wp\/v2\/media\/157534"}],"wp:attachment":[{"href":"https:\/\/diarioregionaldigital.com.br\/index.php?rest_route=%2Fwp%2Fv2%2Fmedia&parent=157533"}],"wp:term":[{"taxonomy":"category","embeddable":true,"href":"https:\/\/diarioregionaldigital.com.br\/index.php?rest_route=%2Fwp%2Fv2%2Fcategories&post=157533"},{"taxonomy":"post_tag","embeddable":true,"href":"https:\/\/diarioregionaldigital.com.br\/index.php?rest_route=%2Fwp%2Fv2%2Ftags&post=157533"}],"curies":[{"name":"wp","href":"https:\/\/api.w.org\/{rel}","templated":true}]}}