{"id":157519,"date":"2020-03-27T17:30:26","date_gmt":"2020-03-27T20:30:26","guid":{"rendered":"https:\/\/diarioregionaldigital.com.br\/?p=157519"},"modified":"2020-03-27T17:30:26","modified_gmt":"2020-03-27T20:30:26","slug":"nao-esta-na-hora-de-voltar-aos-trabalhos-diz-antonio-almas","status":"publish","type":"post","link":"https:\/\/diarioregionaldigital.com.br\/?p=157519","title":{"rendered":"\u201cN\u00e3o est\u00e1 na hora de voltar aos trabalhos\u201d diz Ant\u00f4nio Almas"},"content":{"rendered":"<p><span style=\"font-weight: 400;\">O prefeito de Juiz de Fora, Ant\u00f4nio Almas, concedeu entrevista coletiva na C\u00e2mara Municipal, para tratar sobre a situa\u00e7\u00e3o atual do Coronav\u00edrus pela cidade. At\u00e9 a sexta-feira (27), foram confirmados 11 casos da doen\u00e7a. O prefeito comentou sobre os dados e tamb\u00e9m a respeito da possibilidade da popula\u00e7\u00e3o voltar aos trabalhos:<\/span><\/p>\n<p>&nbsp;<\/p>\n<p><span style=\"font-weight: 400;\">\u201cN\u00f3s temos um dado um pouco acima. Poderemos publicar a qualquer momento, n\u00e3o h\u00e1 dificuldade nisso. Mas n\u00f3s estamos trabalhando insistentemente com essa premissa. O mais importante s\u00e3o os n\u00fameros com os quais os t\u00e9cnicos da cidade de Juiz de Fora est\u00e3o trabalhando e esses dados nos permitem garantir que n\u00e3o est\u00e1 na hora de voltar aos trabalhos. Est\u00e1 na hora de ficar em casa porque n\u00f3s enfrentaremos o per\u00edodo mais dif\u00edcil da crise\u201d.<\/span><\/p>\n<p>&nbsp;<\/p>\n<p><span style=\"font-weight: 400;\">Ant\u00f4nio Almas foi questionado sobre as realiza\u00e7\u00f5es dos testes para identificar se algum paciente est\u00e1 com Coronav\u00edrus. Alguns laborat\u00f3rios e institui\u00e7\u00f5es pela cidade est\u00e3o dispostos a realizar tais testes:<\/span><\/p>\n<p>&nbsp;<\/p>\n<p><span style=\"font-weight: 400;\">\u201cN\u00f3s estamos buscando garantir a quantidade necess\u00e1ria para todos os profissionais. A Prefeitura tem feito todos os esfor\u00e7os junto com v\u00e1rios setores da cidade, existem grupos empresariais, que inclusive est\u00e3o conseguindo importar algum material e que estar\u00e1 chegando para as diversas unidades de sa\u00fade\u201d.\u00a0<\/span><\/p>\n<p>&nbsp;<\/p>\n<p><span style=\"font-weight: 400;\">Em um determinado momento, o prefeito foi questionado sobre a quest\u00e3o dos casos suspeitos da doen\u00e7a, das subnotifica\u00e7\u00f5es e tamb\u00e9m dos dados divulgados:<\/span><\/p>\n<p>&nbsp;<\/p>\n<p><span style=\"font-weight: 400;\">\u201cOs dados concretos est\u00e3o conosco e \u00e9 com base neles, que a nossa vigil\u00e2ncia epidemiol\u00f3gica que n\u00f3s estamos trabalhando. N\u00f3s repassamos dados para o estado e que seja determinado o boletim.\u00a0<\/span><\/p>\n<p>&nbsp;<\/p>\n<p><span style=\"font-weight: 400;\">Na quest\u00e3o sobre se a quantidade de leitos hospitalares \u00e9 o suficiente para alocar os pacientes, Ant\u00f4nio Almas trata o assunto com cautela, uma vez que a Prefeitura analisa todos os tipos de cen\u00e1rios poss\u00edveis;<\/span><\/p>\n<p>&nbsp;<\/p>\n<p><span style=\"font-weight: 400;\">\u201cTemos que analisar com bastante tranquilidade este processo. N\u00f3s temos cen\u00e1rios mais tranquilos e outros que podemos dizer, que o colapso se transforma no verdadeiro caos. Estamos trabalhando muito mais para entender qual vai ser a gest\u00e3o desse processo. Se a gest\u00e3o de Juiz de Fora \u00e9 sobre 600 mil habitantes, n\u00f3s temos uma necessidade pr\u00f3pria de leitos para 600 mil habitantes. Se a nossa gest\u00e3o ser\u00e1 para toda a micro regi\u00e3o, n\u00f3s teremos quase 1 milh\u00e3o de habitantes e teremos outro n\u00famero de leitos necess\u00e1rios. Se n\u00f3s ficarmos com a responsabilidade de trabalhar tamb\u00e9m com o centro-sul, como est\u00e1 dito na norma t\u00e9cnica do estado de fevereiro, isso a\u00ed s\u00e3o 2,5 milh\u00f5es de habitantes. Ent\u00e3o na verdade, n\u00f3s precisamos clarear mais porque no meu entendimento \u00e9 que essa gest\u00e3o centro-sul, precisa ter uma gest\u00e3o maior do que o munic\u00edpio de Juiz de Fora.\u201d<\/span><\/p>\n<p>&nbsp;<\/p>\n<p><span style=\"font-weight: 400;\">No final da coletiva, Ant\u00f4nio Almas foi novamente questionado sobre a quest\u00e3o da quarentena e tamb\u00e9m sobre o decreto emitido pela Prefeitura na \u00faltima semana:<\/span><\/p>\n<p>&nbsp;<\/p>\n<p><span style=\"font-weight: 400;\">\u201cGostaria de insistir que surja um fato novo, o decreto est\u00e1 em vigor. Todas aquelas atividades e servi\u00e7os que s\u00e3o essenciais para garantir tranquilidade \u00e0 popula\u00e7\u00e3o, desde a padaria ao supermercado, estar\u00e3o abertos. Os que n\u00e3o t\u00eam tanta necessidade, agora n\u00e3o \u00e9 hora de abrir lojas. N\u00f3s vamos continuar com o decreto\u201d.<\/span><\/p>\n","protected":false},"excerpt":{"rendered":"<p>O prefeito de Juiz de Fora, Ant\u00f4nio Almas, concedeu entrevista coletiva na C\u00e2mara Municipal, para tratar sobre a situa\u00e7\u00e3o atual do Coronav\u00edrus pela cidade. At\u00e9 a sexta-feira (27), foram confirmados 11 casos da doen\u00e7a. O prefeito comentou sobre os dados e tamb\u00e9m a respeito da possibilidade da popula\u00e7\u00e3o voltar aos trabalhos: &nbsp; \u201cN\u00f3s temos um [&hellip;]<\/p>\n","protected":false},"author":96,"featured_media":157520,"comment_status":"closed","ping_status":"closed","sticky":false,"template":"","format":"standard","meta":{"footnotes":""},"categories":[253,436,440,439],"tags":[],"class_list":["post-157519","post","type-post","status-publish","format-standard","has-post-thumbnail","hentry","category-cidade","category-destaque-da-semana","category-destaques-do-dia","category-ultima-hora"],"_links":{"self":[{"href":"https:\/\/diarioregionaldigital.com.br\/index.php?rest_route=\/wp\/v2\/posts\/157519","targetHints":{"allow":["GET"]}}],"collection":[{"href":"https:\/\/diarioregionaldigital.com.br\/index.php?rest_route=\/wp\/v2\/posts"}],"about":[{"href":"https:\/\/diarioregionaldigital.com.br\/index.php?rest_route=\/wp\/v2\/types\/post"}],"author":[{"embeddable":true,"href":"https:\/\/diarioregionaldigital.com.br\/index.php?rest_route=\/wp\/v2\/users\/96"}],"replies":[{"embeddable":true,"href":"https:\/\/diarioregionaldigital.com.br\/index.php?rest_route=%2Fwp%2Fv2%2Fcomments&post=157519"}],"version-history":[{"count":0,"href":"https:\/\/diarioregionaldigital.com.br\/index.php?rest_route=\/wp\/v2\/posts\/157519\/revisions"}],"wp:featuredmedia":[{"embeddable":true,"href":"https:\/\/diarioregionaldigital.com.br\/index.php?rest_route=\/wp\/v2\/media\/157520"}],"wp:attachment":[{"href":"https:\/\/diarioregionaldigital.com.br\/index.php?rest_route=%2Fwp%2Fv2%2Fmedia&parent=157519"}],"wp:term":[{"taxonomy":"category","embeddable":true,"href":"https:\/\/diarioregionaldigital.com.br\/index.php?rest_route=%2Fwp%2Fv2%2Fcategories&post=157519"},{"taxonomy":"post_tag","embeddable":true,"href":"https:\/\/diarioregionaldigital.com.br\/index.php?rest_route=%2Fwp%2Fv2%2Ftags&post=157519"}],"curies":[{"name":"wp","href":"https:\/\/api.w.org\/{rel}","templated":true}]}}