{"id":157516,"date":"2020-03-27T17:18:53","date_gmt":"2020-03-27T20:18:53","guid":{"rendered":"https:\/\/diarioregionaldigital.com.br\/?p=157516"},"modified":"2020-03-27T17:18:53","modified_gmt":"2020-03-27T20:18:53","slug":"f1-pietro-fittipaldi-sera-piloto-reserva-da-haas","status":"publish","type":"post","link":"https:\/\/diarioregionaldigital.com.br\/?p=157516","title":{"rendered":"F1: Pietro Fittipaldi ser\u00e1 piloto reserva da Haas"},"content":{"rendered":"<p>A equipe americana Haas, fechou contrato com o brasileiro Pietro Fittipaldi, (neto do ex-bicampe\u00e3o Emerson Fittipaldi) para ser piloto reserva nesta temporada 2020 da F1. Pietro estar\u00e1 a disposi\u00e7\u00e3o caso um dos pilotos titulares (Romain Grosjean e Kevin Magnussen) estejam impossibilitados de participar em alguma corrida.<\/p>\n<p>Caso venha a correr, Pietro ser\u00e1 o quarto integrante da fam\u00edlia Fittipaldi a competir na F\u00f3rmula 1. At\u00e9 hoje, nenhuma fam\u00edlia teve quatro representantes na hist\u00f3ria da categoria. Al\u00e9m de Emerson, bicampe\u00e3o mundial em 1972 e 1974, tamb\u00e9m disputaram corridas o tio-av\u00f4 Wilsinho (1972 a 1975) e o filho dele Christian (1992 a 1994).<\/p>\n<p>Com a superlicen\u00e7a garantida, Pietro poder\u00e1 participar dos treinos de sexta-feira e consequentemente, competir por uma vaga no grid da pr\u00f3xima temporada.<\/p>\n<p>Em decorr\u00eancia da epidemia do Coronav\u00edrus, o campeonato da F1 deve come\u00e7ar somente no m\u00eas de junho.<\/p>\n","protected":false},"excerpt":{"rendered":"<p>A equipe americana Haas, fechou contrato com o brasileiro Pietro Fittipaldi, (neto do ex-bicampe\u00e3o Emerson Fittipaldi) para ser piloto reserva nesta temporada 2020 da F1. Pietro estar\u00e1 a disposi\u00e7\u00e3o caso um dos pilotos titulares (Romain Grosjean e Kevin Magnussen) estejam impossibilitados de participar em alguma corrida. Caso venha a correr, Pietro ser\u00e1 o quarto integrante [&hellip;]<\/p>\n","protected":false},"author":96,"featured_media":157517,"comment_status":"closed","ping_status":"closed","sticky":false,"template":"","format":"standard","meta":{"footnotes":""},"categories":[436,257,439],"tags":[],"class_list":["post-157516","post","type-post","status-publish","format-standard","has-post-thumbnail","hentry","category-destaque-da-semana","category-esporte","category-ultima-hora"],"_links":{"self":[{"href":"https:\/\/diarioregionaldigital.com.br\/index.php?rest_route=\/wp\/v2\/posts\/157516","targetHints":{"allow":["GET"]}}],"collection":[{"href":"https:\/\/diarioregionaldigital.com.br\/index.php?rest_route=\/wp\/v2\/posts"}],"about":[{"href":"https:\/\/diarioregionaldigital.com.br\/index.php?rest_route=\/wp\/v2\/types\/post"}],"author":[{"embeddable":true,"href":"https:\/\/diarioregionaldigital.com.br\/index.php?rest_route=\/wp\/v2\/users\/96"}],"replies":[{"embeddable":true,"href":"https:\/\/diarioregionaldigital.com.br\/index.php?rest_route=%2Fwp%2Fv2%2Fcomments&post=157516"}],"version-history":[{"count":0,"href":"https:\/\/diarioregionaldigital.com.br\/index.php?rest_route=\/wp\/v2\/posts\/157516\/revisions"}],"wp:featuredmedia":[{"embeddable":true,"href":"https:\/\/diarioregionaldigital.com.br\/index.php?rest_route=\/wp\/v2\/media\/157517"}],"wp:attachment":[{"href":"https:\/\/diarioregionaldigital.com.br\/index.php?rest_route=%2Fwp%2Fv2%2Fmedia&parent=157516"}],"wp:term":[{"taxonomy":"category","embeddable":true,"href":"https:\/\/diarioregionaldigital.com.br\/index.php?rest_route=%2Fwp%2Fv2%2Fcategories&post=157516"},{"taxonomy":"post_tag","embeddable":true,"href":"https:\/\/diarioregionaldigital.com.br\/index.php?rest_route=%2Fwp%2Fv2%2Ftags&post=157516"}],"curies":[{"name":"wp","href":"https:\/\/api.w.org\/{rel}","templated":true}]}}