{"id":157507,"date":"2020-03-27T14:57:44","date_gmt":"2020-03-27T17:57:44","guid":{"rendered":"https:\/\/diarioregionaldigital.com.br\/?p=157507"},"modified":"2020-03-27T14:57:44","modified_gmt":"2020-03-27T17:57:44","slug":"reguffe-pede-que-verbas-de-senadores-sejam-aplicadas-no-combate-a-covid-19","status":"publish","type":"post","link":"https:\/\/diarioregionaldigital.com.br\/?p=157507","title":{"rendered":"Reguffe pede que verbas de senadores sejam aplicadas no combate \u00e0 covid-19"},"content":{"rendered":"<p>As verbas indenizat\u00f3ria e de gabinete dos senadores poder\u00e3o ser alocadas em medidas de sa\u00fade p\u00fablica, em especial para o combate ao coronav\u00edrus. \u00c9 o que estabelece um projeto de resolu\u00e7\u00e3o apresentado pelo senador Reguffe (Podemos-DF).<\/p>\n<p>Segundo o\u00a0 PRS 10\/2020, metade da verba de gabinete a que os senadores t\u00eam direito e a totalidade dos recursos da verba indenizat\u00f3ria ser\u00e3o aplicados em programas de sa\u00fade nas respectivas unidades da Federa\u00e7\u00e3o representadas pelos parlamentares.<\/p>\n<p>\u201cNesse momento t\u00e3o delicado e dram\u00e1tico por que passa a popula\u00e7\u00e3o brasileira, nada mais justo que tais recursos sejam destinados para a sa\u00fade p\u00fablica e medidas de combate ao coronav\u00edrus\u201d, argumenta Reguffe na justificativa do projeto.<\/p>\n<p>Ainda sobre a crise do coronav\u00edrus, o senador apresentou projetos proibindo corte de \u00e1gua e energia el\u00e9trica durante per\u00edodos de calamidade p\u00fablica e instituindo um imposto extraordin\u00e1rio sobre grandes fortunas. Reguffe explicou os projetos em mensagem de v\u00eddeo publicada no Twitter e pediu apoio \u00e0 aplica\u00e7\u00e3o das verbas dos senadores na sa\u00fade:<\/p>\n<p>\u201cO Congresso Nacional tamb\u00e9m precisa fazer a sua parte. Com isso, poderemos melhorar a sa\u00fade p\u00fablica neste momento e tamb\u00e9m ajudar aqueles mais vulner\u00e1veis. \u00c9 uma crise muito grave\u201d.<\/p>\n<p>Em sentido similar, o senador Alvaro Dias (Podemos-PR), em publica\u00e7\u00e3o no Facebook, sugeriu a extin\u00e7\u00e3o dos ganhos complementares dos parlamentares.<\/p>\n<p>\u201cA soma de verba indenizat\u00f3ria, aux\u00edlio moradia e parte da cota de passagens resultaria em valor muito superior \u00e0 eventual redu\u00e7\u00e3o de 50% do sal\u00e1rio\u201d, disse o senador, que calcula uma economia trimestral superior a R$ 50 milh\u00f5es se o Congresso inteiro adotasse tais cortes.<\/p>\n<p><strong>Fonte:\u00a0<\/strong>Ag\u00eancia Senado<\/p>\n","protected":false},"excerpt":{"rendered":"<p>As verbas indenizat\u00f3ria e de gabinete dos senadores poder\u00e3o ser alocadas em medidas de sa\u00fade p\u00fablica, em especial para o combate ao coronav\u00edrus. \u00c9 o que estabelece um projeto de resolu\u00e7\u00e3o apresentado pelo senador Reguffe (Podemos-DF). Segundo o\u00a0 PRS 10\/2020, metade da verba de gabinete a que os senadores t\u00eam direito e a totalidade dos [&hellip;]<\/p>\n","protected":false},"author":96,"featured_media":157508,"comment_status":"closed","ping_status":"closed","sticky":false,"template":"","format":"standard","meta":{"footnotes":""},"categories":[436,254,439],"tags":[],"class_list":["post-157507","post","type-post","status-publish","format-standard","has-post-thumbnail","hentry","category-destaque-da-semana","category-politica","category-ultima-hora"],"_links":{"self":[{"href":"https:\/\/diarioregionaldigital.com.br\/index.php?rest_route=\/wp\/v2\/posts\/157507","targetHints":{"allow":["GET"]}}],"collection":[{"href":"https:\/\/diarioregionaldigital.com.br\/index.php?rest_route=\/wp\/v2\/posts"}],"about":[{"href":"https:\/\/diarioregionaldigital.com.br\/index.php?rest_route=\/wp\/v2\/types\/post"}],"author":[{"embeddable":true,"href":"https:\/\/diarioregionaldigital.com.br\/index.php?rest_route=\/wp\/v2\/users\/96"}],"replies":[{"embeddable":true,"href":"https:\/\/diarioregionaldigital.com.br\/index.php?rest_route=%2Fwp%2Fv2%2Fcomments&post=157507"}],"version-history":[{"count":0,"href":"https:\/\/diarioregionaldigital.com.br\/index.php?rest_route=\/wp\/v2\/posts\/157507\/revisions"}],"wp:featuredmedia":[{"embeddable":true,"href":"https:\/\/diarioregionaldigital.com.br\/index.php?rest_route=\/wp\/v2\/media\/157508"}],"wp:attachment":[{"href":"https:\/\/diarioregionaldigital.com.br\/index.php?rest_route=%2Fwp%2Fv2%2Fmedia&parent=157507"}],"wp:term":[{"taxonomy":"category","embeddable":true,"href":"https:\/\/diarioregionaldigital.com.br\/index.php?rest_route=%2Fwp%2Fv2%2Fcategories&post=157507"},{"taxonomy":"post_tag","embeddable":true,"href":"https:\/\/diarioregionaldigital.com.br\/index.php?rest_route=%2Fwp%2Fv2%2Ftags&post=157507"}],"curies":[{"name":"wp","href":"https:\/\/api.w.org\/{rel}","templated":true}]}}