{"id":157504,"date":"2020-03-27T14:55:41","date_gmt":"2020-03-27T17:55:41","guid":{"rendered":"https:\/\/diarioregionaldigital.com.br\/?p=157504"},"modified":"2020-03-27T14:55:41","modified_gmt":"2020-03-27T17:55:41","slug":"camara-aprova-auxilio-de-r-600-para-pessoas-de-baixa-renda-durante-epidemia","status":"publish","type":"post","link":"https:\/\/diarioregionaldigital.com.br\/?p=157504","title":{"rendered":"C\u00e2mara aprova aux\u00edlio de R$ 600 para pessoas de baixa renda durante epidemia"},"content":{"rendered":"<p>O Plen\u00e1rio da C\u00e2mara dos Deputados aprovou o pagamento de um aux\u00edlio emergencial por tr\u00eas meses, no valor de R$ 600,00, a pessoas de baixa renda. A medida foi inclu\u00edda pelo deputado Marcelo Aro (PP-MG) no Projeto de Lei 9236\/17, de autoria do deputado Eduardo Barbosa (PSDB-MG). O texto ser\u00e1 analisado ainda pelo Senado.<\/p>\n<p>Em seu substitutivo, Marcelo Aro incluiu sugest\u00f5es de v\u00e1rios partidos para ampliar o acesso aos recursos durante o per\u00edodo de isolamento para combater a prolifera\u00e7\u00e3o do coronav\u00edrus (Covid-19).<\/p>\n<p>Inicialmente, na primeira vers\u00e3o do relat\u00f3rio, o valor era de R$ 500,00 (contra os R$ 200,00 propostos pelo governo). Ap\u00f3s negocia\u00e7\u00f5es com o l\u00edder do governo, deputado Vitor Hugo (PSL-GO), o Executivo aceitou aumentar para R$ 600,00.<\/p>\n<p>O presidente da C\u00e2mara, Rodrigo Maia (DEM-RJ), disse que o apoio do governo d\u00e1 seguran\u00e7a de que a proposta ser\u00e1 sancionada. &#8220;O governo sugeriu R$ 200 inicialmente, mas n\u00f3s dissemos que menos de R$ 500 n\u00e3o aceit\u00e1vamos&#8221;, destacou. &#8220;O importante neste momento \u00e9 que o Congresso, junto com o governo, encontrou a solu\u00e7\u00e3o. Isso nos d\u00e1 certeza de que o projeto ser\u00e1 sancionado ap\u00f3s a aprova\u00e7\u00e3o do Senado, nos pr\u00f3ximos dias&#8221;, completou.<\/p>\n<p>Com o novo valor, a estimativa de impacto feita por Maia, de R$ 12 bilh\u00f5es, deve subir para R$ 14,4 bilh\u00f5es. &#8220;Vamos poder atender as pessoas que est\u00e3o sem renda, que s\u00e3o informais, que s\u00e3o vulner\u00e1veis e que precisam do apoio do Estado brasileiro\u200b\u200b&#8221;, afirmou.<\/p>\n<p>Para as m\u00e3es que s\u00e3o chefe de fam\u00edlia (fam\u00edlia monoparental), o projeto permite o recebimento de duas cotas do aux\u00edlio, totalizando R$ 1,2 mil.<\/p>\n<p>Enquanto durar a epidemia, o Poder Executivo poder\u00e1 prorrogar o pagamento do aux\u00edlio.<\/p>\n<p>Empres\u00e1rios que, segundo a legisla\u00e7\u00e3o previdenci\u00e1ria, devem pagar pelos primeiros 15 dias do afastamento do trabalhador por motivo de sa\u00fade, poder\u00e3o descontar o valor desse tempo de sal\u00e1rio dos recolhimentos de contribui\u00e7\u00f5es devidas ao Instituto Nacional do Seguro Social (INSS) caso a doen\u00e7a seja causada pelo coronav\u00edrus.<\/p>\n<p><strong>Requisitos<\/strong><\/p>\n<p>Para ter acesso ao aux\u00edlio, a pessoa deve cumprir, ao mesmo tempo, os seguintes requisitos:<\/p>\n<p>&#8211; ser maior de 18 anos de idade;<\/p>\n<p>&#8211; n\u00e3o ter emprego formal;<\/p>\n<p>&#8211; n\u00e3o receber benef\u00edcio previdenci\u00e1rio ou assistencial, seguro-desemprego ou de outro programa de transfer\u00eancia de renda federal que n\u00e3o seja o Bolsa Fam\u00edlia;<\/p>\n<p>&#8211; renda familiar mensal per capita (por pessoa) de at\u00e9 meio sal\u00e1rio m\u00ednimo (R$ 522,50) ou renda familiar mensal total (tudo o que a fam\u00edlia recebe) de at\u00e9 tr\u00eas sal\u00e1rios m\u00ednimos (R$ 3.135,00); e<\/p>\n<p>&#8211; n\u00e3o ter recebido rendimentos tribut\u00e1veis, no ano de 2018, acima de R$ 28.559,70.<\/p>\n<p>A pessoa candidata dever\u00e1 ainda cumprir uma dessas condi\u00e7\u00f5es:<\/p>\n<p>&#8211; exercer atividade na condi\u00e7\u00e3o de microempreendedor individual (MEI);<\/p>\n<p>&#8211; ser contribuinte individual ou facultativo do Regime Geral de Previd\u00eancia Social (RGPS);<\/p>\n<p>&#8211; ser trabalhador informal inscrito no Cadastro \u00danico para Programas Sociais do Governo Federal (Cad\u00danico); ou<\/p>\n<p>&#8211; ter cumprido o requisito de renda m\u00e9dia at\u00e9 20 de mar\u00e7o de 2020.<\/p>\n<p>Ser\u00e1 permitido a duas pessoas de uma mesma fam\u00edlia acumularem benef\u00edcios: um do aux\u00edlio emergencial e um do Bolsa Fam\u00edlia. Se o aux\u00edlio for maior que a bolsa, a pessoa poder\u00e1 fazer a op\u00e7\u00e3o pelo aux\u00edlio.<\/p>\n<p>J\u00e1 a renda m\u00e9dia ser\u00e1 verificada por meio do Cad\u00danico para os inscritos e, para os n\u00e3o inscritos, com autodeclara\u00e7\u00e3o em plataforma digital.<\/p>\n<p>Na renda familiar ser\u00e3o considerados todos os rendimentos obtidos por todos os membros que moram na mesma resid\u00eancia, exceto o dinheiro do Bolsa Fam\u00edlia.<\/p>\n<p>Como o candidato ao benef\u00edcio n\u00e3o pode ter emprego formal, o substitutivo lista o que entra neste conceito: todos os trabalhadores formalizados pela Consolida\u00e7\u00e3o das Leis do Trabalho (CLT) e todos os agentes p\u00fablicos, independentemente da rela\u00e7\u00e3o jur\u00eddica, inclusive os ocupantes de cargo ou fun\u00e7\u00e3o tempor\u00e1rios, de cargo em comiss\u00e3o de livre nomea\u00e7\u00e3o e exonera\u00e7\u00e3o ou titulares de mandato eletivo.<\/p>\n<p><strong>Antecipa\u00e7\u00e3o<\/strong><\/p>\n<p>Para pessoas com defici\u00eancia e idosos candidatos a receber o Benef\u00edcio de Presta\u00e7\u00e3o Continuada (BPC), de um sal\u00e1rio m\u00ednimo mensal (R$ 1.045,00), o INSS poder\u00e1 antecipar o pagamento de R$ 600 (valor do aux\u00edlio emergencial) at\u00e9 que seja avaliado o grau de impedimento no qual se baseia o pedido ou seja concedido o benef\u00edcio. Essa avalia\u00e7\u00e3o costuma demorar porque depende de agendamento com m\u00e9dicos peritos e assistentes sociais do INSS.<\/p>\n<p>Quando o BPC for concedido, ele ser\u00e1 devido desde o dia do requerimento, e o que tiver sido adiantado ser\u00e1 descontado.<\/p>\n<p>De igual forma, o \u00f3rg\u00e3o poder\u00e1 adiantar o pagamento do aux\u00edlio-doen\u00e7a, no valor de um salario m\u00ednimo mensal, durante tr\u00eas meses contados da publica\u00e7\u00e3o da futura lei ou at\u00e9 a realiza\u00e7\u00e3o da per\u00edcia pelo INSS, o que ocorrer primeiro.<\/p>\n<p>Para ter direito a esse adiantamento, o trabalhador precisar\u00e1 ter cumprido a car\u00eancia exigida para a concess\u00e3o do benef\u00edcio (12 meses de contribui\u00e7\u00e3o) e apresentar atestado m\u00e9dico com requisitos e forma de an\u00e1lise a serem definidos em ato conjunto da Secretaria Especial de Previd\u00eancia e Trabalho do Minist\u00e9rio da Economia e do INSS.<\/p>\n<p><strong>Forma de pagamento<\/strong><\/p>\n<p>Segundo o projeto, o aux\u00edlio emergencial ser\u00e1 pago por bancos p\u00fablicos federais por meio de uma conta do tipo poupan\u00e7a social digital.<\/p>\n<p>Essa conta ser\u00e1 aberta automaticamente em nome dos benefici\u00e1rios, com dispensa da apresenta\u00e7\u00e3o de documentos e isen\u00e7\u00e3o de tarifas de manuten\u00e7\u00e3o. A pessoa usu\u00e1ria poder\u00e1 fazer ao menos uma transfer\u00eancia eletr\u00f4nica de dinheiro por m\u00eas, sem custos, para conta banc\u00e1ria mantida em qualquer institui\u00e7\u00e3o financeira autorizada a funcionar pelo Banco Central.<\/p>\n<p>A conta pode ser a mesma j\u00e1 usada para pagar recursos de programas sociais governamentais, como PIS\/Pasep e FGTS, mas n\u00e3o pode permitir a emiss\u00e3o de cart\u00e3o f\u00edsico, cheques ou ordens de pagamento para sua movimenta\u00e7\u00e3o.<\/p>\n<p>Se a pessoa deixar de cumprir as condi\u00e7\u00f5es estipuladas, o aux\u00edlio deixar\u00e1 de ser pago. Para fazer as verifica\u00e7\u00f5es necess\u00e1rias, os \u00f3rg\u00e3os federais trocar\u00e3o as informa\u00e7\u00f5es constantes em suas bases de dados.<\/p>\n<p>&nbsp;<\/p>\n<p><strong>Fonte:<\/strong>\u00a0Ag\u00eancia C\u00e2mara<\/p>\n","protected":false},"excerpt":{"rendered":"<p>O Plen\u00e1rio da C\u00e2mara dos Deputados aprovou o pagamento de um aux\u00edlio emergencial por tr\u00eas meses, no valor de R$ 600,00, a pessoas de baixa renda. A medida foi inclu\u00edda pelo deputado Marcelo Aro (PP-MG) no Projeto de Lei 9236\/17, de autoria do deputado Eduardo Barbosa (PSDB-MG). O texto ser\u00e1 analisado ainda pelo Senado. Em [&hellip;]<\/p>\n","protected":false},"author":96,"featured_media":157505,"comment_status":"closed","ping_status":"closed","sticky":false,"template":"","format":"standard","meta":{"footnotes":""},"categories":[436,261,439],"tags":[],"class_list":["post-157504","post","type-post","status-publish","format-standard","has-post-thumbnail","hentry","category-destaque-da-semana","category-economia","category-ultima-hora"],"_links":{"self":[{"href":"https:\/\/diarioregionaldigital.com.br\/index.php?rest_route=\/wp\/v2\/posts\/157504","targetHints":{"allow":["GET"]}}],"collection":[{"href":"https:\/\/diarioregionaldigital.com.br\/index.php?rest_route=\/wp\/v2\/posts"}],"about":[{"href":"https:\/\/diarioregionaldigital.com.br\/index.php?rest_route=\/wp\/v2\/types\/post"}],"author":[{"embeddable":true,"href":"https:\/\/diarioregionaldigital.com.br\/index.php?rest_route=\/wp\/v2\/users\/96"}],"replies":[{"embeddable":true,"href":"https:\/\/diarioregionaldigital.com.br\/index.php?rest_route=%2Fwp%2Fv2%2Fcomments&post=157504"}],"version-history":[{"count":0,"href":"https:\/\/diarioregionaldigital.com.br\/index.php?rest_route=\/wp\/v2\/posts\/157504\/revisions"}],"wp:featuredmedia":[{"embeddable":true,"href":"https:\/\/diarioregionaldigital.com.br\/index.php?rest_route=\/wp\/v2\/media\/157505"}],"wp:attachment":[{"href":"https:\/\/diarioregionaldigital.com.br\/index.php?rest_route=%2Fwp%2Fv2%2Fmedia&parent=157504"}],"wp:term":[{"taxonomy":"category","embeddable":true,"href":"https:\/\/diarioregionaldigital.com.br\/index.php?rest_route=%2Fwp%2Fv2%2Fcategories&post=157504"},{"taxonomy":"post_tag","embeddable":true,"href":"https:\/\/diarioregionaldigital.com.br\/index.php?rest_route=%2Fwp%2Fv2%2Ftags&post=157504"}],"curies":[{"name":"wp","href":"https:\/\/api.w.org\/{rel}","templated":true}]}}