{"id":157501,"date":"2020-03-27T14:51:02","date_gmt":"2020-03-27T17:51:02","guid":{"rendered":"https:\/\/diarioregionaldigital.com.br\/?p=157501"},"modified":"2020-03-27T14:51:02","modified_gmt":"2020-03-27T17:51:02","slug":"receita-amplia-rol-de-produtos-com-despacho-aduaneiro-prioritario","status":"publish","type":"post","link":"https:\/\/diarioregionaldigital.com.br\/?p=157501","title":{"rendered":"Receita amplia rol de produtos com despacho aduaneiro priorit\u00e1rio"},"content":{"rendered":"<p>A Receita Federal ampliou o rol de produtos que ter\u00e3o seu despacho de importa\u00e7\u00e3o realizado de maneira priorit\u00e1ria para auxiliar no combate \u00e0 pandemia causada pelo novo coronav\u00edrus.<\/p>\n<p>A Instru\u00e7\u00e3o Normativa RFB n\u00ba 1.929, publicada nessa sexta-feira (27) no <em>Di\u00e1rio Oficial da Uni\u00e3o<\/em>, prev\u00ea o despacho priorit\u00e1rio para produtos como a cloroquina e seus derivados, kits de teste para covid-19 e sequenciadores autom\u00e1ticos de DNA, dentre outros.<\/p>\n<p>Conforme previsto na Instru\u00e7\u00e3o Normativa RFB n\u00ba 1.927, publicada na semana passada, esses produtos ter\u00e3o maior celeridade no tr\u00e2mite aduaneiro, sendo permitida a entrega da mercadoria ao importador antes da conclus\u00e3o da confer\u00eancia aduaneira. Al\u00e9m disso, as declara\u00e7\u00f5es de importa\u00e7\u00e3o envolvendo essas mercadorias dever\u00e3o ter tratamento priorit\u00e1rio, tanto pelas unidades da Receita Federal, quanto pelo deposit\u00e1rio respons\u00e1vel por sua cust\u00f3dia.<\/p>\n<p>A lista inicial publicada na semana passada abrangia 33 categorias de produtos destinados ao combate da Covid-19, e tratava de itens como \u00e1lcool gel e equipamentos de prote\u00e7\u00e3o. Com as novas adi\u00e7\u00f5es, o n\u00famero de categorias passou para 91, e inclui equipamentos como esterilizadores, equipamentos para intuba\u00e7\u00e3o e oxig\u00eanio medicinal.<\/p>\n<p>Com a nova norma, a Receita Federal busca manter um fluxo r\u00e1pido de abastecimento de bens, mercadorias e mat\u00e9rias-primas destinadas ao combate da epidemia, e evitar gargalos nos recintos aduaneiros ao agilizar a entrega da carga e permitir sua utiliza\u00e7\u00e3o econ\u00f4mica para refor\u00e7ar o combate ao v\u00edrus.<\/p>\n<p>&nbsp;<\/p>\n<p><strong>Fonte:\u00a0<\/strong>Ag\u00eancia Brasil<\/p>\n","protected":false},"excerpt":{"rendered":"<p>A Receita Federal ampliou o rol de produtos que ter\u00e3o seu despacho de importa\u00e7\u00e3o realizado de maneira priorit\u00e1ria para auxiliar no combate \u00e0 pandemia causada pelo novo coronav\u00edrus. A Instru\u00e7\u00e3o Normativa RFB n\u00ba 1.929, publicada nessa sexta-feira (27) no Di\u00e1rio Oficial da Uni\u00e3o, prev\u00ea o despacho priorit\u00e1rio para produtos como a cloroquina e seus derivados, [&hellip;]<\/p>\n","protected":false},"author":96,"featured_media":157502,"comment_status":"closed","ping_status":"closed","sticky":false,"template":"","format":"standard","meta":{"footnotes":""},"categories":[436,261,439],"tags":[],"class_list":["post-157501","post","type-post","status-publish","format-standard","has-post-thumbnail","hentry","category-destaque-da-semana","category-economia","category-ultima-hora"],"_links":{"self":[{"href":"https:\/\/diarioregionaldigital.com.br\/index.php?rest_route=\/wp\/v2\/posts\/157501","targetHints":{"allow":["GET"]}}],"collection":[{"href":"https:\/\/diarioregionaldigital.com.br\/index.php?rest_route=\/wp\/v2\/posts"}],"about":[{"href":"https:\/\/diarioregionaldigital.com.br\/index.php?rest_route=\/wp\/v2\/types\/post"}],"author":[{"embeddable":true,"href":"https:\/\/diarioregionaldigital.com.br\/index.php?rest_route=\/wp\/v2\/users\/96"}],"replies":[{"embeddable":true,"href":"https:\/\/diarioregionaldigital.com.br\/index.php?rest_route=%2Fwp%2Fv2%2Fcomments&post=157501"}],"version-history":[{"count":0,"href":"https:\/\/diarioregionaldigital.com.br\/index.php?rest_route=\/wp\/v2\/posts\/157501\/revisions"}],"wp:featuredmedia":[{"embeddable":true,"href":"https:\/\/diarioregionaldigital.com.br\/index.php?rest_route=\/wp\/v2\/media\/157502"}],"wp:attachment":[{"href":"https:\/\/diarioregionaldigital.com.br\/index.php?rest_route=%2Fwp%2Fv2%2Fmedia&parent=157501"}],"wp:term":[{"taxonomy":"category","embeddable":true,"href":"https:\/\/diarioregionaldigital.com.br\/index.php?rest_route=%2Fwp%2Fv2%2Fcategories&post=157501"},{"taxonomy":"post_tag","embeddable":true,"href":"https:\/\/diarioregionaldigital.com.br\/index.php?rest_route=%2Fwp%2Fv2%2Ftags&post=157501"}],"curies":[{"name":"wp","href":"https:\/\/api.w.org\/{rel}","templated":true}]}}