{"id":157499,"date":"2020-03-27T14:29:12","date_gmt":"2020-03-27T17:29:12","guid":{"rendered":"https:\/\/diarioregionaldigital.com.br\/?p=157499"},"modified":"2020-03-27T14:29:12","modified_gmt":"2020-03-27T17:29:12","slug":"minas-gerais-tem-189-pacientes-diagnosticados-com-coronavirus","status":"publish","type":"post","link":"https:\/\/diarioregionaldigital.com.br\/?p=157499","title":{"rendered":"Minas Gerais tem 189 pacientes diagnosticados com Coronav\u00edrus"},"content":{"rendered":"<p>O estado de Minas Gerais obteve aumento no n\u00famero de casos confirmados do Covid-19, segundo o \u00faltimo levantamento feito pela Secretaria de Estado da Sa\u00fade de Minas Gerais (SES-MG), o valor subiu para 189 confirmados. Dos 22.191 relatados, 21.961 s\u00e3o suspeitos e 311 foram descartados.<\/p>\n<p><span style=\"font-weight: 400;\">Os dados atualizados agora s\u00e3o: <\/span><b>Belo Horizonte (118)<\/b><span style=\"font-weight: 400;\">, <\/span><b>Betim (4)<\/b><span style=\"font-weight: 400;\">, Boa Esperan\u00e7a (1), Bom Despacho (1), Campos Altos (1), <\/span><b>Contagem (3)<\/b><span style=\"font-weight: 400;\">, Coronel Fabriciano (1), <\/span><b>Divin\u00f3polis (6)<\/b><span style=\"font-weight: 400;\">, <\/span><b>Governador Valadares (1)<\/b><span style=\"font-weight: 400;\">, Ipatinga (1), <\/span><b>Juiz de Fora (11)<\/b><span style=\"font-weight: 400;\">, <\/span><b>Lagoa da Prata (2)<\/b><span style=\"font-weight: 400;\">, Mariana (2), <\/span><b>Nova Lima (13)<\/b><span style=\"font-weight: 400;\">, Patroc\u00ednio (1), <\/span><b>Po\u00e7os de Caldas (1)<\/b><span style=\"font-weight: 400;\">, <\/span><b>Sabar\u00e1 (1), S\u00e3o Jo\u00e3o Del Rei (1)<\/b><span style=\"font-weight: 400;\">, Sete Lagoas (2), Tim\u00f3teo (1), Uberaba (3), <\/span><b>Uberl\u00e2ndia (7)<\/b><span style=\"font-weight: 400;\"> e outros munic\u00edpios em investiga\u00e7\u00e3o (5).<\/span><\/p>\n","protected":false},"excerpt":{"rendered":"<p>O estado de Minas Gerais obteve aumento no n\u00famero de casos confirmados do Covid-19, segundo o \u00faltimo levantamento feito pela Secretaria de Estado da Sa\u00fade de Minas Gerais (SES-MG), o valor subiu para 189 confirmados. Dos 22.191 relatados, 21.961 s\u00e3o suspeitos e 311 foram descartados. Os dados atualizados agora s\u00e3o: Belo Horizonte (118), Betim (4), [&hellip;]<\/p>\n","protected":false},"author":96,"featured_media":95105,"comment_status":"closed","ping_status":"closed","sticky":false,"template":"","format":"standard","meta":{"footnotes":""},"categories":[436,440,252,439],"tags":[],"class_list":["post-157499","post","type-post","status-publish","format-standard","has-post-thumbnail","hentry","category-destaque-da-semana","category-destaques-do-dia","category-regiao","category-ultima-hora"],"_links":{"self":[{"href":"https:\/\/diarioregionaldigital.com.br\/index.php?rest_route=\/wp\/v2\/posts\/157499","targetHints":{"allow":["GET"]}}],"collection":[{"href":"https:\/\/diarioregionaldigital.com.br\/index.php?rest_route=\/wp\/v2\/posts"}],"about":[{"href":"https:\/\/diarioregionaldigital.com.br\/index.php?rest_route=\/wp\/v2\/types\/post"}],"author":[{"embeddable":true,"href":"https:\/\/diarioregionaldigital.com.br\/index.php?rest_route=\/wp\/v2\/users\/96"}],"replies":[{"embeddable":true,"href":"https:\/\/diarioregionaldigital.com.br\/index.php?rest_route=%2Fwp%2Fv2%2Fcomments&post=157499"}],"version-history":[{"count":0,"href":"https:\/\/diarioregionaldigital.com.br\/index.php?rest_route=\/wp\/v2\/posts\/157499\/revisions"}],"wp:featuredmedia":[{"embeddable":true,"href":"https:\/\/diarioregionaldigital.com.br\/index.php?rest_route=\/wp\/v2\/media\/95105"}],"wp:attachment":[{"href":"https:\/\/diarioregionaldigital.com.br\/index.php?rest_route=%2Fwp%2Fv2%2Fmedia&parent=157499"}],"wp:term":[{"taxonomy":"category","embeddable":true,"href":"https:\/\/diarioregionaldigital.com.br\/index.php?rest_route=%2Fwp%2Fv2%2Fcategories&post=157499"},{"taxonomy":"post_tag","embeddable":true,"href":"https:\/\/diarioregionaldigital.com.br\/index.php?rest_route=%2Fwp%2Fv2%2Ftags&post=157499"}],"curies":[{"name":"wp","href":"https:\/\/api.w.org\/{rel}","templated":true}]}}