{"id":157494,"date":"2020-03-27T13:14:28","date_gmt":"2020-03-27T16:14:28","guid":{"rendered":"https:\/\/diarioregionaldigital.com.br\/?p=157494"},"modified":"2020-03-27T13:14:28","modified_gmt":"2020-03-27T16:14:28","slug":"primeiro-ministro-do-reino-unido-boris-johnson-esta-com-coronavirus","status":"publish","type":"post","link":"https:\/\/diarioregionaldigital.com.br\/?p=157494","title":{"rendered":"Primeiro-ministro do Reino Unido, Boris Johnson est\u00e1 com coronav\u00edrus"},"content":{"rendered":"<p>O primeiro-ministro da Gr\u00e3-Bretanha, Boris Johnson, est\u00e1 infectado com o novo coronav\u00edrus. A not\u00edcia foi divulgada pela BBC &#8211;\u00a0<em>British Broadcasting Corporation<\/em>\u00a0(Corpora\u00e7\u00e3o Brit\u00e2nica de Radiofus\u00e3o). Ela informa que o paciente apresenta sintomas ligeiros desde quarta-feira (25)\u00a0 e vai ficar em isolamento.<\/p>\n<p>&nbsp;<\/p>\n<p><strong>Fonte:\u00a0<\/strong>Ag\u00eancia Brasil<\/p>\n","protected":false},"excerpt":{"rendered":"<p>O primeiro-ministro da Gr\u00e3-Bretanha, Boris Johnson, est\u00e1 infectado com o novo coronav\u00edrus. A not\u00edcia foi divulgada pela BBC &#8211;\u00a0British Broadcasting Corporation\u00a0(Corpora\u00e7\u00e3o Brit\u00e2nica de Radiofus\u00e3o). Ela informa que o paciente apresenta sintomas ligeiros desde quarta-feira (25)\u00a0 e vai ficar em isolamento. &nbsp; Fonte:\u00a0Ag\u00eancia Brasil<\/p>\n","protected":false},"author":96,"featured_media":157495,"comment_status":"closed","ping_status":"closed","sticky":false,"template":"","format":"standard","meta":{"footnotes":""},"categories":[302,436,439],"tags":[],"class_list":["post-157494","post","type-post","status-publish","format-standard","has-post-thumbnail","hentry","category-brasil-mundo","category-destaque-da-semana","category-ultima-hora"],"_links":{"self":[{"href":"https:\/\/diarioregionaldigital.com.br\/index.php?rest_route=\/wp\/v2\/posts\/157494","targetHints":{"allow":["GET"]}}],"collection":[{"href":"https:\/\/diarioregionaldigital.com.br\/index.php?rest_route=\/wp\/v2\/posts"}],"about":[{"href":"https:\/\/diarioregionaldigital.com.br\/index.php?rest_route=\/wp\/v2\/types\/post"}],"author":[{"embeddable":true,"href":"https:\/\/diarioregionaldigital.com.br\/index.php?rest_route=\/wp\/v2\/users\/96"}],"replies":[{"embeddable":true,"href":"https:\/\/diarioregionaldigital.com.br\/index.php?rest_route=%2Fwp%2Fv2%2Fcomments&post=157494"}],"version-history":[{"count":0,"href":"https:\/\/diarioregionaldigital.com.br\/index.php?rest_route=\/wp\/v2\/posts\/157494\/revisions"}],"wp:featuredmedia":[{"embeddable":true,"href":"https:\/\/diarioregionaldigital.com.br\/index.php?rest_route=\/wp\/v2\/media\/157495"}],"wp:attachment":[{"href":"https:\/\/diarioregionaldigital.com.br\/index.php?rest_route=%2Fwp%2Fv2%2Fmedia&parent=157494"}],"wp:term":[{"taxonomy":"category","embeddable":true,"href":"https:\/\/diarioregionaldigital.com.br\/index.php?rest_route=%2Fwp%2Fv2%2Fcategories&post=157494"},{"taxonomy":"post_tag","embeddable":true,"href":"https:\/\/diarioregionaldigital.com.br\/index.php?rest_route=%2Fwp%2Fv2%2Ftags&post=157494"}],"curies":[{"name":"wp","href":"https:\/\/api.w.org\/{rel}","templated":true}]}}