{"id":157491,"date":"2020-03-27T13:11:47","date_gmt":"2020-03-27T16:11:47","guid":{"rendered":"https:\/\/diarioregionaldigital.com.br\/?p=157491"},"modified":"2020-03-27T13:11:47","modified_gmt":"2020-03-27T16:11:47","slug":"doacao-de-sangue-nao-pode-parar-com-pandemia-orienta-ministerio-da-saude","status":"publish","type":"post","link":"https:\/\/diarioregionaldigital.com.br\/?p=157491","title":{"rendered":"Doa\u00e7\u00e3o de sangue n\u00e3o pode parar com pandemia, orienta Minist\u00e9rio da Sa\u00fade"},"content":{"rendered":"<p>Diante da necessidade de manter os estoques e a rede abastecida de sangue, o Minist\u00e9rio da Sa\u00fade orienta \u00e0 popula\u00e7\u00e3o que as doa\u00e7\u00f5es de sangue devem continuar acontecendo neste momento em que o pa\u00eds registra casos e \u00f3bitos por coronav\u00edrus. Pessoas com anemias cr\u00f4nicas, acidentes que causam hemorragias, complica\u00e7\u00f5es decorrentes da dengue, febre amarela, tratamento de c\u00e2ncer e outras doen\u00e7as graves, continuam ocorrendo. Ou seja, o\u00a0consumo de sangue \u00e9 di\u00e1rio e cont\u00ednuo.<\/p>\n<p>A doa\u00e7\u00e3o de sangue \u00e9 segura, n\u00e3o havendo riscos para quem doa. Para receber os doadores, os cerca de 32 hemocentros no pa\u00eds, al\u00e9m de aproximadamente 500 servi\u00e7os de hemoterapia &#8211; onde tamb\u00e9m s\u00e3o feitas coletas e uso do sangue -, est\u00e3o preparados. Todas esses servi\u00e7os est\u00e3o disponibilizando condi\u00e7\u00f5es de lavagem de m\u00e3os, uso de antiss\u00e9pticos e acolhimento que minimizem a exposi\u00e7\u00e3o a aglomerado de pessoas. Cuidados com a higieniza\u00e7\u00e3o das \u00e1reas, instrumentos e superf\u00edcies tamb\u00e9m t\u00eam sido intensificados pelos hemocentros.<\/p>\n<p>\u201cEstamos incentivando o doador de sangue a sair de casa para realizar esse ato heroico, porque as cidades e transportes est\u00e3o mais vazios, tornando o acesso aos pontos de coleta de sangue mais seguro e confort\u00e1vel. A popula\u00e7\u00e3o brasileira \u00e9 reconhecida por sua postura solid\u00e1ria e certamente dar\u00e1 mais este bom exemplo ao mundo\u201d, destaca o coordenador de Sangue e Hemoderivados do Minist\u00e9rio da Sa\u00fade, Rodolfo Duarte Firmino.<\/p>\n<p>\u00c9 importante lembrar que n\u00e3o h\u00e1 um substituto para o sangue e a disponibilidade \u00e9 essencial em diversas situa\u00e7\u00f5es e em muitos casos determinante para o sucesso de um tratamento.<\/p>\n<p><strong>Monitoramento<\/strong><\/p>\n<p>O Minist\u00e9rio da Sa\u00fade est\u00e1 monitorando diariamente os estoques de sangues nos hemocentros dos estados. Cada unidade da federa\u00e7\u00e3o tem informado continuamente a quantidade de bolsas de sangue existentes na rede. A grande preocupa\u00e7\u00e3o \u00e9 com a necessidade mais imediata que s\u00e3o justamente dos estados com maior popula\u00e7\u00e3o e, portanto, com maior consumo de bolsas de sangue.<\/p>\n<p>Mesmo que nenhum estado tenha relatado falta de sangue at\u00e9 o momento, o estado de Santa Catarina, por exemplo, tem dependido de ajudas de outras unidades da federa\u00e7\u00e3o para tratamento de casos de febre amarela em humanos.<\/p>\n<p><strong>A\u00e7\u00e3o com o Facebook<\/strong><\/p>\n<p>Para tentar contornar a crise de abastecimento nos estoques de sangue, a partir desta semana, todos os Hemocentros Coordenadores do Brasil (aqueles que abastecem a rede p\u00fablica de sa\u00fade), passar\u00e3o a contar com a ferramenta de doa\u00e7\u00f5es de sangue do Facebook. Usando a ferramenta, os Hemocentros conseguem notificar pessoas pr\u00f3ximas que sejam cadastradas como doadoras de sangue no Facebook &#8211; hoje, j\u00e1 s\u00e3o cerca de 10 milh\u00f5es de doadores cadastrados no pa\u00eds.<\/p>\n<p>O objetivo desse trabalho conjunto do Minist\u00e9rio da Sa\u00fade com o Facebook \u00e9 colaborar para a manuten\u00e7\u00e3o est\u00e1vel dos estoques de sangue nos bancos, que \u00e9 um dos maiores desafios neste momento, segundo a Coordena\u00e7\u00e3o de Sangue e Hemoderivados do Minist\u00e9rio.<\/p>\n<p>&#8220;O que a ferramenta faz \u00e9 dar aos Hemocentros a possibilidade de recrutar volunt\u00e1rios para doa\u00e7\u00e3o de forma simplificada e constante, de acordo com a necessidade espec\u00edfica de cada um deles. Nossa inten\u00e7\u00e3o \u00e9 ajudar para que, de um lado, as pessoas sintam-se seguras para doar sangue, e, de outro, os bancos consigam se conectar a doadores pr\u00f3ximos e manter seus estoques est\u00e1veis,&#8221; explica Renata Gimenez, gerente de Parcerias para Impacto Social do Facebook.<\/p>\n<p>Para cadastrar-se como doador de sangue no Facebook, basta acessar o endere\u00e7o\u00a0facebook.com\/doesangue.<\/p>\n<p>Usando seu dispositivo m\u00f3vel tamb\u00e9m \u00e9 poss\u00edvel acessar o menu do Facebook e ent\u00e3o clicar em &#8220;Doa\u00e7\u00f5es de Sangue&#8221;.<\/p>\n<p><strong>Quem pode doar sangue<\/strong><\/p>\n<p>No Brasil, pessoas entre 16 e 69 anos podem doar sangue. Para os menores de 18 anos \u00e9 necess\u00e1rio o consentimento dos respons\u00e1veis e, entre 60 e 69 anos, a pessoa s\u00f3 poder\u00e1 doar se j\u00e1 o tiver feito antes dos 60 anos.<\/p>\n<p>Al\u00e9m disso, \u00e9 preciso pesar, no m\u00ednimo, 50 quilos e estar em bom estado de sa\u00fade. O candidato deve estar descansado, n\u00e3o ter ingerido bebidas alco\u00f3licas nas 12 horas anteriores \u00e0 doa\u00e7\u00e3o e n\u00e3o estar de jejum. No dia, \u00e9 imprescind\u00edvel levar documento de identidade com foto.<\/p>\n<p>Em rela\u00e7\u00e3o \u00e0 Covid-19, s\u00e3o considerados doadores inaptos para a doa\u00e7\u00e3o de sangue por um per\u00edodo de 30 dias aqueles que apresentarem sintomas respirat\u00f3rios e febre ou se tiverem tido contato, h\u00e1 menos de 30 dias, com casos suspeitos ou confirmados de COVID-19.<\/p>\n<p>Quem doa sangue, doa uma nova oportunidade de vida. Procure o hemocentro mais pr\u00f3ximo e seja um doador regular independente de quem estiver precisando. Uma doa\u00e7\u00e3o pode salvar at\u00e9 quatro vidas.<\/p>\n<p>&nbsp;<\/p>\n<p><strong>Fonte:\u00a0<\/strong>Assessoria<\/p>\n","protected":false},"excerpt":{"rendered":"<p>Diante da necessidade de manter os estoques e a rede abastecida de sangue, o Minist\u00e9rio da Sa\u00fade orienta \u00e0 popula\u00e7\u00e3o que as doa\u00e7\u00f5es de sangue devem continuar acontecendo neste momento em que o pa\u00eds registra casos e \u00f3bitos por coronav\u00edrus. Pessoas com anemias cr\u00f4nicas, acidentes que causam hemorragias, complica\u00e7\u00f5es decorrentes da dengue, febre amarela, tratamento [&hellip;]<\/p>\n","protected":false},"author":96,"featured_media":157492,"comment_status":"closed","ping_status":"closed","sticky":false,"template":"","format":"standard","meta":{"footnotes":""},"categories":[436,440,254,439],"tags":[],"class_list":["post-157491","post","type-post","status-publish","format-standard","has-post-thumbnail","hentry","category-destaque-da-semana","category-destaques-do-dia","category-politica","category-ultima-hora"],"_links":{"self":[{"href":"https:\/\/diarioregionaldigital.com.br\/index.php?rest_route=\/wp\/v2\/posts\/157491","targetHints":{"allow":["GET"]}}],"collection":[{"href":"https:\/\/diarioregionaldigital.com.br\/index.php?rest_route=\/wp\/v2\/posts"}],"about":[{"href":"https:\/\/diarioregionaldigital.com.br\/index.php?rest_route=\/wp\/v2\/types\/post"}],"author":[{"embeddable":true,"href":"https:\/\/diarioregionaldigital.com.br\/index.php?rest_route=\/wp\/v2\/users\/96"}],"replies":[{"embeddable":true,"href":"https:\/\/diarioregionaldigital.com.br\/index.php?rest_route=%2Fwp%2Fv2%2Fcomments&post=157491"}],"version-history":[{"count":0,"href":"https:\/\/diarioregionaldigital.com.br\/index.php?rest_route=\/wp\/v2\/posts\/157491\/revisions"}],"wp:featuredmedia":[{"embeddable":true,"href":"https:\/\/diarioregionaldigital.com.br\/index.php?rest_route=\/wp\/v2\/media\/157492"}],"wp:attachment":[{"href":"https:\/\/diarioregionaldigital.com.br\/index.php?rest_route=%2Fwp%2Fv2%2Fmedia&parent=157491"}],"wp:term":[{"taxonomy":"category","embeddable":true,"href":"https:\/\/diarioregionaldigital.com.br\/index.php?rest_route=%2Fwp%2Fv2%2Fcategories&post=157491"},{"taxonomy":"post_tag","embeddable":true,"href":"https:\/\/diarioregionaldigital.com.br\/index.php?rest_route=%2Fwp%2Fv2%2Ftags&post=157491"}],"curies":[{"name":"wp","href":"https:\/\/api.w.org\/{rel}","templated":true}]}}