{"id":157486,"date":"2020-03-27T12:34:27","date_gmt":"2020-03-27T15:34:27","guid":{"rendered":"https:\/\/diarioregionaldigital.com.br\/?p=157486"},"modified":"2020-03-27T12:35:51","modified_gmt":"2020-03-27T15:35:51","slug":"boletim-confirma-11-casos-de-coronavirus-em-juiz-de-fora","status":"publish","type":"post","link":"https:\/\/diarioregionaldigital.com.br\/?p=157486","title":{"rendered":"Boletim confirma 11 casos de Coronav\u00edrus em Juiz de Fora"},"content":{"rendered":"<p>A Secretaria de Estado de Sa\u00fade de Minas Gerais (SES-MG), publicou nesta sexta-feira (27) o novo boletim epidemiol\u00f3gico ao Coronav\u00edrus. Segundo os dados atualizados, Juiz de Fora apresentou aumento no n\u00famero de casos, de 8 subiu para 11. Quanto aos outros levantamentos, o n\u00famero de suspeitos subiu de forma consider\u00e1vel, de 138 subiu para 254. At\u00e9 o momento n\u00e3o houve nenhum \u00f3bito confirmado.<\/p>\n","protected":false},"excerpt":{"rendered":"<p>A Secretaria de Estado de Sa\u00fade de Minas Gerais (SES-MG), publicou nesta sexta-feira (27) o novo boletim epidemiol\u00f3gico ao Coronav\u00edrus. Segundo os dados atualizados, Juiz de Fora apresentou aumento no n\u00famero de casos, de 8 subiu para 11. Quanto aos outros levantamentos, o n\u00famero de suspeitos subiu de forma consider\u00e1vel, de 138 subiu para 254. [&hellip;]<\/p>\n","protected":false},"author":96,"featured_media":157069,"comment_status":"closed","ping_status":"closed","sticky":false,"template":"","format":"standard","meta":{"footnotes":""},"categories":[253,436,440,439],"tags":[],"class_list":["post-157486","post","type-post","status-publish","format-standard","has-post-thumbnail","hentry","category-cidade","category-destaque-da-semana","category-destaques-do-dia","category-ultima-hora"],"_links":{"self":[{"href":"https:\/\/diarioregionaldigital.com.br\/index.php?rest_route=\/wp\/v2\/posts\/157486","targetHints":{"allow":["GET"]}}],"collection":[{"href":"https:\/\/diarioregionaldigital.com.br\/index.php?rest_route=\/wp\/v2\/posts"}],"about":[{"href":"https:\/\/diarioregionaldigital.com.br\/index.php?rest_route=\/wp\/v2\/types\/post"}],"author":[{"embeddable":true,"href":"https:\/\/diarioregionaldigital.com.br\/index.php?rest_route=\/wp\/v2\/users\/96"}],"replies":[{"embeddable":true,"href":"https:\/\/diarioregionaldigital.com.br\/index.php?rest_route=%2Fwp%2Fv2%2Fcomments&post=157486"}],"version-history":[{"count":0,"href":"https:\/\/diarioregionaldigital.com.br\/index.php?rest_route=\/wp\/v2\/posts\/157486\/revisions"}],"wp:featuredmedia":[{"embeddable":true,"href":"https:\/\/diarioregionaldigital.com.br\/index.php?rest_route=\/wp\/v2\/media\/157069"}],"wp:attachment":[{"href":"https:\/\/diarioregionaldigital.com.br\/index.php?rest_route=%2Fwp%2Fv2%2Fmedia&parent=157486"}],"wp:term":[{"taxonomy":"category","embeddable":true,"href":"https:\/\/diarioregionaldigital.com.br\/index.php?rest_route=%2Fwp%2Fv2%2Fcategories&post=157486"},{"taxonomy":"post_tag","embeddable":true,"href":"https:\/\/diarioregionaldigital.com.br\/index.php?rest_route=%2Fwp%2Fv2%2Ftags&post=157486"}],"curies":[{"name":"wp","href":"https:\/\/api.w.org\/{rel}","templated":true}]}}