{"id":157481,"date":"2020-03-27T06:00:42","date_gmt":"2020-03-27T09:00:42","guid":{"rendered":"https:\/\/diarioregionaldigital.com.br\/?p=157481"},"modified":"2020-03-27T00:04:36","modified_gmt":"2020-03-27T03:04:36","slug":"prefeitura-municipal-de-descoberto-extrato-de-dispensa-27-03-2020","status":"publish","type":"post","link":"https:\/\/diarioregionaldigital.com.br\/?p=157481","title":{"rendered":"Prefeitura Municipal de Descoberto &#8211; Extrato de Dispensa &#8211; 27\/03\/2020"},"content":{"rendered":"<p style=\"text-align: center;\"><strong>EXTRATO DE DISPENSA<\/strong><\/p>\n<p style=\"text-align: center;\">Pref. Municipal de Descoberto x Cons\u00f3rcio Intermunicipal de Especialidades &#8211; CIESP &#8211; Objeto: Eficientiza\u00e7\u00e3o, opera\u00e7\u00e3o e manuten\u00e7\u00e3o da ilumina\u00e7\u00e3o p\u00fablica e da infraestrutura de telecomunica\u00e7\u00f5es atrav\u00e9s da implanta\u00e7\u00e3o do projeto Cidades Inteligentes e Humanas &#8211; Fundamento: Dispensa 001\/2020 \u2013 Valor Global\/Vig\u00eancia: R$ 18.554,36 mensais sem receita acess\u00f3ria, com altera\u00e7\u00e3o para R$12.049,70 com receita acess\u00f3ria, conforme plano de neg\u00f3cio de refer\u00eancia por um per\u00edodo de 300 meses \u2013 Dot or\u00e7: 02.02006.25.752.0010.221-339030\/100 &#8211; Ass: 13\/03\/2020 &#8211; Foro: S\u00e3o Jo\u00e3o Nepomuceno\/MG.<\/p>\n<p style=\"text-align: center;\"><strong>Marcos de Ara\u00fajo Lima<\/strong><\/p>\n<p style=\"text-align: center;\"><strong>Prefeito Municipal<\/strong><\/p>\n","protected":false},"excerpt":{"rendered":"<p>EXTRATO DE DISPENSA Pref. Municipal de Descoberto x Cons\u00f3rcio Intermunicipal de Especialidades &#8211; CIESP &#8211; Objeto: Eficientiza\u00e7\u00e3o, opera\u00e7\u00e3o e manuten\u00e7\u00e3o da ilumina\u00e7\u00e3o p\u00fablica e da infraestrutura de telecomunica\u00e7\u00f5es atrav\u00e9s da implanta\u00e7\u00e3o do projeto Cidades Inteligentes e Humanas &#8211; Fundamento: Dispensa 001\/2020 \u2013 Valor Global\/Vig\u00eancia: R$ 18.554,36 mensais sem receita acess\u00f3ria, com altera\u00e7\u00e3o para R$12.049,70 com [&hellip;]<\/p>\n","protected":false},"author":96,"featured_media":0,"comment_status":"closed","ping_status":"closed","sticky":false,"template":"","format":"standard","meta":{"footnotes":""},"categories":[307],"tags":[],"class_list":["post-157481","post","type-post","status-publish","format-standard","hentry","category-editais"],"_links":{"self":[{"href":"https:\/\/diarioregionaldigital.com.br\/index.php?rest_route=\/wp\/v2\/posts\/157481","targetHints":{"allow":["GET"]}}],"collection":[{"href":"https:\/\/diarioregionaldigital.com.br\/index.php?rest_route=\/wp\/v2\/posts"}],"about":[{"href":"https:\/\/diarioregionaldigital.com.br\/index.php?rest_route=\/wp\/v2\/types\/post"}],"author":[{"embeddable":true,"href":"https:\/\/diarioregionaldigital.com.br\/index.php?rest_route=\/wp\/v2\/users\/96"}],"replies":[{"embeddable":true,"href":"https:\/\/diarioregionaldigital.com.br\/index.php?rest_route=%2Fwp%2Fv2%2Fcomments&post=157481"}],"version-history":[{"count":0,"href":"https:\/\/diarioregionaldigital.com.br\/index.php?rest_route=\/wp\/v2\/posts\/157481\/revisions"}],"wp:attachment":[{"href":"https:\/\/diarioregionaldigital.com.br\/index.php?rest_route=%2Fwp%2Fv2%2Fmedia&parent=157481"}],"wp:term":[{"taxonomy":"category","embeddable":true,"href":"https:\/\/diarioregionaldigital.com.br\/index.php?rest_route=%2Fwp%2Fv2%2Fcategories&post=157481"},{"taxonomy":"post_tag","embeddable":true,"href":"https:\/\/diarioregionaldigital.com.br\/index.php?rest_route=%2Fwp%2Fv2%2Ftags&post=157481"}],"curies":[{"name":"wp","href":"https:\/\/api.w.org\/{rel}","templated":true}]}}