{"id":157475,"date":"2020-03-27T06:00:50","date_gmt":"2020-03-27T09:00:50","guid":{"rendered":"https:\/\/diarioregionaldigital.com.br\/?p=157475"},"modified":"2020-03-27T00:01:08","modified_gmt":"2020-03-27T03:01:08","slug":"gole-da-moda","status":"publish","type":"post","link":"https:\/\/diarioregionaldigital.com.br\/?p=157475","title":{"rendered":"Gole da Moda"},"content":{"rendered":"<p style=\"text-align: center;\"><strong>T\u00f3quio-2020<\/strong><\/p>\n<p style=\"text-align: center;\">Caso o surto de Coronav\u00edrus n\u00e3o seja controlado dentro dos pr\u00f3ximo meses at\u00e9 a abertura da olimp\u00edada, algumas medidas poderiam se tomadas para garantir a seguran\u00e7a de p\u00fablico. Algumas, por\u00e9m parecem muito longe de serem fact\u00edveis. A perspectiva de cancelamento parece quase impens\u00e1vel, mas caso o v\u00edrus avance vai ter que cancelar. Foi cancelada em boa hora.<\/p>\n<p style=\"text-align: center;\"><strong>Reclama\u00e7\u00f5es<\/strong><\/p>\n<p style=\"text-align: center;\">O mercado de seguros \u2013que arrecadou cerca de R$248 bilh\u00f5es, excluindo o segmento de sa\u00fade, em 2019 \u2013 j\u00e1 tem pela 1\u00aavez um ranking de reclama\u00e7\u00f5es. O \u00edndice, que foi divulgado no site da Superintend\u00eancia de Seguros Privados (Susep), \u00e9 resultado de uma pondera\u00e7\u00e3o entre o n\u00famero de queixas feitas pelos consumidores ao \u00f3rg\u00e3o regulador e a participa\u00e7\u00e3o de mercado das empresas.<\/p>\n<p style=\"text-align: center;\"><strong>Saneamento<\/strong><\/p>\n<p style=\"text-align: center;\">O mapa do saneamento no Brasil reflete e aprofunda a desigualdade do pa\u00eds. Dados do Instituto Trata Brasil mostram que trabalhadores que vivem em \u00e1reas sem acesso aos servi\u00e7os b\u00e1sicos t\u00eam sal\u00e1rios m\u00e9dios menores do que os que vivem em \u00e1reas com atendimento. A divis\u00e3o entre brasileiros que contam ou n\u00e3o com servi\u00e7os b\u00e1sico como \u00e1gua esgoto, coleta de lixo e drenagem reflete disparidades, regionais de sal\u00e1rios e at\u00e9 nas notas do Enem.<\/p>\n<p style=\"text-align: center;\"><strong>Gole da Moda<\/strong><\/p>\n<p style=\"text-align: center;\">Se n\u00e3o pode sair de casa neste per\u00edodo de Coronav\u00edrus o jeito \u00e9 inventar e seguir imitando. Modinha do ver\u00e3o europeu a mistura de \u00e1gua com g\u00e1s, \u00e1lcool e suco de frutas, batizada de hard seltzer j\u00e1 est\u00e1 por aqui. A cervejaria Three Monkeys Beer lan\u00e7ou a linha Hintz, com quatro sabores: fresch (melancia, gengibre e lim\u00e3o, berries (morango, amora e framboesa), tropical (abacaxi, maracuj\u00e1 e coco) e citrus (grapefruit lim\u00e3o e tangerina). Todos levinhas e para serem tomadas gelad\u00edssimas.<\/p>\n<p style=\"text-align: center;\"><span style=\"font-size: 14pt;\"><strong>Para Refletir<\/strong><\/span><\/p>\n<p style=\"text-align: center;\">\u201cA verdadeira alegria n\u00e3o \u00e9 aquela que seu rosto mostra, mas sim o que vive no seu cora\u00e7\u00e3o e faz voc\u00ea contagiar todo mundo a sua volta, mesmo em tempo de afastamento social\u201d.<\/p>\n<div id=\"attachment_157463\" style=\"width: 690px\" class=\"wp-caption aligncenter\"><img loading=\"lazy\" decoding=\"async\" aria-describedby=\"caption-attachment-157463\" class=\"wp-image-157463\" src=\"https:\/\/diarioregionaldigital.com.br\/wp-content\/uploads\/2020\/03\/fotoa-e1585274106888.jpg\" alt=\"\" width=\"680\" height=\"479\" srcset=\"https:\/\/diarioregionaldigital.com.br\/wp-content\/uploads\/2020\/03\/fotoa-e1585274106888.jpg 1782w, https:\/\/diarioregionaldigital.com.br\/wp-content\/uploads\/2020\/03\/fotoa-e1585274106888-300x210.jpg 300w, https:\/\/diarioregionaldigital.com.br\/wp-content\/uploads\/2020\/03\/fotoa-e1585274106888-768x541.jpg 768w, https:\/\/diarioregionaldigital.com.br\/wp-content\/uploads\/2020\/03\/fotoa-e1585274106888-1024x722.jpg 1024w, https:\/\/diarioregionaldigital.com.br\/wp-content\/uploads\/2020\/03\/fotoa-e1585274106888-360x254.jpg 360w, https:\/\/diarioregionaldigital.com.br\/wp-content\/uploads\/2020\/03\/fotoa-e1585274106888-100x70.jpg 100w\" sizes=\"auto, (max-width: 680px) 100vw, 680px\" \/><p id=\"caption-attachment-157463\" class=\"wp-caption-text\">A elegante Cristina Carvalho Petrocello trazendo a beleza das flores de Grimand para esta sexta- feira<\/p><\/div>\n<div id=\"attachment_157464\" style=\"width: 690px\" class=\"wp-caption aligncenter\"><img loading=\"lazy\" decoding=\"async\" aria-describedby=\"caption-attachment-157464\" class=\"wp-image-157464\" src=\"https:\/\/diarioregionaldigital.com.br\/wp-content\/uploads\/2020\/03\/fotob-e1585274150781.jpg\" alt=\"\" width=\"680\" height=\"590\" srcset=\"https:\/\/diarioregionaldigital.com.br\/wp-content\/uploads\/2020\/03\/fotob-e1585274150781.jpg 1774w, https:\/\/diarioregionaldigital.com.br\/wp-content\/uploads\/2020\/03\/fotob-e1585274150781-300x260.jpg 300w, https:\/\/diarioregionaldigital.com.br\/wp-content\/uploads\/2020\/03\/fotob-e1585274150781-768x666.jpg 768w, https:\/\/diarioregionaldigital.com.br\/wp-content\/uploads\/2020\/03\/fotob-e1585274150781-1024x888.jpg 1024w, https:\/\/diarioregionaldigital.com.br\/wp-content\/uploads\/2020\/03\/fotob-e1585274150781-360x312.jpg 360w\" sizes=\"auto, (max-width: 680px) 100vw, 680px\" \/><p id=\"caption-attachment-157464\" class=\"wp-caption-text\">Luis Carlos Pavam, em ritmo carioca de arte e cultura, mostra perfil evolu\u00eddo<\/p><\/div>\n<div id=\"attachment_157465\" style=\"width: 690px\" class=\"wp-caption aligncenter\"><img loading=\"lazy\" decoding=\"async\" aria-describedby=\"caption-attachment-157465\" class=\"wp-image-157465\" src=\"https:\/\/diarioregionaldigital.com.br\/wp-content\/uploads\/2020\/03\/fotoc-e1585274200690.jpg\" alt=\"\" width=\"680\" height=\"535\" srcset=\"https:\/\/diarioregionaldigital.com.br\/wp-content\/uploads\/2020\/03\/fotoc-e1585274200690.jpg 1745w, https:\/\/diarioregionaldigital.com.br\/wp-content\/uploads\/2020\/03\/fotoc-e1585274200690-300x236.jpg 300w, https:\/\/diarioregionaldigital.com.br\/wp-content\/uploads\/2020\/03\/fotoc-e1585274200690-768x604.jpg 768w, https:\/\/diarioregionaldigital.com.br\/wp-content\/uploads\/2020\/03\/fotoc-e1585274200690-1024x806.jpg 1024w, https:\/\/diarioregionaldigital.com.br\/wp-content\/uploads\/2020\/03\/fotoc-e1585274200690-360x283.jpg 360w\" sizes=\"auto, (max-width: 680px) 100vw, 680px\" \/><p id=\"caption-attachment-157465\" class=\"wp-caption-text\">Cl\u00e1udia Nunes faz isolamento social em seu ap\u00ea e cria esperan\u00e7a de dias melhores<\/p><\/div>\n<div id=\"attachment_157466\" style=\"width: 690px\" class=\"wp-caption aligncenter\"><img loading=\"lazy\" decoding=\"async\" aria-describedby=\"caption-attachment-157466\" class=\"wp-image-157466\" src=\"https:\/\/diarioregionaldigital.com.br\/wp-content\/uploads\/2020\/03\/fotod.jpg\" alt=\"\" width=\"680\" height=\"444\" srcset=\"https:\/\/diarioregionaldigital.com.br\/wp-content\/uploads\/2020\/03\/fotod.jpg 2880w, https:\/\/diarioregionaldigital.com.br\/wp-content\/uploads\/2020\/03\/fotod-300x196.jpg 300w, https:\/\/diarioregionaldigital.com.br\/wp-content\/uploads\/2020\/03\/fotod-768x501.jpg 768w, https:\/\/diarioregionaldigital.com.br\/wp-content\/uploads\/2020\/03\/fotod-1024x668.jpg 1024w, https:\/\/diarioregionaldigital.com.br\/wp-content\/uploads\/2020\/03\/fotod-360x235.jpg 360w\" sizes=\"auto, (max-width: 680px) 100vw, 680px\" \/><p id=\"caption-attachment-157466\" class=\"wp-caption-text\">No Unique na festa de 60 anos da loja Z\u00e9 Kodak, Sandra Cristina e Nelson J\u00fanior com Jos\u00e9 Eduardo e Regina<\/p><\/div>\n<div id=\"attachment_157467\" style=\"width: 690px\" class=\"wp-caption aligncenter\"><img loading=\"lazy\" decoding=\"async\" aria-describedby=\"caption-attachment-157467\" class=\"wp-image-157467\" src=\"https:\/\/diarioregionaldigital.com.br\/wp-content\/uploads\/2020\/03\/fotoe.jpg\" alt=\"\" width=\"680\" height=\"431\" srcset=\"https:\/\/diarioregionaldigital.com.br\/wp-content\/uploads\/2020\/03\/fotoe.jpg 2944w, https:\/\/diarioregionaldigital.com.br\/wp-content\/uploads\/2020\/03\/fotoe-300x190.jpg 300w, https:\/\/diarioregionaldigital.com.br\/wp-content\/uploads\/2020\/03\/fotoe-768x486.jpg 768w, https:\/\/diarioregionaldigital.com.br\/wp-content\/uploads\/2020\/03\/fotoe-1024x648.jpg 1024w, https:\/\/diarioregionaldigital.com.br\/wp-content\/uploads\/2020\/03\/fotoe-360x228.jpg 360w, https:\/\/diarioregionaldigital.com.br\/wp-content\/uploads\/2020\/03\/fotoe-490x310.jpg 490w\" sizes=\"auto, (max-width: 680px) 100vw, 680px\" \/><p id=\"caption-attachment-157467\" class=\"wp-caption-text\">Explodindo cora\u00e7\u00e3o no Unique, os Ferreira: Regininha, Carlos Alberto e Ivanir<\/p><\/div>\n<div id=\"attachment_157468\" style=\"width: 690px\" class=\"wp-caption aligncenter\"><img loading=\"lazy\" decoding=\"async\" aria-describedby=\"caption-attachment-157468\" class=\"wp-image-157468\" src=\"https:\/\/diarioregionaldigital.com.br\/wp-content\/uploads\/2020\/03\/fotof-e1585274255984.jpg\" alt=\"\" width=\"680\" height=\"521\" srcset=\"https:\/\/diarioregionaldigital.com.br\/wp-content\/uploads\/2020\/03\/fotof-e1585274255984.jpg 1780w, https:\/\/diarioregionaldigital.com.br\/wp-content\/uploads\/2020\/03\/fotof-e1585274255984-300x230.jpg 300w, https:\/\/diarioregionaldigital.com.br\/wp-content\/uploads\/2020\/03\/fotof-e1585274255984-768x589.jpg 768w, https:\/\/diarioregionaldigital.com.br\/wp-content\/uploads\/2020\/03\/fotof-e1585274255984-1024x785.jpg 1024w, https:\/\/diarioregionaldigital.com.br\/wp-content\/uploads\/2020\/03\/fotof-e1585274255984-360x276.jpg 360w\" sizes=\"auto, (max-width: 680px) 100vw, 680px\" \/><p id=\"caption-attachment-157468\" class=\"wp-caption-text\">Fazendo sucesso com sua Franburgueria, em Santa Terezinha, o empres\u00e1rio Silas Andrade<\/p><\/div>\n<div id=\"attachment_157469\" style=\"width: 690px\" class=\"wp-caption aligncenter\"><img loading=\"lazy\" decoding=\"async\" aria-describedby=\"caption-attachment-157469\" class=\"wp-image-157469\" src=\"https:\/\/diarioregionaldigital.com.br\/wp-content\/uploads\/2020\/03\/fotog-e1585274376923.jpg\" alt=\"\" width=\"680\" height=\"482\" srcset=\"https:\/\/diarioregionaldigital.com.br\/wp-content\/uploads\/2020\/03\/fotog-e1585274376923.jpg 1804w, https:\/\/diarioregionaldigital.com.br\/wp-content\/uploads\/2020\/03\/fotog-e1585274376923-300x213.jpg 300w, https:\/\/diarioregionaldigital.com.br\/wp-content\/uploads\/2020\/03\/fotog-e1585274376923-768x544.jpg 768w, https:\/\/diarioregionaldigital.com.br\/wp-content\/uploads\/2020\/03\/fotog-e1585274376923-1024x725.jpg 1024w, https:\/\/diarioregionaldigital.com.br\/wp-content\/uploads\/2020\/03\/fotog-e1585274376923-750x530.jpg 750w, https:\/\/diarioregionaldigital.com.br\/wp-content\/uploads\/2020\/03\/fotog-e1585274376923-360x255.jpg 360w, https:\/\/diarioregionaldigital.com.br\/wp-content\/uploads\/2020\/03\/fotog-e1585274376923-100x70.jpg 100w\" sizes=\"auto, (max-width: 680px) 100vw, 680px\" \/><p id=\"caption-attachment-157469\" class=\"wp-caption-text\">Orne\u00eddes Lima arrasou quando passou pelo Coqueiro Parc Hotel (RJ)<\/p><\/div>\n<div id=\"attachment_157470\" style=\"width: 690px\" class=\"wp-caption aligncenter\"><img loading=\"lazy\" decoding=\"async\" aria-describedby=\"caption-attachment-157470\" class=\"wp-image-157470\" src=\"https:\/\/diarioregionaldigital.com.br\/wp-content\/uploads\/2020\/03\/fotoh.jpg\" alt=\"\" width=\"680\" height=\"441\" srcset=\"https:\/\/diarioregionaldigital.com.br\/wp-content\/uploads\/2020\/03\/fotoh.jpg 2752w, https:\/\/diarioregionaldigital.com.br\/wp-content\/uploads\/2020\/03\/fotoh-300x194.jpg 300w, https:\/\/diarioregionaldigital.com.br\/wp-content\/uploads\/2020\/03\/fotoh-768x498.jpg 768w, https:\/\/diarioregionaldigital.com.br\/wp-content\/uploads\/2020\/03\/fotoh-1024x664.jpg 1024w, https:\/\/diarioregionaldigital.com.br\/wp-content\/uploads\/2020\/03\/fotoh-360x233.jpg 360w\" sizes=\"auto, (max-width: 680px) 100vw, 680px\" \/><p id=\"caption-attachment-157470\" class=\"wp-caption-text\">Amigos queridos no ano passado no MHall: Fl\u00e1via Arag\u00e3o Platz, Enzo e seu pai Ronald Platz<\/p><\/div>\n<div id=\"attachment_157462\" style=\"width: 690px\" class=\"wp-caption aligncenter\"><img loading=\"lazy\" decoding=\"async\" aria-describedby=\"caption-attachment-157462\" class=\"wp-image-157462\" src=\"https:\/\/diarioregionaldigital.com.br\/wp-content\/uploads\/2020\/03\/fotoj.jpg\" alt=\"\" width=\"680\" height=\"447\" srcset=\"https:\/\/diarioregionaldigital.com.br\/wp-content\/uploads\/2020\/03\/fotoj.jpg 2784w, https:\/\/diarioregionaldigital.com.br\/wp-content\/uploads\/2020\/03\/fotoj-300x197.jpg 300w, https:\/\/diarioregionaldigital.com.br\/wp-content\/uploads\/2020\/03\/fotoj-768x505.jpg 768w, https:\/\/diarioregionaldigital.com.br\/wp-content\/uploads\/2020\/03\/fotoj-1024x673.jpg 1024w, https:\/\/diarioregionaldigital.com.br\/wp-content\/uploads\/2020\/03\/fotoj-360x237.jpg 360w\" sizes=\"auto, (max-width: 680px) 100vw, 680px\" \/><p id=\"caption-attachment-157462\" class=\"wp-caption-text\">Amigos deste colunista reunidos no Bom Clima, M\u00f4nica, M\u00e1rcia, Simone, S\u00f4nia, Glauco, Margarida, Guendalina, Rosely, Rita e Talison, antes do isolamento social<\/p><\/div>\n<div id=\"attachment_157471\" style=\"width: 690px\" class=\"wp-caption aligncenter\"><img loading=\"lazy\" decoding=\"async\" aria-describedby=\"caption-attachment-157471\" class=\"wp-image-157471\" src=\"https:\/\/diarioregionaldigital.com.br\/wp-content\/uploads\/2020\/03\/fotoi.jpg\" alt=\"\" width=\"680\" height=\"441\" srcset=\"https:\/\/diarioregionaldigital.com.br\/wp-content\/uploads\/2020\/03\/fotoi.jpg 2800w, https:\/\/diarioregionaldigital.com.br\/wp-content\/uploads\/2020\/03\/fotoi-300x195.jpg 300w, https:\/\/diarioregionaldigital.com.br\/wp-content\/uploads\/2020\/03\/fotoi-768x498.jpg 768w, https:\/\/diarioregionaldigital.com.br\/wp-content\/uploads\/2020\/03\/fotoi-1024x664.jpg 1024w, https:\/\/diarioregionaldigital.com.br\/wp-content\/uploads\/2020\/03\/fotoi-360x233.jpg 360w\" sizes=\"auto, (max-width: 680px) 100vw, 680px\" \/><p id=\"caption-attachment-157471\" class=\"wp-caption-text\">Na Assunta, amigas reunidas antes da quarentena Let\u00edcia Fortini, M\u00f4nica Gomide Guimar\u00e3es, Andrea Picorelli, Wanda Magnolo, Heliana Aglio, Silvana Paiva Pinto, Cida Gomes, Elaine Quaresma<\/p><\/div>\n<p style=\"text-align: center;\"><strong>FOTOSS\u00cdNTESE<\/strong><\/p>\n<p>Com crise p\u00f3s-pandemia, representantes de com\u00e9rcio, servi\u00e7o e ind\u00fastria reivindicam medidas econ\u00f4micas para garantir sobreviv\u00eancia das empresas e manuten\u00e7\u00e3o dos postos de trabalho. Portanto, est\u00e3o cobrando ajuda fiscal do Munic\u00edpio.<\/p>\n<p>Em hora prop\u00edcia, a Funalfa lan\u00e7ou projeto para divulgar a arte de Juiz de Fora e faz sucesso com o #Viraliza Cultura.<\/p>\n<p>Aten\u00e7\u00e3o: n\u00e3o adianta insistir, os abrigos de idosos est\u00e3o fechados para visita\u00e7\u00e3o em ritmo de quarentena. As doa\u00e7\u00f5es para o Abrigo Santa Helena devem ser entregues na portaria.<\/p>\n<p>Ap\u00f3s decreto o Parque Halfeld foi fechado por tempo indeterminado. A medida foi tomada como preven\u00e7\u00e3o ao Coronav\u00edrus, para evitar aglomera\u00e7\u00e3o de pessoas, sobretudo de idosos, no espa\u00e7o p\u00fablico. Palmas para o prefeito Ant\u00f4nio Almas.<\/p>\n<p>Dica: para quem gostar de malhar e dizer \u201cpor hoje t\u00e1 pago\u201d, especialistas orientam que pessoas se exercitem em ritmo leve ou moderado. A intensidade do exerc\u00edcio pode influenciar na imunidade corporal.<\/p>\n<p>De rara beleza os trabalhos em p\u00e1tina do artista pl\u00e1stico Ricardo Barcellos. M\u00f3veis antigos ganham brilho e eleg\u00e2ncia para ambientes r\u00fasticos com toques de plantas verdes by Ivair de Oliveira.<\/p>\n<p>Digno de aplausos, o livro do jornalista Wendel Guiduci \u201cCurto&amp;osso\u201d, mostra o autor em momento singular. Li e gostei. Recomendo.<\/p>\n<p>Estou esperando a quarentena passar para abra\u00e7ar todos meus amigos e familiares queridos. S\u00e3o muitos de norte, sul, leste, oeste.<\/p>\n<p>Para crer: \u201cAquele que salva uma vida, salva o mundo inteiro\u201d (A Lista de Schindler).<\/p>\n<p><img loading=\"lazy\" decoding=\"async\" class=\"aligncenter size-full wp-image-157476\" src=\"https:\/\/diarioregionaldigital.com.br\/wp-content\/uploads\/2020\/03\/anuncio67.jpg\" alt=\"\" width=\"3519\" height=\"1336\" srcset=\"https:\/\/diarioregionaldigital.com.br\/wp-content\/uploads\/2020\/03\/anuncio67.jpg 3519w, https:\/\/diarioregionaldigital.com.br\/wp-content\/uploads\/2020\/03\/anuncio67-300x114.jpg 300w, https:\/\/diarioregionaldigital.com.br\/wp-content\/uploads\/2020\/03\/anuncio67-768x292.jpg 768w, https:\/\/diarioregionaldigital.com.br\/wp-content\/uploads\/2020\/03\/anuncio67-1024x389.jpg 1024w, https:\/\/diarioregionaldigital.com.br\/wp-content\/uploads\/2020\/03\/anuncio67-360x137.jpg 360w\" sizes=\"auto, (max-width: 3519px) 100vw, 3519px\" \/><\/p>\n","protected":false},"excerpt":{"rendered":"<p>T\u00f3quio-2020 Caso o surto de Coronav\u00edrus n\u00e3o seja controlado dentro dos pr\u00f3ximo meses at\u00e9 a abertura da olimp\u00edada, algumas medidas poderiam se tomadas para garantir a seguran\u00e7a de p\u00fablico. Algumas, por\u00e9m parecem muito longe de serem fact\u00edveis. A perspectiva de cancelamento parece quase impens\u00e1vel, mas caso o v\u00edrus avance vai ter que cancelar. Foi cancelada [&hellip;]<\/p>\n","protected":false},"author":96,"featured_media":157463,"comment_status":"closed","ping_status":"closed","sticky":false,"template":"","format":"standard","meta":{"footnotes":""},"categories":[264],"tags":[],"class_list":["post-157475","post","type-post","status-publish","format-standard","has-post-thumbnail","hentry","category-eduardo-gomes"],"_links":{"self":[{"href":"https:\/\/diarioregionaldigital.com.br\/index.php?rest_route=\/wp\/v2\/posts\/157475","targetHints":{"allow":["GET"]}}],"collection":[{"href":"https:\/\/diarioregionaldigital.com.br\/index.php?rest_route=\/wp\/v2\/posts"}],"about":[{"href":"https:\/\/diarioregionaldigital.com.br\/index.php?rest_route=\/wp\/v2\/types\/post"}],"author":[{"embeddable":true,"href":"https:\/\/diarioregionaldigital.com.br\/index.php?rest_route=\/wp\/v2\/users\/96"}],"replies":[{"embeddable":true,"href":"https:\/\/diarioregionaldigital.com.br\/index.php?rest_route=%2Fwp%2Fv2%2Fcomments&post=157475"}],"version-history":[{"count":0,"href":"https:\/\/diarioregionaldigital.com.br\/index.php?rest_route=\/wp\/v2\/posts\/157475\/revisions"}],"wp:featuredmedia":[{"embeddable":true,"href":"https:\/\/diarioregionaldigital.com.br\/index.php?rest_route=\/wp\/v2\/media\/157463"}],"wp:attachment":[{"href":"https:\/\/diarioregionaldigital.com.br\/index.php?rest_route=%2Fwp%2Fv2%2Fmedia&parent=157475"}],"wp:term":[{"taxonomy":"category","embeddable":true,"href":"https:\/\/diarioregionaldigital.com.br\/index.php?rest_route=%2Fwp%2Fv2%2Fcategories&post=157475"},{"taxonomy":"post_tag","embeddable":true,"href":"https:\/\/diarioregionaldigital.com.br\/index.php?rest_route=%2Fwp%2Fv2%2Ftags&post=157475"}],"curies":[{"name":"wp","href":"https:\/\/api.w.org\/{rel}","templated":true}]}}